{"id":212398,"date":"2018-09-14T12:33:55","date_gmt":"2018-09-14T10:33:55","guid":{"rendered":"https:\/\/postcardsfromvalencia.com\/?p=212398"},"modified":"2023-04-10T09:57:22","modified_gmt":"2023-04-10T07:57:22","slug":"asturias-here-we-come","status":"publish","type":"post","link":"https:\/\/suitcaseinspain.com\/es\/asturias-here-we-come\/","title":{"rendered":"Asturias, here we come!"},"content":{"rendered":"<p>[et_pb_section fb_built=&#8221;1&#8243; _builder_version=&#8221;4.20.0&#8243; _module_preset=&#8221;default&#8221; da_disable_devices=&#8221;off|off|off&#8221; global_colors_info=&#8221;{}&#8221; da_is_popup=&#8221;off&#8221; da_exit_intent=&#8221;off&#8221; da_has_close=&#8221;on&#8221; da_alt_close=&#8221;off&#8221; da_dark_close=&#8221;off&#8221; da_not_modal=&#8221;on&#8221; da_is_singular=&#8221;off&#8221; da_with_loader=&#8221;off&#8221; da_has_shadow=&#8221;on&#8221;][et_pb_row admin_label=&#8221;Row&#8221; _builder_version=&#8221;4.17.4&#8243; _module_preset=&#8221;default&#8221; width=&#8221;100%&#8221; custom_padding=&#8221;26px||1px|||&#8221; global_colors_info=&#8221;{}&#8221;][et_pb_column type=&#8221;4_4&#8243; _builder_version=&#8221;4.17.4&#8243; _module_preset=&#8221;default&#8221; global_colors_info=&#8221;{}&#8221;][et_pb_text _builder_version=&#8221;4.20.0&#8243; _module_preset=&#8221;default&#8221; global_colors_info=&#8221;{}&#8221;]<\/p>\n<p>Asturias, an unexpected surprise filled with postcard pretty villages lost in time.<\/p>\n<p>August 2018 was our first time Asturias so we decided to take advantage and arrive a couple of days earlier than our volunteer program was supposed to start.\u00a0 That way, we had time to do some sightseeing. Click on the name of each location so you can see some pictures from our Asturian Adventure!<\/p>\n<p>[\/et_pb_text][et_pb_text admin_label=&#8221;TOC&#8221; _builder_version=&#8221;4.17.4&#8243; _module_preset=&#8221;default&#8221; custom_css_main_element=&#8221;text-align: -webkit-center!important;&#8221; global_colors_info=&#8221;{}&#8221;]<div id=\"ez-toc-container\" class=\"ez-toc-v2_0_82_2 ez-toc-wrap-center counter-hierarchy ez-toc-counter ez-toc-custom ez-toc-container-direction\">\n<p class=\"ez-toc-title\" style=\"cursor:inherit\">Table of Contents<\/p>\n<label for=\"ez-toc-cssicon-toggle-item-69f2b33baaa42\" class=\"ez-toc-cssicon-toggle-label\"><span class=\"ez-toc-cssicon\"><span class=\"eztoc-hide\" style=\"display:none;\">Toggle<\/span><span class=\"ez-toc-icon-toggle-span\"><svg style=\"fill: #ffffff;color:#ffffff\" xmlns=\"http:\/\/www.w3.org\/2000\/svg\" class=\"list-377408\" width=\"20px\" height=\"20px\" viewBox=\"0 0 24 24\" fill=\"none\"><path d=\"M6 6H4v2h2V6zm14 0H8v2h12V6zM4 11h2v2H4v-2zm16 0H8v2h12v-2zM4 16h2v2H4v-2zm16 0H8v2h12v-2z\" fill=\"currentColor\"><\/path><\/svg><svg style=\"fill: #ffffff;color:#ffffff\" class=\"arrow-unsorted-368013\" xmlns=\"http:\/\/www.w3.org\/2000\/svg\" width=\"10px\" height=\"10px\" viewBox=\"0 0 24 24\" version=\"1.2\" baseProfile=\"tiny\"><path d=\"M18.2 9.3l-6.2-6.3-6.2 6.3c-.2.2-.3.4-.3.7s.1.5.3.7c.2.2.4.3.7.3h11c.3 0 .5-.1.7-.3.2-.2.3-.5.3-.7s-.1-.5-.3-.7zM5.8 14.7l6.2 6.3 6.2-6.3c.2-.2.3-.5.3-.7s-.1-.5-.3-.7c-.2-.2-.4-.3-.7-.3h-11c-.3 0-.5.1-.7.3-.2.2-.3.5-.3.7s.1.5.3.7z\"\/><\/svg><\/span><\/span><\/label><input type=\"checkbox\"  id=\"ez-toc-cssicon-toggle-item-69f2b33baaa42\" checked aria-label=\"Alternar\" \/><nav><ul class='ez-toc-list ez-toc-list-level-1 ' ><li class='ez-toc-page-1 ez-toc-heading-level-4'><a class=\"ez-toc-link ez-toc-heading-1\" href=\"https:\/\/suitcaseinspain.com\/es\/asturias-here-we-come\/#Oviedo_the_capital_city_of_Asturias\" >Oviedo, the capital city of Asturias.<\/a><\/li><li class='ez-toc-page-1 ez-toc-heading-level-4'><a class=\"ez-toc-link ez-toc-heading-2\" href=\"https:\/\/suitcaseinspain.com\/es\/asturias-here-we-come\/#Gijon_largest_coastal_city_in_Asturias\" >Gijon, largest coastal city in Asturias.<\/a><\/li><li class='ez-toc-page-1 ez-toc-heading-level-4'><a class=\"ez-toc-link ez-toc-heading-3\" href=\"https:\/\/suitcaseinspain.com\/es\/asturias-here-we-come\/#Palacio_de_Rubianes_Hotel_Golf_Cereceda\" >Palacio de Rubianes, Hotel &amp; Golf, Cereceda<\/a><\/li><li class='ez-toc-page-1 ez-toc-heading-level-4'><a class=\"ez-toc-link ez-toc-heading-4\" href=\"https:\/\/suitcaseinspain.com\/es\/asturias-here-we-come\/#Cudillero_the_prettiest_seaside_village_in_Spain\" >Cudillero, the prettiest seaside village in Spain!<\/a><\/li><li class='ez-toc-page-1 ez-toc-heading-level-4'><a class=\"ez-toc-link ez-toc-heading-5\" href=\"https:\/\/suitcaseinspain.com\/es\/asturias-here-we-come\/#Covadonga\" >Covadonga<\/a><\/li><li class='ez-toc-page-1 ez-toc-heading-level-4'><a class=\"ez-toc-link ez-toc-heading-6\" href=\"https:\/\/suitcaseinspain.com\/es\/asturias-here-we-come\/#Cangas_de_Onis\" >Cangas de Onis<\/a><\/li><li class='ez-toc-page-1 ez-toc-heading-level-4'><a class=\"ez-toc-link ez-toc-heading-7\" href=\"https:\/\/suitcaseinspain.com\/es\/asturias-here-we-come\/#Mirador_del_Fitu\" >Mirador del Fitu<\/a><\/li><li class='ez-toc-page-1 ez-toc-heading-level-4'><a class=\"ez-toc-link ez-toc-heading-8\" href=\"https:\/\/suitcaseinspain.com\/es\/asturias-here-we-come\/#Ribadesella\" >Ribadesella<\/a><\/li><li class='ez-toc-page-1 ez-toc-heading-level-4'><a class=\"ez-toc-link ez-toc-heading-9\" href=\"https:\/\/suitcaseinspain.com\/es\/asturias-here-we-come\/#Salinas_an_accessible_seaside_beach_resort\" >Salinas, an accessible seaside beach resort<\/a><\/li><li class='ez-toc-page-1 ez-toc-heading-level-4'><a class=\"ez-toc-link ez-toc-heading-10\" href=\"https:\/\/suitcaseinspain.com\/es\/asturias-here-we-come\/#Cabo_de_Penas_the_most_northern_point_in_Asturias_with_breathtaking_views\" >Cabo de Pe\u00f1as, the most northern point in Asturias with breathtaking views<\/a><\/li><li class='ez-toc-page-1 ez-toc-heading-level-4'><a class=\"ez-toc-link ez-toc-heading-11\" href=\"https:\/\/suitcaseinspain.com\/es\/asturias-here-we-come\/#Monte_Naranco_offering_a_spectacular_view_of_Oviedo\" >Monte Naranco, offering a spectacular view of Oviedo<\/a><\/li><\/ul><\/nav><\/div>\n[\/et_pb_text][et_pb_text disabled_on=&#8221;on|on|on&#8221; admin_label=&#8221;TOC&#8221; _builder_version=&#8221;4.17.4&#8243; _module_preset=&#8221;default&#8221; custom_css_main_element=&#8221;text-align: -webkit-center!important;&#8221; disabled=&#8221;on&#8221; global_colors_info=&#8221;{}&#8221;]<div id=\"ez-toc-container\" class=\"ez-toc-v2_0_82_2 ez-toc-wrap-center counter-hierarchy ez-toc-counter ez-toc-custom ez-toc-container-direction\">\n<p class=\"ez-toc-title\" style=\"cursor:inherit\">Table of Contents<\/p>\n<label for=\"ez-toc-cssicon-toggle-item-69f2b33baae77\" class=\"ez-toc-cssicon-toggle-label\"><span class=\"ez-toc-cssicon\"><span class=\"eztoc-hide\" style=\"display:none;\">Toggle<\/span><span class=\"ez-toc-icon-toggle-span\"><svg style=\"fill: #ffffff;color:#ffffff\" xmlns=\"http:\/\/www.w3.org\/2000\/svg\" class=\"list-377408\" width=\"20px\" height=\"20px\" viewBox=\"0 0 24 24\" fill=\"none\"><path d=\"M6 6H4v2h2V6zm14 0H8v2h12V6zM4 11h2v2H4v-2zm16 0H8v2h12v-2zM4 16h2v2H4v-2zm16 0H8v2h12v-2z\" fill=\"currentColor\"><\/path><\/svg><svg style=\"fill: #ffffff;color:#ffffff\" class=\"arrow-unsorted-368013\" xmlns=\"http:\/\/www.w3.org\/2000\/svg\" width=\"10px\" height=\"10px\" viewBox=\"0 0 24 24\" version=\"1.2\" baseProfile=\"tiny\"><path d=\"M18.2 9.3l-6.2-6.3-6.2 6.3c-.2.2-.3.4-.3.7s.1.5.3.7c.2.2.4.3.7.3h11c.3 0 .5-.1.7-.3.2-.2.3-.5.3-.7s-.1-.5-.3-.7zM5.8 14.7l6.2 6.3 6.2-6.3c.2-.2.3-.5.3-.7s-.1-.5-.3-.7c-.2-.2-.4-.3-.7-.3h-11c-.3 0-.5.1-.7.3-.2.2-.3.5-.3.7s.1.5.3.7z\"\/><\/svg><\/span><\/span><\/label><input type=\"checkbox\"  id=\"ez-toc-cssicon-toggle-item-69f2b33baae77\" checked aria-label=\"Alternar\" \/><nav><ul class='ez-toc-list ez-toc-list-level-1 ' ><li class='ez-toc-page-1 ez-toc-heading-level-4'><a class=\"ez-toc-link ez-toc-heading-1\" href=\"https:\/\/suitcaseinspain.com\/es\/asturias-here-we-come\/#Oviedo_the_capital_city_of_Asturias\" >Oviedo, the capital city of Asturias.<\/a><\/li><li class='ez-toc-page-1 ez-toc-heading-level-4'><a class=\"ez-toc-link ez-toc-heading-2\" href=\"https:\/\/suitcaseinspain.com\/es\/asturias-here-we-come\/#Gijon_largest_coastal_city_in_Asturias\" >Gijon, largest coastal city in Asturias.<\/a><\/li><li class='ez-toc-page-1 ez-toc-heading-level-4'><a class=\"ez-toc-link ez-toc-heading-3\" href=\"https:\/\/suitcaseinspain.com\/es\/asturias-here-we-come\/#Palacio_de_Rubianes_Hotel_Golf_Cereceda\" >Palacio de Rubianes, Hotel &amp; Golf, Cereceda<\/a><\/li><li class='ez-toc-page-1 ez-toc-heading-level-4'><a class=\"ez-toc-link ez-toc-heading-4\" href=\"https:\/\/suitcaseinspain.com\/es\/asturias-here-we-come\/#Cudillero_the_prettiest_seaside_village_in_Spain\" >Cudillero, the prettiest seaside village in Spain!<\/a><\/li><li class='ez-toc-page-1 ez-toc-heading-level-4'><a class=\"ez-toc-link ez-toc-heading-5\" href=\"https:\/\/suitcaseinspain.com\/es\/asturias-here-we-come\/#Covadonga\" >Covadonga<\/a><\/li><li class='ez-toc-page-1 ez-toc-heading-level-4'><a class=\"ez-toc-link ez-toc-heading-6\" href=\"https:\/\/suitcaseinspain.com\/es\/asturias-here-we-come\/#Cangas_de_Onis\" >Cangas de Onis<\/a><\/li><li class='ez-toc-page-1 ez-toc-heading-level-4'><a class=\"ez-toc-link ez-toc-heading-7\" href=\"https:\/\/suitcaseinspain.com\/es\/asturias-here-we-come\/#Mirador_del_Fitu\" >Mirador del Fitu<\/a><\/li><li class='ez-toc-page-1 ez-toc-heading-level-4'><a class=\"ez-toc-link ez-toc-heading-8\" href=\"https:\/\/suitcaseinspain.com\/es\/asturias-here-we-come\/#Ribadesella\" >Ribadesella<\/a><\/li><li class='ez-toc-page-1 ez-toc-heading-level-4'><a class=\"ez-toc-link ez-toc-heading-9\" href=\"https:\/\/suitcaseinspain.com\/es\/asturias-here-we-come\/#Salinas_an_accessible_seaside_beach_resort\" >Salinas, an accessible seaside beach resort<\/a><\/li><li class='ez-toc-page-1 ez-toc-heading-level-4'><a class=\"ez-toc-link ez-toc-heading-10\" href=\"https:\/\/suitcaseinspain.com\/es\/asturias-here-we-come\/#Cabo_de_Penas_the_most_northern_point_in_Asturias_with_breathtaking_views\" >Cabo de Pe\u00f1as, the most northern point in Asturias with breathtaking views<\/a><\/li><li class='ez-toc-page-1 ez-toc-heading-level-4'><a class=\"ez-toc-link ez-toc-heading-11\" href=\"https:\/\/suitcaseinspain.com\/es\/asturias-here-we-come\/#Monte_Naranco_offering_a_spectacular_view_of_Oviedo\" >Monte Naranco, offering a spectacular view of Oviedo<\/a><\/li><\/ul><\/nav><\/div>\n[\/et_pb_text][et_pb_text admin_label=&#8221;Heading 2&#8243; _builder_version=&#8221;4.20.0&#8243; _module_preset=&#8221;default&#8221; custom_margin=&#8221;||1em||false|false&#8221; global_colors_info=&#8221;{}&#8221;]<\/p>\n<h4><span class=\"ez-toc-section\" id=\"Oviedo_the_capital_city_of_Asturias\"><\/span>Oviedo, the capital city of Asturias.<span class=\"ez-toc-section-end\"><\/span><\/h4>\n<p>Our home base for the next few days was Oviedo, the capital city of Asturias. What a surprise to see this city adapt an open-air gallery vibe with over 100 sculptures planted all around the city. We had the chance to see 22 of these incredible sculptures during this trip along with some <a href=\"https:\/\/suitcaseinspain.com\/oviedo-asturias\/\" target=\"_blank\" rel=\"noopener\">gorgeous buildings<\/a>.\u00a0<\/p>\n<p>[\/et_pb_text][\/et_pb_column][\/et_pb_row][et_pb_row column_structure=&#8221;1_3,1_3,1_3&#8243; _builder_version=&#8221;4.20.0&#8243; background_color=&#8221;#ffffff&#8221; width=&#8221;100%&#8221; custom_padding=&#8221;30px|30px||30px&#8221; global_colors_info=&#8221;{}&#8221;][et_pb_column type=&#8221;1_3&#8243; _builder_version=&#8221;4.16&#8243; custom_padding=&#8221;|||&#8221; global_colors_info=&#8221;{}&#8221; custom_padding__hover=&#8221;|||&#8221;][et_pb_image src=&#8221;https:\/\/suitcaseinspain.com\/wp-content\/uploads\/2018\/09\/Plaza-Mayor-Oviedo.jpg&#8221; align_tablet=&#8221;center&#8221; align_phone=&#8221;&#8221; align_last_edited=&#8221;on|desktop&#8221; admin_label=&#8221;Plaza Mayor&#8221; _builder_version=&#8221;4.16&#8243; global_colors_info=&#8221;{}&#8221;][\/et_pb_image][et_pb_button button_url=&#8221;https:\/\/suitcaseinspain.com\/what-we-love-about-oviedo-asturias\/&#8221; button_text=&#8221;Read more&#8221; _builder_version=&#8221;4.20.0&#8243; _module_preset=&#8221;default&#8221; custom_button=&#8221;on&#8221; button_text_size=&#8221;18px&#8221; button_text_color=&#8221;#D01622&#8243; button_bg_color=&#8221;RGBA(255,255,255,0)&#8221; button_border_color=&#8221;RGBA(255,255,255,0)&#8221; button_icon=&#8221;&#x24;||divi||400&#8243; button_icon_color=&#8221;#D01622&#8243; button_on_hover=&#8221;off&#8221; global_colors_info=&#8221;{}&#8221;][\/et_pb_button][\/et_pb_column][et_pb_column type=&#8221;1_3&#8243; _builder_version=&#8221;4.16&#8243; custom_padding=&#8221;|||&#8221; global_colors_info=&#8221;{}&#8221; custom_padding__hover=&#8221;|||&#8221;][et_pb_image src=&#8221;https:\/\/suitcaseinspain.com\/wp-content\/uploads\/2018\/09\/IMG_20180824_124855560_HDR.jpg&#8221; align_tablet=&#8221;center&#8221; align_phone=&#8221;&#8221; align_last_edited=&#8221;on|desktop&#8221; admin_label=&#8221;Parque San Francisco&#8221; _builder_version=&#8221;4.20.0&#8243; global_colors_info=&#8221;{}&#8221;][\/et_pb_image][\/et_pb_column][et_pb_column type=&#8221;1_3&#8243; _builder_version=&#8221;4.16&#8243; custom_padding=&#8221;|||&#8221; global_colors_info=&#8221;{}&#8221; custom_padding__hover=&#8221;|||&#8221;][et_pb_image src=&#8221;https:\/\/suitcaseinspain.com\/wp-content\/uploads\/2018\/09\/IMG_20180824_134411583.jpg&#8221; align_tablet=&#8221;center&#8221; align_phone=&#8221;&#8221; align_last_edited=&#8221;on|desktop&#8221; admin_label=&#8221;Mercado El Fontan&#8221; _builder_version=&#8221;4.16&#8243; global_colors_info=&#8221;{}&#8221;][\/et_pb_image][\/et_pb_column][\/et_pb_row][et_pb_row _builder_version=&#8221;4.20.0&#8243; _module_preset=&#8221;default&#8221; width=&#8221;100%&#8221; custom_padding=&#8221;28px|||||&#8221; global_colors_info=&#8221;{}&#8221;][et_pb_column type=&#8221;4_4&#8243; _builder_version=&#8221;4.20.0&#8243; _module_preset=&#8221;default&#8221; global_colors_info=&#8221;{}&#8221;][et_pb_text _builder_version=&#8221;4.20.0&#8243; _module_preset=&#8221;default&#8221; global_colors_info=&#8221;{}&#8221;]<\/p>\n<h4><span class=\"ez-toc-section\" id=\"Gijon_largest_coastal_city_in_Asturias\"><\/span>Gijon, largest coastal city in Asturias.<span class=\"ez-toc-section-end\"><\/span><\/h4>\n<p>Next stop was Gijon (Xix\u00f3n in Asturian), a 25 minute bus ride from Oviedo and cost only 2,45 \u20ac \/ per person (one-way) through Alsa Bus. Gijon is the largest city in Asturias and is located on the Bay of Biscay. Amazingly, it&#8217;s history can be dated back somewhere between the 6th and 5th centuries BC.<\/p>\n<p>[\/et_pb_text][\/et_pb_column][\/et_pb_row][et_pb_row column_structure=&#8221;1_3,1_3,1_3&#8243; _builder_version=&#8221;4.20.0&#8243; background_color=&#8221;#ffffff&#8221; width=&#8221;100%&#8221; custom_padding=&#8221;30px|30px||30px&#8221; global_colors_info=&#8221;{}&#8221;][et_pb_column type=&#8221;1_3&#8243; _builder_version=&#8221;4.16&#8243; custom_padding=&#8221;|||&#8221; global_colors_info=&#8221;{}&#8221; custom_padding__hover=&#8221;|||&#8221;][et_pb_image src=&#8221;https:\/\/suitcaseinspain.com\/wp-content\/uploads\/2018\/09\/IMG_20180825_130424985_HDR.jpg&#8221; align_tablet=&#8221;center&#8221; align_phone=&#8221;&#8221; align_last_edited=&#8221;on|desktop&#8221; admin_label=&#8221; Las Letronas&#8221; _builder_version=&#8221;4.16&#8243; global_colors_info=&#8221;{}&#8221;][\/et_pb_image][et_pb_button button_url=&#8221;https:\/\/suitcaseinspain.com\/what-we-love-about-oviedo-asturias\/&#8221; button_text=&#8221;Read more&#8221; disabled_on=&#8221;on|on|on&#8221; _builder_version=&#8221;4.20.0&#8243; _module_preset=&#8221;default&#8221; custom_button=&#8221;on&#8221; button_text_size=&#8221;18px&#8221; button_text_color=&#8221;#D01622&#8243; button_bg_color=&#8221;RGBA(255,255,255,0)&#8221; button_border_color=&#8221;RGBA(255,255,255,0)&#8221; button_icon=&#8221;&#x24;||divi||400&#8243; button_icon_color=&#8221;#D01622&#8243; button_on_hover=&#8221;off&#8221; disabled=&#8221;on&#8221; global_colors_info=&#8221;{}&#8221;][\/et_pb_button][\/et_pb_column][et_pb_column type=&#8221;1_3&#8243; _builder_version=&#8221;4.16&#8243; custom_padding=&#8221;|||&#8221; global_colors_info=&#8221;{}&#8221; custom_padding__hover=&#8221;|||&#8221;][et_pb_image src=&#8221;https:\/\/suitcaseinspain.com\/wp-content\/uploads\/2018\/09\/IMG_20180825_125830977_HDR.jpg&#8221; align_tablet=&#8221;center&#8221; align_phone=&#8221;&#8221; align_last_edited=&#8221;on|desktop&#8221; admin_label=&#8221;Marina&#8221; _builder_version=&#8221;4.16&#8243; global_colors_info=&#8221;{}&#8221;][\/et_pb_image][\/et_pb_column][et_pb_column type=&#8221;1_3&#8243; _builder_version=&#8221;4.16&#8243; custom_padding=&#8221;|||&#8221; global_colors_info=&#8221;{}&#8221; custom_padding__hover=&#8221;|||&#8221;][et_pb_image src=&#8221;https:\/\/suitcaseinspain.com\/wp-content\/uploads\/2018\/09\/IMG_20180825_131711327_HDR.jpg&#8221; align_tablet=&#8221;center&#8221; align_phone=&#8221;&#8221; align_last_edited=&#8221;on|desktop&#8221; admin_label=&#8221;Iglesia de San Pedro&#8221; _builder_version=&#8221;4.16&#8243; global_colors_info=&#8221;{}&#8221;][\/et_pb_image][\/et_pb_column][\/et_pb_row][et_pb_row _builder_version=&#8221;4.20.0&#8243; _module_preset=&#8221;default&#8221; width=&#8221;100%&#8221; custom_padding=&#8221;28px|||||&#8221; global_colors_info=&#8221;{}&#8221;][et_pb_column type=&#8221;4_4&#8243; _builder_version=&#8221;4.20.0&#8243; _module_preset=&#8221;default&#8221; global_colors_info=&#8221;{}&#8221;][et_pb_text _builder_version=&#8221;4.20.0&#8243; _module_preset=&#8221;default&#8221; global_colors_info=&#8221;{}&#8221;]<\/p>\n<h4><span class=\"ez-toc-section\" id=\"Palacio_de_Rubianes_Hotel_Golf_Cereceda\"><\/span>Palacio de Rubianes, Hotel &amp; Golf, Cereceda<span class=\"ez-toc-section-end\"><\/span><\/h4>\n<p>Here, we began our week of volunteering as Native English speakers with English Getaway. Read more about our experience here.<\/p>\n<p>Once our week was over, we were invited to spend a few days with Sergio and his beautiful wife, Cristina. They were very gracious hosts and took us around the best spots in Asturias.<\/p>\n<p>[\/et_pb_text][\/et_pb_column][\/et_pb_row][et_pb_row column_structure=&#8221;1_3,1_3,1_3&#8243; _builder_version=&#8221;4.20.0&#8243; background_color=&#8221;#ffffff&#8221; width=&#8221;100%&#8221; custom_padding=&#8221;30px|30px||30px&#8221; global_colors_info=&#8221;{}&#8221;][et_pb_column type=&#8221;1_3&#8243; _builder_version=&#8221;4.16&#8243; custom_padding=&#8221;|||&#8221; global_colors_info=&#8221;{}&#8221; custom_padding__hover=&#8221;|||&#8221;][et_pb_image src=&#8221;https:\/\/suitcaseinspain.com\/wp-content\/uploads\/2018\/09\/IMG_20180827_100757211_HDR.jpg&#8221; align_tablet=&#8221;center&#8221; align_phone=&#8221;&#8221; align_last_edited=&#8221;on|desktop&#8221; admin_label=&#8221;Palacio&#8221; _builder_version=&#8221;4.16&#8243; global_colors_info=&#8221;{}&#8221;][\/et_pb_image][et_pb_button button_url=&#8221;https:\/\/suitcaseinspain.com\/what-we-love-about-oviedo-asturias\/&#8221; button_text=&#8221;Read more&#8221; disabled_on=&#8221;on|on|on&#8221; _builder_version=&#8221;4.20.0&#8243; _module_preset=&#8221;default&#8221; custom_button=&#8221;on&#8221; button_text_size=&#8221;18px&#8221; button_text_color=&#8221;#D01622&#8243; button_bg_color=&#8221;RGBA(255,255,255,0)&#8221; button_border_color=&#8221;RGBA(255,255,255,0)&#8221; button_icon=&#8221;&#x24;||divi||400&#8243; button_icon_color=&#8221;#D01622&#8243; button_on_hover=&#8221;off&#8221; disabled=&#8221;on&#8221; global_colors_info=&#8221;{}&#8221;][\/et_pb_button][\/et_pb_column][et_pb_column type=&#8221;1_3&#8243; _builder_version=&#8221;4.16&#8243; custom_padding=&#8221;|||&#8221; global_colors_info=&#8221;{}&#8221; custom_padding__hover=&#8221;|||&#8221;][et_pb_image src=&#8221;https:\/\/suitcaseinspain.com\/wp-content\/uploads\/2018\/09\/IMG_20180828_204049288_HDR-1.jpg&#8221; align_tablet=&#8221;center&#8221; align_phone=&#8221;&#8221; align_last_edited=&#8221;on|desktop&#8221; admin_label=&#8221;Palacio de Rubianes&#8221; _builder_version=&#8221;4.16&#8243; global_colors_info=&#8221;{}&#8221;][\/et_pb_image][\/et_pb_column][et_pb_column type=&#8221;1_3&#8243; _builder_version=&#8221;4.16&#8243; custom_padding=&#8221;|||&#8221; global_colors_info=&#8221;{}&#8221; custom_padding__hover=&#8221;|||&#8221;][et_pb_image src=&#8221;https:\/\/suitcaseinspain.com\/wp-content\/uploads\/2018\/09\/IMG_20180827_102030060_HDR.jpg&#8221; align_tablet=&#8221;center&#8221; align_phone=&#8221;&#8221; align_last_edited=&#8221;on|desktop&#8221; admin_label=&#8221;Horreo&#8221; _builder_version=&#8221;4.16&#8243; global_colors_info=&#8221;{}&#8221;][\/et_pb_image][\/et_pb_column][\/et_pb_row][et_pb_row _builder_version=&#8221;4.20.0&#8243; _module_preset=&#8221;default&#8221; width=&#8221;100%&#8221; custom_padding=&#8221;35px|||||&#8221; global_colors_info=&#8221;{}&#8221;][et_pb_column type=&#8221;4_4&#8243; _builder_version=&#8221;4.20.0&#8243; _module_preset=&#8221;default&#8221; global_colors_info=&#8221;{}&#8221;][et_pb_text _builder_version=&#8221;4.20.0&#8243; _module_preset=&#8221;default&#8221; global_colors_info=&#8221;{}&#8221;]<\/p>\n<h4><span class=\"ez-toc-section\" id=\"Cudillero_the_prettiest_seaside_village_in_Spain\"><\/span>Cudillero, the prettiest seaside village in Spain!<span class=\"ez-toc-section-end\"><\/span><\/h4>\n<p>A picture-perfect coastal village where the inhabitants speak Spanish and a dialect called Pixueto. We think that Cudillero is Spain\u2019s prettiest seaside village.<\/p>\n<p>The Northern Way (Camino de la Costa) route of El Camino de Santiago (The Way of Saint James), passes through Cudillero.<\/p>\n<p>[\/et_pb_text][\/et_pb_column][\/et_pb_row][et_pb_row column_structure=&#8221;1_3,1_3,1_3&#8243; _builder_version=&#8221;4.20.0&#8243; background_color=&#8221;#ffffff&#8221; width=&#8221;100%&#8221; custom_padding=&#8221;30px|30px||30px&#8221; global_colors_info=&#8221;{}&#8221;][et_pb_column type=&#8221;1_3&#8243; _builder_version=&#8221;4.16&#8243; custom_padding=&#8221;|||&#8221; global_colors_info=&#8221;{}&#8221; custom_padding__hover=&#8221;|||&#8221;][et_pb_image src=&#8221;https:\/\/suitcaseinspain.com\/wp-content\/uploads\/2018\/09\/overlooking-the-village.jpg&#8221; align_tablet=&#8221;center&#8221; align_phone=&#8221;&#8221; align_last_edited=&#8221;on|desktop&#8221; admin_label=&#8221;picture postcard&#8221; _builder_version=&#8221;4.16&#8243; global_colors_info=&#8221;{}&#8221;][\/et_pb_image][et_pb_button button_url=&#8221;https:\/\/suitcaseinspain.com\/what-we-love-about-oviedo-asturias\/&#8221; button_text=&#8221;Read more&#8221; disabled_on=&#8221;on|on|on&#8221; _builder_version=&#8221;4.20.0&#8243; _module_preset=&#8221;default&#8221; custom_button=&#8221;on&#8221; button_text_size=&#8221;18px&#8221; button_text_color=&#8221;#D01622&#8243; button_bg_color=&#8221;RGBA(255,255,255,0)&#8221; button_border_color=&#8221;RGBA(255,255,255,0)&#8221; button_icon=&#8221;&#x24;||divi||400&#8243; button_icon_color=&#8221;#D01622&#8243; button_on_hover=&#8221;off&#8221; disabled=&#8221;on&#8221; global_colors_info=&#8221;{}&#8221;][\/et_pb_button][\/et_pb_column][et_pb_column type=&#8221;1_3&#8243; _builder_version=&#8221;4.16&#8243; custom_padding=&#8221;|||&#8221; global_colors_info=&#8221;{}&#8221; custom_padding__hover=&#8221;|||&#8221;][et_pb_image src=&#8221;https:\/\/suitcaseinspain.com\/wp-content\/uploads\/2018\/09\/IMG_20180831_182915112_HDR.jpg&#8221; align_tablet=&#8221;center&#8221; align_phone=&#8221;&#8221; align_last_edited=&#8221;on|desktop&#8221; admin_label=&#8221;port&#8221; _builder_version=&#8221;4.16&#8243; global_colors_info=&#8221;{}&#8221;][\/et_pb_image][\/et_pb_column][et_pb_column type=&#8221;1_3&#8243; _builder_version=&#8221;4.16&#8243; custom_padding=&#8221;|||&#8221; global_colors_info=&#8221;{}&#8221; custom_padding__hover=&#8221;|||&#8221;][et_pb_image src=&#8221;https:\/\/suitcaseinspain.com\/wp-content\/uploads\/2018\/09\/village.jpg&#8221; align_tablet=&#8221;center&#8221; align_phone=&#8221;&#8221; align_last_edited=&#8221;on|desktop&#8221; admin_label=&#8221;village&#8221; _builder_version=&#8221;4.16&#8243; global_colors_info=&#8221;{}&#8221;][\/et_pb_image][\/et_pb_column][\/et_pb_row][et_pb_row _builder_version=&#8221;4.20.0&#8243; _module_preset=&#8221;default&#8221; width=&#8221;100%&#8221; custom_margin=&#8221;35px||||false|false&#8221; custom_padding=&#8221;||||false|false&#8221; global_colors_info=&#8221;{}&#8221;][et_pb_column type=&#8221;4_4&#8243; _builder_version=&#8221;4.20.0&#8243; _module_preset=&#8221;default&#8221; global_colors_info=&#8221;{}&#8221;][et_pb_text _builder_version=&#8221;4.20.0&#8243; _module_preset=&#8221;default&#8221; global_colors_info=&#8221;{}&#8221;]<\/p>\n<h4><span class=\"ez-toc-section\" id=\"Covadonga\"><\/span>Covadonga<span class=\"ez-toc-section-end\"><\/span><\/h4>\n<p>Covadonga is located in the Picos de Europa mountains. It is a\u00a0pilgrimage site dedicated to Our Lady of Covadonga.\u00a0 In the 8th Century, Covadonga was honored as the\u00a0Origin of the first Christian kingdom on the Iberian peninsula.<\/p>\n<p>[\/et_pb_text][\/et_pb_column][\/et_pb_row][et_pb_row column_structure=&#8221;1_3,1_3,1_3&#8243; _builder_version=&#8221;4.20.0&#8243; background_color=&#8221;#ffffff&#8221; width=&#8221;100%&#8221; custom_padding=&#8221;30px|30px||30px&#8221; global_colors_info=&#8221;{}&#8221;][et_pb_column type=&#8221;1_3&#8243; _builder_version=&#8221;4.16&#8243; custom_padding=&#8221;|||&#8221; global_colors_info=&#8221;{}&#8221; custom_padding__hover=&#8221;|||&#8221;][et_pb_image src=&#8221;https:\/\/suitcaseinspain.com\/wp-content\/uploads\/2018\/09\/IMG_20180901_124149127.jpg&#8221; align_tablet=&#8221;center&#8221; align_phone=&#8221;&#8221; align_last_edited=&#8221;on|desktop&#8221; admin_label=&#8221;Bas\u00edlica de Santa Mar\u00eda la Real de Covadonga&#8221; _builder_version=&#8221;4.16&#8243; global_colors_info=&#8221;{}&#8221;][\/et_pb_image][et_pb_button button_url=&#8221;https:\/\/suitcaseinspain.com\/what-we-love-about-oviedo-asturias\/&#8221; button_text=&#8221;Read more&#8221; disabled_on=&#8221;on|on|on&#8221; _builder_version=&#8221;4.20.0&#8243; _module_preset=&#8221;default&#8221; custom_button=&#8221;on&#8221; button_text_size=&#8221;18px&#8221; button_text_color=&#8221;#D01622&#8243; button_bg_color=&#8221;RGBA(255,255,255,0)&#8221; button_border_color=&#8221;RGBA(255,255,255,0)&#8221; button_icon=&#8221;&#x24;||divi||400&#8243; button_icon_color=&#8221;#D01622&#8243; button_on_hover=&#8221;off&#8221; disabled=&#8221;on&#8221; global_colors_info=&#8221;{}&#8221;][\/et_pb_button][\/et_pb_column][et_pb_column type=&#8221;1_3&#8243; _builder_version=&#8221;4.16&#8243; custom_padding=&#8221;|||&#8221; global_colors_info=&#8221;{}&#8221; custom_padding__hover=&#8221;|||&#8221;][et_pb_image src=&#8221;https:\/\/suitcaseinspain.com\/wp-content\/uploads\/2018\/09\/IMG_20180901_114702756.jpg&#8221; align_tablet=&#8221;center&#8221; align_phone=&#8221;&#8221; align_last_edited=&#8221;on|desktop&#8221; admin_label=&#8221;inside basicalla Covadonga&#8221; _builder_version=&#8221;4.16&#8243; global_colors_info=&#8221;{}&#8221;][\/et_pb_image][\/et_pb_column][et_pb_column type=&#8221;1_3&#8243; _builder_version=&#8221;4.16&#8243; custom_padding=&#8221;|||&#8221; global_colors_info=&#8221;{}&#8221; custom_padding__hover=&#8221;|||&#8221;][et_pb_image src=&#8221;https:\/\/suitcaseinspain.com\/wp-content\/uploads\/2018\/09\/IMG_20180901_114854486.jpg&#8221; align_tablet=&#8221;center&#8221; align_phone=&#8221;&#8221; align_last_edited=&#8221;on|desktop&#8221; admin_label=&#8221;Covadonga sign&#8221; _builder_version=&#8221;4.16&#8243; global_colors_info=&#8221;{}&#8221;][\/et_pb_image][\/et_pb_column][\/et_pb_row][et_pb_row _builder_version=&#8221;4.20.0&#8243; _module_preset=&#8221;default&#8221; width=&#8221;100%&#8221; custom_margin=&#8221;35px||||false|false&#8221; custom_padding=&#8221;||||false|false&#8221; global_colors_info=&#8221;{}&#8221;][et_pb_column type=&#8221;4_4&#8243; _builder_version=&#8221;4.20.0&#8243; _module_preset=&#8221;default&#8221; global_colors_info=&#8221;{}&#8221;][et_pb_text _builder_version=&#8221;4.20.0&#8243; _module_preset=&#8221;default&#8221; global_colors_info=&#8221;{}&#8221;]<\/p>\n<h4><span class=\"ez-toc-section\" id=\"Cangas_de_Onis\"><\/span>Cangas de Onis<span class=\"ez-toc-section-end\"><\/span><\/h4>\n<p>Cangas de On\u00eds, is the capital city of the area of the same name. It sits in the valley between the rivers Sella and G\u00fce\u00f1a. It is famous for its 5-arched Roman Bridge that spans the Sella River.<\/p>\n<p>[\/et_pb_text][\/et_pb_column][\/et_pb_row][et_pb_row column_structure=&#8221;1_3,1_3,1_3&#8243; _builder_version=&#8221;4.20.0&#8243; background_color=&#8221;#ffffff&#8221; width=&#8221;100%&#8221; custom_padding=&#8221;30px|30px||30px&#8221; global_colors_info=&#8221;{}&#8221;][et_pb_column type=&#8221;1_3&#8243; _builder_version=&#8221;4.16&#8243; custom_padding=&#8221;|||&#8221; global_colors_info=&#8221;{}&#8221; custom_padding__hover=&#8221;|||&#8221;][et_pb_image src=&#8221;https:\/\/suitcaseinspain.com\/wp-content\/uploads\/2018\/09\/IMG_20180901_130502787_HDR.jpg&#8221; align_tablet=&#8221;center&#8221; align_phone=&#8221;&#8221; align_last_edited=&#8221;on|desktop&#8221; admin_label=&#8221;roman bridge above&#8221; _builder_version=&#8221;4.16&#8243; global_colors_info=&#8221;{}&#8221;][\/et_pb_image][\/et_pb_column][et_pb_column type=&#8221;1_3&#8243; _builder_version=&#8221;4.16&#8243; custom_padding=&#8221;|||&#8221; global_colors_info=&#8221;{}&#8221; custom_padding__hover=&#8221;|||&#8221;][et_pb_image src=&#8221;https:\/\/suitcaseinspain.com\/wp-content\/uploads\/2018\/09\/IMG_20180901_130646294_HDR.jpg&#8221; align_tablet=&#8221;center&#8221; align_phone=&#8221;&#8221; align_last_edited=&#8221;on|desktop&#8221; admin_label=&#8221;bridge 2&#8243; _builder_version=&#8221;4.16&#8243; global_colors_info=&#8221;{}&#8221;][\/et_pb_image][\/et_pb_column][et_pb_column type=&#8221;1_3&#8243; _builder_version=&#8221;4.16&#8243; custom_padding=&#8221;|||&#8221; global_colors_info=&#8221;{}&#8221; custom_padding__hover=&#8221;|||&#8221;][et_pb_image src=&#8221;https:\/\/suitcaseinspain.com\/wp-content\/uploads\/2018\/09\/IMG_20180901_130514725_HDR.jpg&#8221; align_tablet=&#8221;center&#8221; align_phone=&#8221;&#8221; align_last_edited=&#8221;on|desktop&#8221; admin_label=&#8221;village&#8221; _builder_version=&#8221;4.16&#8243; global_colors_info=&#8221;{}&#8221;][\/et_pb_image][\/et_pb_column][\/et_pb_row][et_pb_row _builder_version=&#8221;4.20.0&#8243; _module_preset=&#8221;default&#8221; width=&#8221;100%&#8221; custom_margin=&#8221;35px||||false|false&#8221; custom_padding=&#8221;||||false|false&#8221; global_colors_info=&#8221;{}&#8221;][et_pb_column type=&#8221;4_4&#8243; _builder_version=&#8221;4.20.0&#8243; _module_preset=&#8221;default&#8221; global_colors_info=&#8221;{}&#8221;][et_pb_text _builder_version=&#8221;4.20.0&#8243; _module_preset=&#8221;default&#8221; global_colors_info=&#8221;{}&#8221;]<\/p>\n<h4><span class=\"ez-toc-section\" id=\"Mirador_del_Fitu\"><\/span>Mirador del Fitu<span class=\"ez-toc-section-end\"><\/span><\/h4>\n<p>The Mirador del Fitu can be found on the famous hills of the Sierra del Sueve. This viewpoint looks like some kind of flying saucer, suspended a few meters above ground where a set of stairs are deployed to step on the ground. The locals know it as &#8220;the cazu&#8221; because it is shaped like a cup. It was inaugurated in 1927 with the idea that tourists can have the best visual experience with trees in between.<\/p>\n<p>[\/et_pb_text][\/et_pb_column][\/et_pb_row][et_pb_row column_structure=&#8221;1_3,1_3,1_3&#8243; _builder_version=&#8221;4.20.0&#8243; background_color=&#8221;#ffffff&#8221; width=&#8221;100%&#8221; custom_padding=&#8221;30px|30px||30px&#8221; global_colors_info=&#8221;{}&#8221;][et_pb_column type=&#8221;1_3&#8243; _builder_version=&#8221;4.16&#8243; custom_padding=&#8221;|||&#8221; global_colors_info=&#8221;{}&#8221; custom_padding__hover=&#8221;|||&#8221;][et_pb_image src=&#8221;https:\/\/suitcaseinspain.com\/wp-content\/uploads\/2018\/09\/IMG_20180901_134122713_HDR.jpg&#8221; align_tablet=&#8221;center&#8221; align_phone=&#8221;&#8221; align_last_edited=&#8221;on|desktop&#8221; admin_label=&#8221;view 1&#8243; _builder_version=&#8221;4.16&#8243; global_colors_info=&#8221;{}&#8221;][\/et_pb_image][\/et_pb_column][et_pb_column type=&#8221;1_3&#8243; _builder_version=&#8221;4.16&#8243; custom_padding=&#8221;|||&#8221; global_colors_info=&#8221;{}&#8221; custom_padding__hover=&#8221;|||&#8221;][et_pb_image src=&#8221;https:\/\/suitcaseinspain.com\/wp-content\/uploads\/2018\/09\/mirador.jpg&#8221; align_tablet=&#8221;center&#8221; align_phone=&#8221;&#8221; align_last_edited=&#8221;on|desktop&#8221; admin_label=&#8221;lookout point&#8221; _builder_version=&#8221;4.16&#8243; global_colors_info=&#8221;{}&#8221;][\/et_pb_image][\/et_pb_column][et_pb_column type=&#8221;1_3&#8243; _builder_version=&#8221;4.16&#8243; custom_padding=&#8221;|||&#8221; global_colors_info=&#8221;{}&#8221; custom_padding__hover=&#8221;|||&#8221;][et_pb_image src=&#8221;https:\/\/suitcaseinspain.com\/wp-content\/uploads\/2018\/09\/IMG_20180901_134527099_HDR.jpg&#8221; align_tablet=&#8221;center&#8221; align_phone=&#8221;&#8221; align_last_edited=&#8221;on|desktop&#8221; admin_label=&#8221;view 3&#8243; _builder_version=&#8221;4.16&#8243; global_colors_info=&#8221;{}&#8221;][\/et_pb_image][\/et_pb_column][\/et_pb_row][et_pb_row _builder_version=&#8221;4.20.0&#8243; _module_preset=&#8221;default&#8221; width=&#8221;100%&#8221; custom_margin=&#8221;35px||||false|false&#8221; custom_padding=&#8221;||||false|false&#8221; global_colors_info=&#8221;{}&#8221;][et_pb_column type=&#8221;4_4&#8243; _builder_version=&#8221;4.20.0&#8243; _module_preset=&#8221;default&#8221; global_colors_info=&#8221;{}&#8221;][et_pb_text _builder_version=&#8221;4.20.0&#8243; _module_preset=&#8221;default&#8221; global_colors_info=&#8221;{}&#8221;]<\/p>\n<h4><span class=\"ez-toc-section\" id=\"Ribadesella\"><\/span>Ribadesella<span class=\"ez-toc-section-end\"><\/span><\/h4>\n<p>Ribadesella is best known as the site of the annual August Descenso Internacional del Sella kayaking festival, a sporting event since 1930 and has become one of the most important dates on the international canoeing calendar. Unfortunately, we were there at the end of August so we missed it. In case you&#8217;re interested, the next edition will be held on August 3, 2019.<\/p>\n<p>Ribadesella is one of those fishing villages with a sweeping seafront, enchanting history, and glorious natural surroundings. It\u00a0has its share of pretty plazas and narrow streets, which creep out onto the old fishing harbour.\u00a0\u00a0Ribadesella proves to be the perfect spot for really kicking back beachside (or on grass &#8211; perfect for those who don&#8217;t like laying on sand), with a generous sprinkling of culture and adventure thrown into the mix.<\/p>\n<p>[\/et_pb_text][\/et_pb_column][\/et_pb_row][et_pb_row column_structure=&#8221;1_3,1_3,1_3&#8243; _builder_version=&#8221;4.20.0&#8243; background_color=&#8221;#ffffff&#8221; width=&#8221;100%&#8221; custom_padding=&#8221;30px|30px||30px&#8221; global_colors_info=&#8221;{}&#8221;][et_pb_column type=&#8221;1_3&#8243; _builder_version=&#8221;4.16&#8243; custom_padding=&#8221;|||&#8221; global_colors_info=&#8221;{}&#8221; custom_padding__hover=&#8221;|||&#8221;][et_pb_image src=&#8221;https:\/\/suitcaseinspain.com\/wp-content\/uploads\/2018\/09\/IMG_20180901_143015142.jpg&#8221; align_tablet=&#8221;center&#8221; align_phone=&#8221;&#8221; align_last_edited=&#8221;on|desktop&#8221; admin_label=&#8221;Ribadesella 1&#8243; _builder_version=&#8221;4.16&#8243; global_colors_info=&#8221;{}&#8221;][\/et_pb_image][\/et_pb_column][et_pb_column type=&#8221;1_3&#8243; _builder_version=&#8221;4.16&#8243; custom_padding=&#8221;|||&#8221; global_colors_info=&#8221;{}&#8221; custom_padding__hover=&#8221;|||&#8221;][et_pb_image src=&#8221;https:\/\/suitcaseinspain.com\/wp-content\/uploads\/2018\/09\/IMG_20180901_174515566.jpg&#8221; align_tablet=&#8221;center&#8221; align_phone=&#8221;&#8221; align_last_edited=&#8221;on|desktop&#8221; admin_label=&#8221;Ribadesella 2&#8243; _builder_version=&#8221;4.16&#8243; global_colors_info=&#8221;{}&#8221;][\/et_pb_image][\/et_pb_column][et_pb_column type=&#8221;1_3&#8243; _builder_version=&#8221;4.16&#8243; custom_padding=&#8221;|||&#8221; global_colors_info=&#8221;{}&#8221; custom_padding__hover=&#8221;|||&#8221;][et_pb_image src=&#8221;https:\/\/suitcaseinspain.com\/wp-content\/uploads\/2018\/09\/IMG_20180901_143553268.jpg&#8221; align_tablet=&#8221;center&#8221; align_phone=&#8221;&#8221; align_last_edited=&#8221;on|desktop&#8221; admin_label=&#8221;village&#8221; _builder_version=&#8221;4.16&#8243; global_colors_info=&#8221;{}&#8221;][\/et_pb_image][\/et_pb_column][\/et_pb_row][et_pb_row _builder_version=&#8221;4.20.0&#8243; _module_preset=&#8221;default&#8221; width=&#8221;100%&#8221; custom_margin=&#8221;35px||||false|false&#8221; custom_padding=&#8221;||||false|false&#8221; global_colors_info=&#8221;{}&#8221;][et_pb_column type=&#8221;4_4&#8243; _builder_version=&#8221;4.20.0&#8243; _module_preset=&#8221;default&#8221; global_colors_info=&#8221;{}&#8221;][et_pb_text _builder_version=&#8221;4.20.0&#8243; _module_preset=&#8221;default&#8221; global_colors_info=&#8221;{}&#8221;]<\/p>\n<h4><span class=\"ez-toc-section\" id=\"Salinas_an_accessible_seaside_beach_resort\"><\/span>Salinas, an accessible seaside beach resort<span class=\"ez-toc-section-end\"><\/span><\/h4>\n<p>Salinas, known to surfers, as the most visited beach on the Asturian coast . It joins San Juan de Nieva \/ El Espartal beach forming a 3km long beach known\u00a0as La Concha de El Espartal (The Espartal Shell).\u00a0 It\u2019s actually the same beach but since it\u2019s divided between 2 towns (Salinas and San Juan de Nieva \/ San Xuan) they are considered separate.<\/p>\n<p>[\/et_pb_text][\/et_pb_column][\/et_pb_row][et_pb_row column_structure=&#8221;1_3,1_3,1_3&#8243; _builder_version=&#8221;4.20.0&#8243; background_color=&#8221;#ffffff&#8221; width=&#8221;100%&#8221; custom_padding=&#8221;30px|30px||30px&#8221; global_colors_info=&#8221;{}&#8221;][et_pb_column type=&#8221;1_3&#8243; _builder_version=&#8221;4.16&#8243; custom_padding=&#8221;|||&#8221; global_colors_info=&#8221;{}&#8221; custom_padding__hover=&#8221;|||&#8221;][et_pb_image src=&#8221;https:\/\/suitcaseinspain.com\/wp-content\/uploads\/2018\/09\/IMG_20180902_122723406.jpg&#8221; align_tablet=&#8221;center&#8221; align_phone=&#8221;&#8221; align_last_edited=&#8221;on|desktop&#8221; admin_label=&#8221;salinas boardwalk&#8221; _builder_version=&#8221;4.16&#8243; global_colors_info=&#8221;{}&#8221;][\/et_pb_image][\/et_pb_column][et_pb_column type=&#8221;1_3&#8243; _builder_version=&#8221;4.16&#8243; custom_padding=&#8221;|||&#8221; global_colors_info=&#8221;{}&#8221; custom_padding__hover=&#8221;|||&#8221;][et_pb_image src=&#8221;https:\/\/suitcaseinspain.com\/wp-content\/uploads\/2018\/09\/IMG_20180902_125823240.jpg&#8221; align_tablet=&#8221;center&#8221; align_phone=&#8221;&#8221; align_last_edited=&#8221;on|desktop&#8221; admin_label=&#8221;flags&#8221; _builder_version=&#8221;4.16&#8243; global_colors_info=&#8221;{}&#8221;][\/et_pb_image][\/et_pb_column][et_pb_column type=&#8221;1_3&#8243; _builder_version=&#8221;4.16&#8243; custom_padding=&#8221;|||&#8221; global_colors_info=&#8221;{}&#8221; custom_padding__hover=&#8221;|||&#8221;][et_pb_image src=&#8221;https:\/\/suitcaseinspain.com\/wp-content\/uploads\/2018\/09\/IMG_20180902_131504472.jpg&#8221; align_tablet=&#8221;center&#8221; align_phone=&#8221;&#8221; align_last_edited=&#8221;on|desktop&#8221; admin_label=&#8221;village&#8221; _builder_version=&#8221;4.16&#8243; global_colors_info=&#8221;{}&#8221;][\/et_pb_image][\/et_pb_column][\/et_pb_row][et_pb_row _builder_version=&#8221;4.20.0&#8243; _module_preset=&#8221;default&#8221; width=&#8221;100%&#8221; custom_margin=&#8221;35px||||false|false&#8221; custom_padding=&#8221;||||false|false&#8221; global_colors_info=&#8221;{}&#8221;][et_pb_column type=&#8221;4_4&#8243; _builder_version=&#8221;4.20.0&#8243; _module_preset=&#8221;default&#8221; global_colors_info=&#8221;{}&#8221;][et_pb_text _builder_version=&#8221;4.20.0&#8243; _module_preset=&#8221;default&#8221; global_colors_info=&#8221;{}&#8221;]<\/p>\n<h4><span class=\"ez-toc-section\" id=\"Cabo_de_Penas_the_most_northern_point_in_Asturias_with_breathtaking_views\"><\/span>Cabo de Pe\u00f1as, the most northern point in Asturias with breathtaking views<span class=\"ez-toc-section-end\"><\/span><\/h4>\n<p>As we drove along the Spain&#8217;s northeast coast, the more rugged and rustic it became.\u00a0Driving along the windy country road to Cabo de Pe\u00f1as really makes you feel like you\u2019ve disconnected for big-city life \u2013 this is Asturia\u2019s most northern point and home to a lighthouse-museum (erected in 1852) and a protected natural park.<\/p>\n<p>[\/et_pb_text][\/et_pb_column][\/et_pb_row][et_pb_row column_structure=&#8221;1_3,1_3,1_3&#8243; _builder_version=&#8221;4.20.0&#8243; background_color=&#8221;#ffffff&#8221; width=&#8221;100%&#8221; custom_padding=&#8221;30px|30px||30px&#8221; global_colors_info=&#8221;{}&#8221;][et_pb_column type=&#8221;1_3&#8243; _builder_version=&#8221;4.16&#8243; custom_padding=&#8221;|||&#8221; global_colors_info=&#8221;{}&#8221; custom_padding__hover=&#8221;|||&#8221;][et_pb_image src=&#8221;https:\/\/suitcaseinspain.com\/wp-content\/uploads\/2018\/09\/Museo.jpg&#8221; align_tablet=&#8221;center&#8221; align_phone=&#8221;&#8221; align_last_edited=&#8221;on|desktop&#8221; admin_label=&#8221;museum&#8221; _builder_version=&#8221;4.16&#8243; global_colors_info=&#8221;{}&#8221;][\/et_pb_image][\/et_pb_column][et_pb_column type=&#8221;1_3&#8243; _builder_version=&#8221;4.16&#8243; custom_padding=&#8221;|||&#8221; global_colors_info=&#8221;{}&#8221; custom_padding__hover=&#8221;|||&#8221;][et_pb_image src=&#8221;https:\/\/suitcaseinspain.com\/wp-content\/uploads\/2018\/09\/IMG_20180902_175240122_HDR.jpg&#8221; align_tablet=&#8221;center&#8221; align_phone=&#8221;&#8221; align_last_edited=&#8221;on|desktop&#8221; admin_label=&#8221;entrance to museum&#8221; _builder_version=&#8221;4.16&#8243; global_colors_info=&#8221;{}&#8221;][\/et_pb_image][\/et_pb_column][et_pb_column type=&#8221;1_3&#8243; _builder_version=&#8221;4.16&#8243; custom_padding=&#8221;|||&#8221; global_colors_info=&#8221;{}&#8221; custom_padding__hover=&#8221;|||&#8221;][et_pb_image src=&#8221;https:\/\/suitcaseinspain.com\/wp-content\/uploads\/2018\/09\/IMG_20180902_184304202_HDR.jpg&#8221; align_tablet=&#8221;center&#8221; align_phone=&#8221;&#8221; align_last_edited=&#8221;on|desktop&#8221; admin_label=&#8221;rocks&#8221; _builder_version=&#8221;4.16&#8243; global_colors_info=&#8221;{}&#8221;][\/et_pb_image][\/et_pb_column][\/et_pb_row][et_pb_row _builder_version=&#8221;4.20.0&#8243; _module_preset=&#8221;default&#8221; width=&#8221;100%&#8221; custom_margin=&#8221;35px||||false|false&#8221; custom_padding=&#8221;||||false|false&#8221; global_colors_info=&#8221;{}&#8221;][et_pb_column type=&#8221;4_4&#8243; _builder_version=&#8221;4.20.0&#8243; _module_preset=&#8221;default&#8221; global_colors_info=&#8221;{}&#8221;][et_pb_text _builder_version=&#8221;4.20.0&#8243; _module_preset=&#8221;default&#8221; global_colors_info=&#8221;{}&#8221;]<\/p>\n<h4><span class=\"ez-toc-section\" id=\"Monte_Naranco_offering_a_spectacular_view_of_Oviedo\"><\/span>Monte Naranco, offering a spectacular view of Oviedo<span class=\"ez-toc-section-end\"><\/span><\/h4>\n<p>A mountain in Oviedo known as the finish point for the bicycle races &#8220;Subida al Naranco&#8221; and &#8220;Vuelta a Espa\u00f1a&#8221;.\u00a0 It is also the site of two Roman Catholic Asturian pre-Romanesque Asturian architecture churches on the slope of Mount Naranco,\u00a0San Miguel de Lillo and Santa Mar\u00eda del Naranco. Both are UNESCO World Heritage sites and\u00a0are considered to be some of the most significant pre-Romanesque structures in Europe.<\/p>\n<p>[\/et_pb_text][\/et_pb_column][\/et_pb_row][et_pb_row column_structure=&#8221;1_3,1_3,1_3&#8243; _builder_version=&#8221;4.20.0&#8243; background_color=&#8221;#ffffff&#8221; width=&#8221;100%&#8221; custom_padding=&#8221;30px|30px||30px&#8221; global_colors_info=&#8221;{}&#8221;][et_pb_column type=&#8221;1_3&#8243; _builder_version=&#8221;4.16&#8243; custom_padding=&#8221;|||&#8221; global_colors_info=&#8221;{}&#8221; custom_padding__hover=&#8221;|||&#8221;][et_pb_image src=&#8221;https:\/\/suitcaseinspain.com\/wp-content\/uploads\/2018\/09\/IMG_20180903_165006219_HDR.jpg&#8221; align_tablet=&#8221;center&#8221; align_phone=&#8221;&#8221; align_last_edited=&#8221;on|desktop&#8221; admin_label=&#8221;San Miguel de Lillo&#8221; _builder_version=&#8221;4.16&#8243; global_colors_info=&#8221;{}&#8221;][\/et_pb_image][et_pb_button button_url=&#8221;https:\/\/suitcaseinspain.com\/monte-naranco\/&#8221; url_new_window=&#8221;on&#8221; button_text=&#8221;Read more &#8221; _builder_version=&#8221;4.20.0&#8243; _module_preset=&#8221;default&#8221; custom_button=&#8221;on&#8221; button_text_color=&#8221;#D01622&#8243; button_bg_color=&#8221;RGBA(255,255,255,0)&#8221; button_border_color=&#8221;RGBA(255,255,255,0)&#8221; button_icon=&#8221;&#x24;||divi||400&#8243; button_icon_color=&#8221;#D01622&#8243; button_on_hover=&#8221;off&#8221; global_colors_info=&#8221;{}&#8221;][\/et_pb_button][\/et_pb_column][et_pb_column type=&#8221;1_3&#8243; _builder_version=&#8221;4.16&#8243; custom_padding=&#8221;|||&#8221; global_colors_info=&#8221;{}&#8221; custom_padding__hover=&#8221;|||&#8221;][et_pb_image src=&#8221;https:\/\/suitcaseinspain.com\/wp-content\/uploads\/2018\/09\/IMG_20180903_171240566_HDR.jpg&#8221; align_tablet=&#8221;center&#8221; align_phone=&#8221;&#8221; align_last_edited=&#8221;on|desktop&#8221; admin_label=&#8221;little house&#8221; _builder_version=&#8221;4.16&#8243; global_colors_info=&#8221;{}&#8221;][\/et_pb_image][\/et_pb_column][et_pb_column type=&#8221;1_3&#8243; _builder_version=&#8221;4.16&#8243; custom_padding=&#8221;|||&#8221; global_colors_info=&#8221;{}&#8221; custom_padding__hover=&#8221;|||&#8221;][et_pb_image src=&#8221;https:\/\/suitcaseinspain.com\/wp-content\/uploads\/2018\/09\/IMG_20180903_171301870_HDR.jpg&#8221; align_tablet=&#8221;center&#8221; align_phone=&#8221;&#8221; align_last_edited=&#8221;on|desktop&#8221; admin_label=&#8221;Santa Mar\u00eda del Naranco&#8221; _builder_version=&#8221;4.16&#8243; global_colors_info=&#8221;{}&#8221;][\/et_pb_image][\/et_pb_column][\/et_pb_row][et_pb_row _builder_version=&#8221;4.19.3&#8243; _module_preset=&#8221;default&#8221; background_color=&#8221;#2f9a64&#8243; width=&#8221;100%&#8221; custom_margin=&#8221;2em|auto|22px|auto|false|false&#8221; custom_padding=&#8221;1em|1em|1em|1em|true|true&#8221; box_shadow_style=&#8221;preset4&#8243; box_shadow_color=&#8221;#f7c621&#8243; global_colors_info=&#8221;{}&#8221;][et_pb_column type=&#8221;4_4&#8243; _builder_version=&#8221;4.17.4&#8243; _module_preset=&#8221;default&#8221; global_colors_info=&#8221;{}&#8221;][et_pb_text _builder_version=&#8221;4.20.0&#8243; _module_preset=&#8221;default&#8221; text_text_color=&#8221;#FFFFFF&#8221; global_colors_info=&#8221;{}&#8221;]<\/p>\n<p>Asturias is one of Spain&#8217;s best kept secrets. When you visit you will understand why. Asturias, part of green Spain (unlike Andalucia) looks out onto the Bay of Biscay on one side, with mountains on the other &#8211; absolutely stunning scenery.<\/p>\n<p>[\/et_pb_text][\/et_pb_column][\/et_pb_row][\/et_pb_section]<\/p>\n","protected":false},"excerpt":{"rendered":"<p>Asturias, an unexpected surprise filled with postcard pretty villages lost in time. August 2018 was our first time Asturias so we decided to take advantage and arrive a couple of days earlier than our volunteer program was supposed to start. That way, we had time to do some <\/p>","protected":false},"author":4,"featured_media":226516,"comment_status":"closed","ping_status":"closed","sticky":false,"template":"","format":"standard","meta":{"_et_pb_use_builder":"on","_et_pb_old_content":"","_et_gb_content_width":"","footnotes":""},"categories":[68,1347,26],"tags":[94,100,78,77,76,79,101,73,99,80,98],"class_list":["post-212398","post","type-post","status-publish","format-standard","has-post-thumbnail","hentry","category-asturias","category-featured-destinations","category-spain","tag-asturias","tag-barquilleos","tag-canga-de-onis","tag-covadonga","tag-cudillero","tag-mirador-del-fitu","tag-museums","tag-oviedo","tag-ribadesella","tag-salinas","tag-sightseeing"],"yoast_head":"<!-- This site is optimized with the Yoast SEO plugin v27.4 - https:\/\/yoast.com\/product\/yoast-seo-wordpress\/ -->\n<title>Asturias, here we come! | Suitcase in SPAIN<\/title>\n<meta name=\"robots\" content=\"index, follow, max-snippet:-1, max-image-preview:large, max-video-preview:-1\" \/>\n<link rel=\"canonical\" href=\"https:\/\/suitcaseinspain.com\/es\/asturias-here-we-come\/\" \/>\n<meta property=\"og:locale\" content=\"es_ES\" \/>\n<meta property=\"og:type\" content=\"article\" \/>\n<meta property=\"og:title\" content=\"Asturias, here we come! | Suitcase in SPAIN\" \/>\n<meta property=\"og:description\" content=\"Asturias, an unexpected surprise filled with postcard pretty villages lost in time. August 2018 was our first time Asturias so we decided to take advantage and arrive a couple of days earlier than our volunteer program was supposed to start. That way, we had time to do some\" \/>\n<meta property=\"og:url\" content=\"https:\/\/suitcaseinspain.com\/es\/asturias-here-we-come\/\" \/>\n<meta property=\"og:site_name\" content=\"Suitcase in SPAIN\" \/>\n<meta property=\"article:publisher\" content=\"https:\/\/www.facebook.com\/suitcaseinspain\/\" \/>\n<meta property=\"article:published_time\" content=\"2018-09-14T10:33:55+00:00\" \/>\n<meta property=\"article:modified_time\" content=\"2023-04-10T07:57:22+00:00\" \/>\n<meta property=\"og:image\" content=\"https:\/\/suitcaseinspain.com\/wp-content\/uploads\/2018\/09\/colorful-map-asturias-spain.png\" \/>\n\t<meta property=\"og:image:width\" content=\"1020\" \/>\n\t<meta property=\"og:image:height\" content=\"650\" \/>\n\t<meta property=\"og:image:type\" content=\"image\/png\" \/>\n<meta name=\"author\" content=\"JC\" \/>\n<meta name=\"twitter:card\" content=\"summary_large_image\" \/>\n<meta name=\"twitter:label1\" content=\"Escrito por\" \/>\n\t<meta name=\"twitter:data1\" content=\"JC\" \/>\n\t<meta name=\"twitter:label2\" content=\"Tiempo de lectura\" \/>\n\t<meta name=\"twitter:data2\" content=\"19 minutos\" \/>\n<script type=\"application\/ld+json\" class=\"yoast-schema-graph\">{\"@context\":\"https:\\\/\\\/schema.org\",\"@graph\":[{\"@type\":\"Article\",\"@id\":\"https:\\\/\\\/suitcaseinspain.com\\\/asturias-here-we-come\\\/#article\",\"isPartOf\":{\"@id\":\"https:\\\/\\\/suitcaseinspain.com\\\/asturias-here-we-come\\\/\"},\"author\":{\"name\":\"JC\",\"@id\":\"https:\\\/\\\/suitcaseinspain.com\\\/#\\\/schema\\\/person\\\/80f8616cf3a3a695d7d8cbf33bcf9879\"},\"headline\":\"Asturias, here we come!\",\"datePublished\":\"2018-09-14T10:33:55+00:00\",\"dateModified\":\"2023-04-10T07:57:22+00:00\",\"mainEntityOfPage\":{\"@id\":\"https:\\\/\\\/suitcaseinspain.com\\\/asturias-here-we-come\\\/\"},\"wordCount\":3908,\"publisher\":{\"@id\":\"https:\\\/\\\/suitcaseinspain.com\\\/#organization\"},\"image\":{\"@id\":\"https:\\\/\\\/suitcaseinspain.com\\\/asturias-here-we-come\\\/#primaryimage\"},\"thumbnailUrl\":\"https:\\\/\\\/suitcaseinspain.com\\\/wp-content\\\/uploads\\\/2018\\\/09\\\/colorful-map-asturias-spain.png\",\"keywords\":[\"Asturias\",\"Barquilleos\",\"Canga de Onis\",\"Covadonga\",\"Cudillero\",\"Mirador del Fitu\",\"Museums\",\"Oviedo\",\"Ribadesella\",\"Salinas\",\"sightseeing\"],\"articleSection\":[\"Asturias\",\"Featured Destinations\",\"Spain\"],\"inLanguage\":\"es\"},{\"@type\":\"WebPage\",\"@id\":\"https:\\\/\\\/suitcaseinspain.com\\\/asturias-here-we-come\\\/\",\"url\":\"https:\\\/\\\/suitcaseinspain.com\\\/asturias-here-we-come\\\/\",\"name\":\"Asturias, here we come! | Suitcase in SPAIN\",\"isPartOf\":{\"@id\":\"https:\\\/\\\/suitcaseinspain.com\\\/#website\"},\"primaryImageOfPage\":{\"@id\":\"https:\\\/\\\/suitcaseinspain.com\\\/asturias-here-we-come\\\/#primaryimage\"},\"image\":{\"@id\":\"https:\\\/\\\/suitcaseinspain.com\\\/asturias-here-we-come\\\/#primaryimage\"},\"thumbnailUrl\":\"https:\\\/\\\/suitcaseinspain.com\\\/wp-content\\\/uploads\\\/2018\\\/09\\\/colorful-map-asturias-spain.png\",\"datePublished\":\"2018-09-14T10:33:55+00:00\",\"dateModified\":\"2023-04-10T07:57:22+00:00\",\"breadcrumb\":{\"@id\":\"https:\\\/\\\/suitcaseinspain.com\\\/asturias-here-we-come\\\/#breadcrumb\"},\"inLanguage\":\"es\",\"potentialAction\":[{\"@type\":\"ReadAction\",\"target\":[\"https:\\\/\\\/suitcaseinspain.com\\\/asturias-here-we-come\\\/\"]}]},{\"@type\":\"ImageObject\",\"inLanguage\":\"es\",\"@id\":\"https:\\\/\\\/suitcaseinspain.com\\\/asturias-here-we-come\\\/#primaryimage\",\"url\":\"https:\\\/\\\/suitcaseinspain.com\\\/wp-content\\\/uploads\\\/2018\\\/09\\\/colorful-map-asturias-spain.png\",\"contentUrl\":\"https:\\\/\\\/suitcaseinspain.com\\\/wp-content\\\/uploads\\\/2018\\\/09\\\/colorful-map-asturias-spain.png\",\"width\":1020,\"height\":650},{\"@type\":\"BreadcrumbList\",\"@id\":\"https:\\\/\\\/suitcaseinspain.com\\\/asturias-here-we-come\\\/#breadcrumb\",\"itemListElement\":[{\"@type\":\"ListItem\",\"position\":1,\"name\":\"Home\",\"item\":\"https:\\\/\\\/suitcaseinspain.com\\\/\"},{\"@type\":\"ListItem\",\"position\":2,\"name\":\"Asturias, here we come!\"}]},{\"@type\":\"WebSite\",\"@id\":\"https:\\\/\\\/suitcaseinspain.com\\\/#website\",\"url\":\"https:\\\/\\\/suitcaseinspain.com\\\/\",\"name\":\"Suitcase in SPAIN\",\"description\":\"La Vida Loca in Spain\",\"publisher\":{\"@id\":\"https:\\\/\\\/suitcaseinspain.com\\\/#organization\"},\"potentialAction\":[{\"@type\":\"SearchAction\",\"target\":{\"@type\":\"EntryPoint\",\"urlTemplate\":\"https:\\\/\\\/suitcaseinspain.com\\\/?s={search_term_string}\"},\"query-input\":{\"@type\":\"PropertyValueSpecification\",\"valueRequired\":true,\"valueName\":\"search_term_string\"}}],\"inLanguage\":\"es\"},{\"@type\":\"Organization\",\"@id\":\"https:\\\/\\\/suitcaseinspain.com\\\/#organization\",\"name\":\"Suitcase in SPAIN\",\"url\":\"https:\\\/\\\/suitcaseinspain.com\\\/\",\"logo\":{\"@type\":\"ImageObject\",\"inLanguage\":\"es\",\"@id\":\"https:\\\/\\\/suitcaseinspain.com\\\/#\\\/schema\\\/logo\\\/image\\\/\",\"url\":\"https:\\\/\\\/suitcaseinspain.com\\\/wp-content\\\/uploads\\\/2022\\\/08\\\/Suitcase_in_Spain_Logo.jpg\",\"contentUrl\":\"https:\\\/\\\/suitcaseinspain.com\\\/wp-content\\\/uploads\\\/2022\\\/08\\\/Suitcase_in_Spain_Logo.jpg\",\"width\":1251,\"height\":1251,\"caption\":\"Suitcase in SPAIN\"},\"image\":{\"@id\":\"https:\\\/\\\/suitcaseinspain.com\\\/#\\\/schema\\\/logo\\\/image\\\/\"},\"sameAs\":[\"https:\\\/\\\/www.facebook.com\\\/suitcaseinspain\\\/\",\"https:\\\/\\\/www.instagram.com\\\/suitcaseinspain\\\/\",\"https:\\\/\\\/www.youtube.com\\\/@suitcaseinspain\"]},{\"@type\":\"Person\",\"@id\":\"https:\\\/\\\/suitcaseinspain.com\\\/#\\\/schema\\\/person\\\/80f8616cf3a3a695d7d8cbf33bcf9879\",\"name\":\"JC\",\"image\":{\"@type\":\"ImageObject\",\"inLanguage\":\"es\",\"@id\":\"https:\\\/\\\/secure.gravatar.com\\\/avatar\\\/5d00b1ecf651ce2cac638f126e32e23dc53969a07f73e67bf7dbc5cafee8561f?s=96&d=identicon&r=g\",\"url\":\"https:\\\/\\\/secure.gravatar.com\\\/avatar\\\/5d00b1ecf651ce2cac638f126e32e23dc53969a07f73e67bf7dbc5cafee8561f?s=96&d=identicon&r=g\",\"contentUrl\":\"https:\\\/\\\/secure.gravatar.com\\\/avatar\\\/5d00b1ecf651ce2cac638f126e32e23dc53969a07f73e67bf7dbc5cafee8561f?s=96&d=identicon&r=g\",\"caption\":\"JC\"},\"url\":\"https:\\\/\\\/suitcaseinspain.com\\\/es\\\/author\\\/jc-leblanc\\\/\"}]}<\/script>\n<!-- \/ Yoast SEO plugin. -->","yoast_head_json":{"title":"Asturias, here we come! | Suitcase in SPAIN","robots":{"index":"index","follow":"follow","max-snippet":"max-snippet:-1","max-image-preview":"max-image-preview:large","max-video-preview":"max-video-preview:-1"},"canonical":"https:\/\/suitcaseinspain.com\/es\/asturias-here-we-come\/","og_locale":"es_ES","og_type":"article","og_title":"Asturias, here we come! | Suitcase in SPAIN","og_description":"Asturias, an unexpected surprise filled with postcard pretty villages lost in time. August 2018 was our first time Asturias so we decided to take advantage and arrive a couple of days earlier than our volunteer program was supposed to start. That way, we had time to do some","og_url":"https:\/\/suitcaseinspain.com\/es\/asturias-here-we-come\/","og_site_name":"Suitcase in SPAIN","article_publisher":"https:\/\/www.facebook.com\/suitcaseinspain\/","article_published_time":"2018-09-14T10:33:55+00:00","article_modified_time":"2023-04-10T07:57:22+00:00","og_image":[{"width":1020,"height":650,"url":"https:\/\/suitcaseinspain.com\/wp-content\/uploads\/2018\/09\/colorful-map-asturias-spain.png","type":"image\/png"}],"author":"JC","twitter_card":"summary_large_image","twitter_misc":{"Escrito por":"JC","Tiempo de lectura":"19 minutos"},"schema":{"@context":"https:\/\/schema.org","@graph":[{"@type":"Article","@id":"https:\/\/suitcaseinspain.com\/asturias-here-we-come\/#article","isPartOf":{"@id":"https:\/\/suitcaseinspain.com\/asturias-here-we-come\/"},"author":{"name":"JC","@id":"https:\/\/suitcaseinspain.com\/#\/schema\/person\/80f8616cf3a3a695d7d8cbf33bcf9879"},"headline":"Asturias, here we come!","datePublished":"2018-09-14T10:33:55+00:00","dateModified":"2023-04-10T07:57:22+00:00","mainEntityOfPage":{"@id":"https:\/\/suitcaseinspain.com\/asturias-here-we-come\/"},"wordCount":3908,"publisher":{"@id":"https:\/\/suitcaseinspain.com\/#organization"},"image":{"@id":"https:\/\/suitcaseinspain.com\/asturias-here-we-come\/#primaryimage"},"thumbnailUrl":"https:\/\/suitcaseinspain.com\/wp-content\/uploads\/2018\/09\/colorful-map-asturias-spain.png","keywords":["Asturias","Barquilleos","Canga de Onis","Covadonga","Cudillero","Mirador del Fitu","Museums","Oviedo","Ribadesella","Salinas","sightseeing"],"articleSection":["Asturias","Featured Destinations","Spain"],"inLanguage":"es"},{"@type":"WebPage","@id":"https:\/\/suitcaseinspain.com\/asturias-here-we-come\/","url":"https:\/\/suitcaseinspain.com\/asturias-here-we-come\/","name":"Asturias, here we come! | Suitcase in SPAIN","isPartOf":{"@id":"https:\/\/suitcaseinspain.com\/#website"},"primaryImageOfPage":{"@id":"https:\/\/suitcaseinspain.com\/asturias-here-we-come\/#primaryimage"},"image":{"@id":"https:\/\/suitcaseinspain.com\/asturias-here-we-come\/#primaryimage"},"thumbnailUrl":"https:\/\/suitcaseinspain.com\/wp-content\/uploads\/2018\/09\/colorful-map-asturias-spain.png","datePublished":"2018-09-14T10:33:55+00:00","dateModified":"2023-04-10T07:57:22+00:00","breadcrumb":{"@id":"https:\/\/suitcaseinspain.com\/asturias-here-we-come\/#breadcrumb"},"inLanguage":"es","potentialAction":[{"@type":"ReadAction","target":["https:\/\/suitcaseinspain.com\/asturias-here-we-come\/"]}]},{"@type":"ImageObject","inLanguage":"es","@id":"https:\/\/suitcaseinspain.com\/asturias-here-we-come\/#primaryimage","url":"https:\/\/suitcaseinspain.com\/wp-content\/uploads\/2018\/09\/colorful-map-asturias-spain.png","contentUrl":"https:\/\/suitcaseinspain.com\/wp-content\/uploads\/2018\/09\/colorful-map-asturias-spain.png","width":1020,"height":650},{"@type":"BreadcrumbList","@id":"https:\/\/suitcaseinspain.com\/asturias-here-we-come\/#breadcrumb","itemListElement":[{"@type":"ListItem","position":1,"name":"Home","item":"https:\/\/suitcaseinspain.com\/"},{"@type":"ListItem","position":2,"name":"Asturias, here we come!"}]},{"@type":"WebSite","@id":"https:\/\/suitcaseinspain.com\/#website","url":"https:\/\/suitcaseinspain.com\/","name":"Suitcase in SPAIN","description":"La Vida Loca in Spain","publisher":{"@id":"https:\/\/suitcaseinspain.com\/#organization"},"potentialAction":[{"@type":"SearchAction","target":{"@type":"EntryPoint","urlTemplate":"https:\/\/suitcaseinspain.com\/?s={search_term_string}"},"query-input":{"@type":"PropertyValueSpecification","valueRequired":true,"valueName":"search_term_string"}}],"inLanguage":"es"},{"@type":"Organization","@id":"https:\/\/suitcaseinspain.com\/#organization","name":"Suitcase in SPAIN","url":"https:\/\/suitcaseinspain.com\/","logo":{"@type":"ImageObject","inLanguage":"es","@id":"https:\/\/suitcaseinspain.com\/#\/schema\/logo\/image\/","url":"https:\/\/suitcaseinspain.com\/wp-content\/uploads\/2022\/08\/Suitcase_in_Spain_Logo.jpg","contentUrl":"https:\/\/suitcaseinspain.com\/wp-content\/uploads\/2022\/08\/Suitcase_in_Spain_Logo.jpg","width":1251,"height":1251,"caption":"Suitcase in SPAIN"},"image":{"@id":"https:\/\/suitcaseinspain.com\/#\/schema\/logo\/image\/"},"sameAs":["https:\/\/www.facebook.com\/suitcaseinspain\/","https:\/\/www.instagram.com\/suitcaseinspain\/","https:\/\/www.youtube.com\/@suitcaseinspain"]},{"@type":"Person","@id":"https:\/\/suitcaseinspain.com\/#\/schema\/person\/80f8616cf3a3a695d7d8cbf33bcf9879","name":"JC","image":{"@type":"ImageObject","inLanguage":"es","@id":"https:\/\/secure.gravatar.com\/avatar\/5d00b1ecf651ce2cac638f126e32e23dc53969a07f73e67bf7dbc5cafee8561f?s=96&d=identicon&r=g","url":"https:\/\/secure.gravatar.com\/avatar\/5d00b1ecf651ce2cac638f126e32e23dc53969a07f73e67bf7dbc5cafee8561f?s=96&d=identicon&r=g","contentUrl":"https:\/\/secure.gravatar.com\/avatar\/5d00b1ecf651ce2cac638f126e32e23dc53969a07f73e67bf7dbc5cafee8561f?s=96&d=identicon&r=g","caption":"JC"},"url":"https:\/\/suitcaseinspain.com\/es\/author\/jc-leblanc\/"}]}},"_links":{"self":[{"href":"https:\/\/suitcaseinspain.com\/es\/wp-json\/wp\/v2\/posts\/212398","targetHints":{"allow":["GET"]}}],"collection":[{"href":"https:\/\/suitcaseinspain.com\/es\/wp-json\/wp\/v2\/posts"}],"about":[{"href":"https:\/\/suitcaseinspain.com\/es\/wp-json\/wp\/v2\/types\/post"}],"author":[{"embeddable":true,"href":"https:\/\/suitcaseinspain.com\/es\/wp-json\/wp\/v2\/users\/4"}],"replies":[{"embeddable":true,"href":"https:\/\/suitcaseinspain.com\/es\/wp-json\/wp\/v2\/comments?post=212398"}],"version-history":[{"count":0,"href":"https:\/\/suitcaseinspain.com\/es\/wp-json\/wp\/v2\/posts\/212398\/revisions"}],"wp:featuredmedia":[{"embeddable":true,"href":"https:\/\/suitcaseinspain.com\/es\/wp-json\/wp\/v2\/media\/226516"}],"wp:attachment":[{"href":"https:\/\/suitcaseinspain.com\/es\/wp-json\/wp\/v2\/media?parent=212398"}],"wp:term":[{"taxonomy":"category","embeddable":true,"href":"https:\/\/suitcaseinspain.com\/es\/wp-json\/wp\/v2\/categories?post=212398"},{"taxonomy":"post_tag","embeddable":true,"href":"https:\/\/suitcaseinspain.com\/es\/wp-json\/wp\/v2\/tags?post=212398"}],"curies":[{"name":"wp","href":"https:\/\/api.w.org\/{rel}","templated":true}]}}