{"id":223037,"date":"2022-08-20T13:37:50","date_gmt":"2022-08-20T11:37:50","guid":{"rendered":"https:\/\/suitcaseinspain.com\/?p=223037"},"modified":"2023-06-03T23:16:48","modified_gmt":"2023-06-03T21:16:48","slug":"outdoor-street-markets-in-alicante-city","status":"publish","type":"post","link":"https:\/\/suitcaseinspain.com\/es\/outdoor-street-markets-in-alicante-city\/","title":{"rendered":"Outdoor Street Markets in Alicante City"},"content":{"rendered":"<p>[et_pb_section fb_built=&#8221;1&#8243; admin_label=&#8221;section&#8221; _builder_version=&#8221;4.16&#8243; da_disable_devices=&#8221;off|off|off&#8221; global_colors_info=&#8221;{}&#8221; da_is_popup=&#8221;off&#8221; da_exit_intent=&#8221;off&#8221; da_has_close=&#8221;on&#8221; da_alt_close=&#8221;off&#8221; da_dark_close=&#8221;off&#8221; da_not_modal=&#8221;on&#8221; da_is_singular=&#8221;off&#8221; da_with_loader=&#8221;off&#8221; da_has_shadow=&#8221;on&#8221;][et_pb_row admin_label=&#8221;row&#8221; _builder_version=&#8221;4.20.2&#8243; background_size=&#8221;initial&#8221; background_position=&#8221;top_left&#8221; background_repeat=&#8221;repeat&#8221; width=&#8221;100%&#8221; global_colors_info=&#8221;{}&#8221;][et_pb_column type=&#8221;4_4&#8243; _builder_version=&#8221;4.16&#8243; custom_padding=&#8221;|||&#8221; global_colors_info=&#8221;{}&#8221; custom_padding__hover=&#8221;|||&#8221;][et_pb_text _builder_version=&#8221;4.21.0&#8243; _module_preset=&#8221;default&#8221; global_colors_info=&#8221;{}&#8221;]<\/p>\n<p style=\"text-align: right;\">Updated 3 June 2023<\/p>\n<p>[\/et_pb_text][et_pb_text _builder_version=&#8221;4.21.0&#8243; _module_preset=&#8221;default&#8221; header_5_line_height=&#8221;1.3em&#8221; global_colors_info=&#8221;{}&#8221;]<\/p>\n<p>One of the best ways to discover a place is to wander around its local market, browsing and chatting to the stall holders and, hopefully, finding some hidden gems to take home.<\/p>\n<p>[\/et_pb_text][et_pb_text _builder_version=&#8221;4.21.0&#8243; _module_preset=&#8221;default&#8221; global_colors_info=&#8221;{}&#8221;]<\/p>\n<div id=\"ez-toc-container\" class=\"ez-toc-v2_0_82_2 ez-toc-wrap-center counter-hierarchy ez-toc-counter ez-toc-custom ez-toc-container-direction\">\n<p class=\"ez-toc-title\" style=\"cursor:inherit\">Table of Contents<\/p>\n<label for=\"ez-toc-cssicon-toggle-item-69f41170d6389\" class=\"ez-toc-cssicon-toggle-label\"><span class=\"ez-toc-cssicon\"><span class=\"eztoc-hide\" style=\"display:none;\">Toggle<\/span><span class=\"ez-toc-icon-toggle-span\"><svg style=\"fill: #ffffff;color:#ffffff\" xmlns=\"http:\/\/www.w3.org\/2000\/svg\" class=\"list-377408\" width=\"20px\" height=\"20px\" viewBox=\"0 0 24 24\" fill=\"none\"><path d=\"M6 6H4v2h2V6zm14 0H8v2h12V6zM4 11h2v2H4v-2zm16 0H8v2h12v-2zM4 16h2v2H4v-2zm16 0H8v2h12v-2z\" fill=\"currentColor\"><\/path><\/svg><svg style=\"fill: #ffffff;color:#ffffff\" class=\"arrow-unsorted-368013\" xmlns=\"http:\/\/www.w3.org\/2000\/svg\" width=\"10px\" height=\"10px\" viewBox=\"0 0 24 24\" version=\"1.2\" baseProfile=\"tiny\"><path d=\"M18.2 9.3l-6.2-6.3-6.2 6.3c-.2.2-.3.4-.3.7s.1.5.3.7c.2.2.4.3.7.3h11c.3 0 .5-.1.7-.3.2-.2.3-.5.3-.7s-.1-.5-.3-.7zM5.8 14.7l6.2 6.3 6.2-6.3c.2-.2.3-.5.3-.7s-.1-.5-.3-.7c-.2-.2-.4-.3-.7-.3h-11c-.3 0-.5.1-.7.3-.2.2-.3.5-.3.7s.1.5.3.7z\"\/><\/svg><\/span><\/span><\/label><input type=\"checkbox\"  id=\"ez-toc-cssicon-toggle-item-69f41170d6389\" checked aria-label=\"Alternar\" \/><nav><ul class='ez-toc-list ez-toc-list-level-1 ' ><li class='ez-toc-page-1 ez-toc-heading-level-2'><a class=\"ez-toc-link ez-toc-heading-1\" href=\"https:\/\/suitcaseinspain.com\/es\/outdoor-street-markets-in-alicante-city\/#Babel_Street_Market_Mercadillo_de_Babel\" >Babel Street Market (Mercadillo de Babel)<\/a><\/li><li class='ez-toc-page-1 ez-toc-heading-level-2'><a class=\"ez-toc-link ez-toc-heading-2\" href=\"https:\/\/suitcaseinspain.com\/es\/outdoor-street-markets-in-alicante-city\/#Benalua_Street_Market_Mercadillo_de_Benalua\" >Benal\u00faa Street Market\u00a0 (Mercadillo de Benal\u00faa)<\/a><\/li><li class='ez-toc-page-1 ez-toc-heading-level-2'><a class=\"ez-toc-link ez-toc-heading-3\" href=\"https:\/\/suitcaseinspain.com\/es\/outdoor-street-markets-in-alicante-city\/#Carolinas_Street_Market_Mercadillo_de_Carolinas\" >Carolinas Street Market (Mercadillo de Carolinas)<\/a><\/li><li class='ez-toc-page-1 ez-toc-heading-level-2'><a class=\"ez-toc-link ez-toc-heading-4\" href=\"https:\/\/suitcaseinspain.com\/es\/outdoor-street-markets-in-alicante-city\/#Teulada_Street_Market_Mercadillo_Jose_Manuel_Gosalbez\" >Teulada Street Market (Mercadillo Jos\u00e9 Manuel Gos\u00e1lbez)<\/a><\/li><li class='ez-toc-page-1 ez-toc-heading-level-2'><a class=\"ez-toc-link ez-toc-heading-5\" href=\"https:\/\/suitcaseinspain.com\/es\/outdoor-street-markets-in-alicante-city\/#Artisans_Market\" >Artisans Market<\/a><\/li><li class='ez-toc-page-1 ez-toc-heading-level-2'><a class=\"ez-toc-link ez-toc-heading-6\" href=\"https:\/\/suitcaseinspain.com\/es\/outdoor-street-markets-in-alicante-city\/#Medieval_Market\" >Medieval Market<\/a><\/li><\/ul><\/nav><\/div>\n\n<p>[\/et_pb_text][et_pb_code _builder_version=&#8221;4.21.0&#8243; _module_preset=&#8221;default&#8221; global_colors_info=&#8221;{}&#8221;][\/et_pb_code][et_pb_text _builder_version=&#8221;4.21.0&#8243; _module_preset=&#8221;default&#8221; header_2_font_size=&#8221;30px&#8221; header_5_line_height=&#8221;1.3em&#8221; custom_padding=&#8221;30px||||false|false&#8221; global_colors_info=&#8221;{}&#8221;]<\/p>\n<h2><span class=\"ez-toc-section\" id=\"Babel_Street_Market_Mercadillo_de_Babel\"><\/span>Babel Street Market (Mercadillo de Babel)<span class=\"ez-toc-section-end\"><\/span><\/h2>\n<p><strong>Market Days: <\/strong>Thursdays and Saturdays.\u00a0 Unless it&#8217;s a holiday then the market is held the day before.<\/p>\n<p><strong>Number of stalls<\/strong>: 507<\/p>\n<p><strong>Opening hours<\/strong>: We&#8217;re here bright and early from 8:00 AM to 2:00 PM, so you can start your day off right.<\/p>\n<p><strong>Location<\/strong>: Find us at Calle Asilo, between Calle Pardo Gimeno and Calle Guill\u00e9n de Castro.<\/p>\n<p>[\/et_pb_text][et_pb_divider color=&#8221;#F7C621&#8243; divider_position=&#8221;center&#8221; divider_weight=&#8221;2px&#8221; _builder_version=&#8221;4.21.0&#8243; _module_preset=&#8221;default&#8221; max_width=&#8221;30%&#8221; global_colors_info=&#8221;{}&#8221;][\/et_pb_divider][et_pb_text _builder_version=&#8221;4.21.0&#8243; _module_preset=&#8221;default&#8221; header_2_font_size=&#8221;30px&#8221; header_5_line_height=&#8221;1.3em&#8221; custom_padding=&#8221;||||false|false&#8221; global_colors_info=&#8221;{}&#8221;]<\/p>\n<h2><span class=\"ez-toc-section\" id=\"Benalua_Street_Market_Mercadillo_de_Benalua\"><\/span>Benal\u00faa Street Market\u00a0 (Mercadillo de Benal\u00faa)<span class=\"ez-toc-section-end\"><\/span><\/h2>\n<p><strong>Market Days: <\/strong>Thursdays and Saturdays.\u00a0 Unless it&#8217;s a holiday then the market is held the day before.<\/p>\n<p><strong>Number of stalls<\/strong>: 307<\/p>\n<p><strong>Opening hours<\/strong>: We&#8217;re here bright and early from 8:00 AM to 2:00 PM, so you can start your day off right.<\/p>\n<p><strong>Location<\/strong>: Find us at Calle Carratal\u00e1, Calle Alberola and Calle Arquitecto Guardiola.<\/p>\n<p>[\/et_pb_text][et_pb_divider color=&#8221;#F7C621&#8243; divider_position=&#8221;center&#8221; divider_weight=&#8221;2px&#8221; _builder_version=&#8221;4.21.0&#8243; _module_preset=&#8221;default&#8221; max_width=&#8221;30%&#8221; global_colors_info=&#8221;{}&#8221;][\/et_pb_divider][\/et_pb_column][\/et_pb_row][et_pb_row admin_label=&#8221;row&#8221; _builder_version=&#8221;4.20.2&#8243; background_size=&#8221;initial&#8221; background_position=&#8221;top_left&#8221; background_repeat=&#8221;repeat&#8221; width=&#8221;100%&#8221; custom_padding=&#8221;40px|||||&#8221; global_colors_info=&#8221;{}&#8221;][et_pb_column type=&#8221;4_4&#8243; _builder_version=&#8221;4.16&#8243; custom_padding=&#8221;|||&#8221; global_colors_info=&#8221;{}&#8221; custom_padding__hover=&#8221;|||&#8221;][et_pb_text _builder_version=&#8221;4.21.0&#8243; _module_preset=&#8221;default&#8221; header_2_font_size=&#8221;30px&#8221; global_colors_info=&#8221;{}&#8221;]<\/p>\n<h2><span class=\"ez-toc-section\" id=\"Carolinas_Street_Market_Mercadillo_de_Carolinas\"><\/span>Carolinas Street Market (Mercadillo de Carolinas)<span class=\"ez-toc-section-end\"><\/span><\/h2>\n<p><strong>Market Days: <\/strong>Thursdays and Saturdays.\u00a0 Unless it&#8217;s a holiday then the market is held the day before.<\/p>\n<p><strong>Number of stalls<\/strong>: 185<\/p>\n<p><strong>Opening hours<\/strong>: We&#8217;re here bright and early from 8:00 AM to 2:00 PM, so you can start your day off right.<\/p>\n<p><strong>Location<\/strong>: Find us at Calle San Benito, Calle Manuel Senante, Calle Doctor Nieto and Calle Polavieja.<\/p>\n<p><strong>NOTE<\/strong>: The Carolinas Street Market has undergone a temporary relocation due to the ongoing renovation and redevelopment of the Carolinas municipal market and San Mateo Street. A total of <strong>54 fruit and vegetable stalls<\/strong> <strong>have been relocated to Calle Gasset and Calle Artime, between Calle C\u00e1novas del Castillo and Calle San Mateo<\/strong>, while the construction works are in progress.<\/p>\n<p>The Department of Commerce and the Department of Urbanism have collaborated to ensure minimal inconvenience to residents, market-goers, and traders. The urbanization works on San Mateo Street are expected to be completed by the <strong>end of September 2023<\/strong>, at which point the affected stalls will return to their original location.<\/p>\n<p>Efforts have been made to inform residents and vendors about the temporary relocation through circulars, notifications, and announcements on the municipal website, aiming to minimize any disruptions. The provisional relocation has been carried out smoothly and has been well-received by market users and traders.<strong><\/strong><\/p>\n<p>[\/et_pb_text][et_pb_divider color=&#8221;#F7C621&#8243; divider_position=&#8221;center&#8221; divider_weight=&#8221;2px&#8221; _builder_version=&#8221;4.21.0&#8243; _module_preset=&#8221;default&#8221; max_width=&#8221;30%&#8221; global_colors_info=&#8221;{}&#8221;][\/et_pb_divider][\/et_pb_column][\/et_pb_row][et_pb_row column_structure=&#8221;2_5,3_5&#8243; disabled_on=&#8221;on|on|on&#8221; _builder_version=&#8221;4.20.2&#8243; _module_preset=&#8221;default&#8221; width=&#8221;100%&#8221; custom_padding=&#8221;22px|||||&#8221; disabled=&#8221;on&#8221; global_colors_info=&#8221;{}&#8221;][et_pb_column type=&#8221;2_5&#8243; _builder_version=&#8221;4.18.0&#8243; _module_preset=&#8221;default&#8221; global_colors_info=&#8221;{}&#8221;][et_pb_text _builder_version=&#8221;4.18.0&#8243; _module_preset=&#8221;default&#8221; global_colors_info=&#8221;{}&#8221;]Mercadillo municipal de Carolinas (opened in 1958)<br \/>\nCalle San Mateo, 23<br \/>\n03013 Alicante[\/et_pb_text][\/et_pb_column][et_pb_column type=&#8221;3_5&#8243; _builder_version=&#8221;4.18.0&#8243; _module_preset=&#8221;default&#8221; global_colors_info=&#8221;{}&#8221;][et_pb_image src=&#8221;https:\/\/suitcaseinspain.com\/wp-content\/uploads\/2022\/08\/Calle-San-Benito-to-Mercat-municipal-de-Carolines-Google-Maps.png&#8221; title_text=&#8221;Calle-San-Benito-to-Mercat-municipal-de-Carolines-Google-Maps&#8221; _builder_version=&#8221;4.18.0&#8243; _module_preset=&#8221;default&#8221; global_colors_info=&#8221;{}&#8221;][\/et_pb_image][\/et_pb_column][\/et_pb_row][et_pb_row admin_label=&#8221;row&#8221; _builder_version=&#8221;4.20.2&#8243; background_size=&#8221;initial&#8221; background_position=&#8221;top_left&#8221; background_repeat=&#8221;repeat&#8221; width=&#8221;100%&#8221; custom_padding=&#8221;40px|||||&#8221; global_colors_info=&#8221;{}&#8221;][et_pb_column type=&#8221;4_4&#8243; _builder_version=&#8221;4.16&#8243; custom_padding=&#8221;|||&#8221; global_colors_info=&#8221;{}&#8221; custom_padding__hover=&#8221;|||&#8221;][et_pb_text _builder_version=&#8221;4.21.0&#8243; _module_preset=&#8221;default&#8221; header_2_font_size=&#8221;30px&#8221; global_colors_info=&#8221;{}&#8221;]<\/p>\n<h2><span class=\"ez-toc-section\" id=\"Teulada_Street_Market_Mercadillo_Jose_Manuel_Gosalbez\"><\/span>Teulada Street Market (Mercadillo Jos\u00e9 Manuel Gos\u00e1lbez)<span class=\"ez-toc-section-end\"><\/span><\/h2>\n<p><strong>Market Days: <\/strong>Thursdays and Saturdays.\u00a0 Unless it&#8217;s a holiday then the market is held the day before.<\/p>\n<p><strong>Number of stalls<\/strong>: 373<\/p>\n<p><strong>Opening hours<\/strong>: We&#8217;re here bright and early from 8:00 AM to 2:00 PM, so you can start your day off right.<\/p>\n<p><strong>Location<\/strong>: Find us at the intersection of Avenida Dr. Jim\u00e9nez D\u00edaz and Calle Teulada.<\/p>\n<p>[\/et_pb_text][et_pb_divider color=&#8221;#F7C621&#8243; divider_position=&#8221;center&#8221; divider_weight=&#8221;2px&#8221; _builder_version=&#8221;4.21.0&#8243; _module_preset=&#8221;default&#8221; max_width=&#8221;30%&#8221; global_colors_info=&#8221;{}&#8221;][\/et_pb_divider][\/et_pb_column][\/et_pb_row][et_pb_row _builder_version=&#8221;4.20.2&#8243; _module_preset=&#8221;default&#8221; width=&#8221;100%&#8221; custom_padding=&#8221;38px|||||&#8221; global_colors_info=&#8221;{}&#8221;][et_pb_column type=&#8221;4_4&#8243; _builder_version=&#8221;4.18.0&#8243; _module_preset=&#8221;default&#8221; global_colors_info=&#8221;{}&#8221;][et_pb_text _builder_version=&#8221;4.21.0&#8243; _module_preset=&#8221;default&#8221; header_2_font_size=&#8221;30px&#8221; global_colors_info=&#8221;{}&#8221;]<\/p>\n<h2><span class=\"ez-toc-section\" id=\"Artisans_Market\"><\/span>Artisans Market<span class=\"ez-toc-section-end\"><\/span><\/h2>\n<p><strong>Friday to Sunday 7pm to midnight (summer months)<\/strong><br \/><strong>Sundays from 10am to 3pm<\/strong><\/p>\n<p>Centrally located in the Plaza de Santa Faz behind the town hall, opening times during the summer months until mid September are Friday, Saturday and Sunday from around 7:00pm \u2013 midnight, and in the winter months from mid September are Sunday from 10:00am \u2013 3:00pm. This is a super little market for collectors or those that just like to browse for that special something. It&#8217;s all about hand crafted items here, some of the stall holders actually working on their crafts while customers are browsing. Here you will find beautiful jewelry, antiques &amp; collectables, embroidery, textiles, leather goods, pottery, ceramics, glass and brass.<\/p>\n<p>[\/et_pb_text][et_pb_divider color=&#8221;#F7C621&#8243; divider_position=&#8221;center&#8221; divider_weight=&#8221;2px&#8221; _builder_version=&#8221;4.21.0&#8243; _module_preset=&#8221;default&#8221; max_width=&#8221;30%&#8221; global_colors_info=&#8221;{}&#8221;][\/et_pb_divider][\/et_pb_column][\/et_pb_row][et_pb_row _builder_version=&#8221;4.20.2&#8243; _module_preset=&#8221;default&#8221; width=&#8221;100%&#8221; custom_padding=&#8221;38px|||||&#8221; global_colors_info=&#8221;{}&#8221;][et_pb_column type=&#8221;4_4&#8243; _builder_version=&#8221;4.18.0&#8243; _module_preset=&#8221;default&#8221; global_colors_info=&#8221;{}&#8221;][et_pb_text _builder_version=&#8221;4.21.0&#8243; _module_preset=&#8221;default&#8221; header_2_font_size=&#8221;30px&#8221; global_colors_info=&#8221;{}&#8221;]<\/p>\n<h2><span class=\"ez-toc-section\" id=\"Medieval_Market\"><\/span>Medieval Market<span class=\"ez-toc-section-end\"><\/span><\/h2>\n<p>Holidaymakers lucky enough to be visiting during the last week of June or first week of July can enjoy the most exciting of the Alicante street markets, the flamboyant and colourful Medieval Market. Held in the streets of the old town, visitors are transported back in time where the stall holders, and the more adventurous market goers dress up in the clothing of the period and have a jolly old time with street performers, jugglers, jesters, street urchins and knights of old adding an authentic feel to the festivities. Market goers can watch various artisans using age-old tools and techniques of their trade, and among the assortment of market stalls visitors can enjoy a variety of traditional Medieval food and drink.<\/p>\n<p>[\/et_pb_text][\/et_pb_column][\/et_pb_row][et_pb_row _builder_version=&#8221;4.19.3&#8243; _module_preset=&#8221;default&#8221; background_color=&#8221;#2f9a64&#8243; width=&#8221;100%&#8221; custom_margin=&#8221;2em||||false|false&#8221; custom_padding=&#8221;1em|1em|1em|1em|true|true&#8221; box_shadow_style=&#8221;preset4&#8243; box_shadow_color=&#8221;#f7c621&#8243; global_colors_info=&#8221;{}&#8221;][et_pb_column type=&#8221;4_4&#8243; _builder_version=&#8221;4.17.4&#8243; _module_preset=&#8221;default&#8221; global_colors_info=&#8221;{}&#8221;][et_pb_text _builder_version=&#8221;4.21.0&#8243; _module_preset=&#8221;default&#8221; text_text_color=&#8221;#FFFFFF&#8221; global_colors_info=&#8221;{}&#8221;]Whether you&#8217;re a food lover, an art enthusiast, or simply seeking an authentic cultural immersion, the outdoor street markets of Alicante offer a captivating and vibrant tapestry of flavors, craftsmanship, and local life. It&#8217;s a window into the soul of the city, leaving visitors with cherished memories and a deeper connection to Alicante&#8217;s rich heritage.[\/et_pb_text][\/et_pb_column][\/et_pb_row][\/et_pb_section]<\/p>\n","protected":false},"excerpt":{"rendered":"<p>Discover the vibrant outdoor street markets in Alicante! From Mercadillo de Babel to Mercadillo de Benal\u00faa, Mercadillo de Carolinas and Mercadillo Jos\u00e9 Manuel Gos\u00e1lbez (Teulada), explore a wide range of stalls offering fresh produce, clothing, accessories, and more. Experience the bustling atmosphere, enjoy local flavors, and find unique treasures. Don&#8217;t miss these lively markets during your visit to Alicante!<\/p>","protected":false},"author":1,"featured_media":230371,"comment_status":"closed","ping_status":"open","sticky":false,"template":"","format":"standard","meta":{"_et_pb_use_builder":"on","_et_pb_old_content":"","_et_gb_content_width":"","footnotes":""},"categories":[74,1316,1324,1349],"tags":[855,856,2264,2265,2267,2266,2268,2263,2261,2262,115,849,857],"class_list":["post-223037","post","type-post","status-publish","format-standard","has-post-thumbnail","hentry","category-alicante","category-destinations","category-resources","category-shopping-travel-lifestyle","tag-benalua","tag-carolinas","tag-fresh-fruits-and-vegetables-stalls","tag-mercadillo-de-babel","tag-mercadillo-de-benalua","tag-mercadillo-de-carolinas","tag-mercadillo-jose-manuel-gosalbez-teulada","tag-mercado","tag-mercado-babel","tag-mercado-benalua","tag-outdoor-market","tag-outdoor-street-markets","tag-santa-faz"],"yoast_head":"<!-- This site is optimized with the Yoast SEO plugin v27.4 - https:\/\/yoast.com\/product\/yoast-seo-wordpress\/ -->\n<title>Outdoor Street Markets in Alicante City | Suitcase in SPAIN<\/title>\n<meta name=\"robots\" content=\"index, follow, max-snippet:-1, max-image-preview:large, max-video-preview:-1\" \/>\n<link rel=\"canonical\" href=\"https:\/\/suitcaseinspain.com\/es\/outdoor-street-markets-in-alicante-city\/\" \/>\n<meta property=\"og:locale\" content=\"es_ES\" \/>\n<meta property=\"og:type\" content=\"article\" \/>\n<meta property=\"og:title\" content=\"Outdoor Street Markets in Alicante City | Suitcase in SPAIN\" \/>\n<meta property=\"og:description\" content=\"Discover the vibrant outdoor street markets in Alicante! From Mercadillo de Babel to Mercadillo de Benal\u00faa, Mercadillo de Carolinas and Mercadillo Jos\u00e9 Manuel Gos\u00e1lbez (Teulada), explore a wide range of stalls offering fresh produce, clothing, accessories, and more. Experience the bustling atmosphere, enjoy local flavors, and find unique treasures. Don&#039;t miss these lively markets during your visit to Alicante!\" \/>\n<meta property=\"og:url\" content=\"https:\/\/suitcaseinspain.com\/es\/outdoor-street-markets-in-alicante-city\/\" \/>\n<meta property=\"og:site_name\" content=\"Suitcase in SPAIN\" \/>\n<meta property=\"article:publisher\" content=\"https:\/\/www.facebook.com\/suitcaseinspain\/\" \/>\n<meta property=\"article:published_time\" content=\"2022-08-20T11:37:50+00:00\" \/>\n<meta property=\"article:modified_time\" content=\"2023-06-03T21:16:48+00:00\" \/>\n<meta property=\"og:image\" content=\"https:\/\/suitcaseinspain.com\/wp-content\/uploads\/2022\/08\/Mercadillo-Babel-Alicante-Spain.jpg\" \/>\n\t<meta property=\"og:image:width\" content=\"1200\" \/>\n\t<meta property=\"og:image:height\" content=\"630\" \/>\n\t<meta property=\"og:image:type\" content=\"image\/jpeg\" \/>\n<meta name=\"author\" content=\"JC\" \/>\n<meta name=\"twitter:card\" content=\"summary_large_image\" \/>\n<meta name=\"twitter:label1\" content=\"Escrito por\" \/>\n\t<meta name=\"twitter:data1\" content=\"JC\" \/>\n\t<meta name=\"twitter:label2\" content=\"Tiempo de lectura\" \/>\n\t<meta name=\"twitter:data2\" content=\"7 minutos\" \/>\n<script type=\"application\/ld+json\" class=\"yoast-schema-graph\">{\"@context\":\"https:\\\/\\\/schema.org\",\"@graph\":[{\"@type\":\"Article\",\"@id\":\"https:\\\/\\\/suitcaseinspain.com\\\/outdoor-street-markets-in-alicante-city\\\/#article\",\"isPartOf\":{\"@id\":\"https:\\\/\\\/suitcaseinspain.com\\\/outdoor-street-markets-in-alicante-city\\\/\"},\"author\":{\"name\":\"JC\",\"@id\":\"https:\\\/\\\/suitcaseinspain.com\\\/#\\\/schema\\\/person\\\/e4dbdf08483aec7c999a57fe5c5ca10c\"},\"headline\":\"Outdoor Street Markets in Alicante City\",\"datePublished\":\"2022-08-20T11:37:50+00:00\",\"dateModified\":\"2023-06-03T21:16:48+00:00\",\"mainEntityOfPage\":{\"@id\":\"https:\\\/\\\/suitcaseinspain.com\\\/outdoor-street-markets-in-alicante-city\\\/\"},\"wordCount\":1489,\"publisher\":{\"@id\":\"https:\\\/\\\/suitcaseinspain.com\\\/#organization\"},\"image\":{\"@id\":\"https:\\\/\\\/suitcaseinspain.com\\\/outdoor-street-markets-in-alicante-city\\\/#primaryimage\"},\"thumbnailUrl\":\"https:\\\/\\\/suitcaseinspain.com\\\/wp-content\\\/uploads\\\/2022\\\/08\\\/Mercadillo-Babel-Alicante-Spain.jpg\",\"keywords\":[\"Benalua\",\"Carolinas\",\"fresh fruits and vegetables stalls\",\"Mercadillo de Babel\",\"Mercadillo de Benalua\",\"Mercadillo de Carolinas\",\"Mercadillo Jos\u00e9 Manuel Gos\u00e1lbez - Teulada\",\"Mercado\",\"Mercado Babel\",\"Mercado Benalua\",\"outdoor market\",\"outdoor street markets\",\"Santa Faz\"],\"articleSection\":[\"Alicante\",\"Destinations\",\"Resources\",\"Shopping\"],\"inLanguage\":\"es\"},{\"@type\":\"WebPage\",\"@id\":\"https:\\\/\\\/suitcaseinspain.com\\\/outdoor-street-markets-in-alicante-city\\\/\",\"url\":\"https:\\\/\\\/suitcaseinspain.com\\\/outdoor-street-markets-in-alicante-city\\\/\",\"name\":\"Outdoor Street Markets in Alicante City | Suitcase in SPAIN\",\"isPartOf\":{\"@id\":\"https:\\\/\\\/suitcaseinspain.com\\\/#website\"},\"primaryImageOfPage\":{\"@id\":\"https:\\\/\\\/suitcaseinspain.com\\\/outdoor-street-markets-in-alicante-city\\\/#primaryimage\"},\"image\":{\"@id\":\"https:\\\/\\\/suitcaseinspain.com\\\/outdoor-street-markets-in-alicante-city\\\/#primaryimage\"},\"thumbnailUrl\":\"https:\\\/\\\/suitcaseinspain.com\\\/wp-content\\\/uploads\\\/2022\\\/08\\\/Mercadillo-Babel-Alicante-Spain.jpg\",\"datePublished\":\"2022-08-20T11:37:50+00:00\",\"dateModified\":\"2023-06-03T21:16:48+00:00\",\"breadcrumb\":{\"@id\":\"https:\\\/\\\/suitcaseinspain.com\\\/outdoor-street-markets-in-alicante-city\\\/#breadcrumb\"},\"inLanguage\":\"es\",\"potentialAction\":[{\"@type\":\"ReadAction\",\"target\":[\"https:\\\/\\\/suitcaseinspain.com\\\/outdoor-street-markets-in-alicante-city\\\/\"]}]},{\"@type\":\"ImageObject\",\"inLanguage\":\"es\",\"@id\":\"https:\\\/\\\/suitcaseinspain.com\\\/outdoor-street-markets-in-alicante-city\\\/#primaryimage\",\"url\":\"https:\\\/\\\/suitcaseinspain.com\\\/wp-content\\\/uploads\\\/2022\\\/08\\\/Mercadillo-Babel-Alicante-Spain.jpg\",\"contentUrl\":\"https:\\\/\\\/suitcaseinspain.com\\\/wp-content\\\/uploads\\\/2022\\\/08\\\/Mercadillo-Babel-Alicante-Spain.jpg\",\"width\":1200,\"height\":630,\"caption\":\"Mercadillo Babel in Alicante, Spain\"},{\"@type\":\"BreadcrumbList\",\"@id\":\"https:\\\/\\\/suitcaseinspain.com\\\/outdoor-street-markets-in-alicante-city\\\/#breadcrumb\",\"itemListElement\":[{\"@type\":\"ListItem\",\"position\":1,\"name\":\"Home\",\"item\":\"https:\\\/\\\/suitcaseinspain.com\\\/\"},{\"@type\":\"ListItem\",\"position\":2,\"name\":\"Outdoor Street Markets in Alicante City\"}]},{\"@type\":\"WebSite\",\"@id\":\"https:\\\/\\\/suitcaseinspain.com\\\/#website\",\"url\":\"https:\\\/\\\/suitcaseinspain.com\\\/\",\"name\":\"Suitcase in SPAIN\",\"description\":\"La Vida Loca in Spain\",\"publisher\":{\"@id\":\"https:\\\/\\\/suitcaseinspain.com\\\/#organization\"},\"potentialAction\":[{\"@type\":\"SearchAction\",\"target\":{\"@type\":\"EntryPoint\",\"urlTemplate\":\"https:\\\/\\\/suitcaseinspain.com\\\/?s={search_term_string}\"},\"query-input\":{\"@type\":\"PropertyValueSpecification\",\"valueRequired\":true,\"valueName\":\"search_term_string\"}}],\"inLanguage\":\"es\"},{\"@type\":\"Organization\",\"@id\":\"https:\\\/\\\/suitcaseinspain.com\\\/#organization\",\"name\":\"Suitcase in SPAIN\",\"url\":\"https:\\\/\\\/suitcaseinspain.com\\\/\",\"logo\":{\"@type\":\"ImageObject\",\"inLanguage\":\"es\",\"@id\":\"https:\\\/\\\/suitcaseinspain.com\\\/#\\\/schema\\\/logo\\\/image\\\/\",\"url\":\"https:\\\/\\\/suitcaseinspain.com\\\/wp-content\\\/uploads\\\/2022\\\/08\\\/Suitcase_in_Spain_Logo.jpg\",\"contentUrl\":\"https:\\\/\\\/suitcaseinspain.com\\\/wp-content\\\/uploads\\\/2022\\\/08\\\/Suitcase_in_Spain_Logo.jpg\",\"width\":1251,\"height\":1251,\"caption\":\"Suitcase in SPAIN\"},\"image\":{\"@id\":\"https:\\\/\\\/suitcaseinspain.com\\\/#\\\/schema\\\/logo\\\/image\\\/\"},\"sameAs\":[\"https:\\\/\\\/www.facebook.com\\\/suitcaseinspain\\\/\",\"https:\\\/\\\/www.instagram.com\\\/suitcaseinspain\\\/\",\"https:\\\/\\\/www.youtube.com\\\/@suitcaseinspain\"]},{\"@type\":\"Person\",\"@id\":\"https:\\\/\\\/suitcaseinspain.com\\\/#\\\/schema\\\/person\\\/e4dbdf08483aec7c999a57fe5c5ca10c\",\"name\":\"JC\",\"image\":{\"@type\":\"ImageObject\",\"inLanguage\":\"es\",\"@id\":\"https:\\\/\\\/secure.gravatar.com\\\/avatar\\\/21838357e1dda97dfa833deac8e4adce02bc41fe729bc4380ce6f9ed456e1b46?s=96&d=identicon&r=g\",\"url\":\"https:\\\/\\\/secure.gravatar.com\\\/avatar\\\/21838357e1dda97dfa833deac8e4adce02bc41fe729bc4380ce6f9ed456e1b46?s=96&d=identicon&r=g\",\"contentUrl\":\"https:\\\/\\\/secure.gravatar.com\\\/avatar\\\/21838357e1dda97dfa833deac8e4adce02bc41fe729bc4380ce6f9ed456e1b46?s=96&d=identicon&r=g\",\"caption\":\"JC\"},\"url\":\"https:\\\/\\\/suitcaseinspain.com\\\/es\\\/author\\\/leblj\\\/\"}]}<\/script>\n<!-- \/ Yoast SEO plugin. -->","yoast_head_json":{"title":"Outdoor Street Markets in Alicante City | Suitcase in SPAIN","robots":{"index":"index","follow":"follow","max-snippet":"max-snippet:-1","max-image-preview":"max-image-preview:large","max-video-preview":"max-video-preview:-1"},"canonical":"https:\/\/suitcaseinspain.com\/es\/outdoor-street-markets-in-alicante-city\/","og_locale":"es_ES","og_type":"article","og_title":"Outdoor Street Markets in Alicante City | Suitcase in SPAIN","og_description":"Discover the vibrant outdoor street markets in Alicante! From Mercadillo de Babel to Mercadillo de Benal\u00faa, Mercadillo de Carolinas and Mercadillo Jos\u00e9 Manuel Gos\u00e1lbez (Teulada), explore a wide range of stalls offering fresh produce, clothing, accessories, and more. Experience the bustling atmosphere, enjoy local flavors, and find unique treasures. Don't miss these lively markets during your visit to Alicante!","og_url":"https:\/\/suitcaseinspain.com\/es\/outdoor-street-markets-in-alicante-city\/","og_site_name":"Suitcase in SPAIN","article_publisher":"https:\/\/www.facebook.com\/suitcaseinspain\/","article_published_time":"2022-08-20T11:37:50+00:00","article_modified_time":"2023-06-03T21:16:48+00:00","og_image":[{"width":1200,"height":630,"url":"https:\/\/suitcaseinspain.com\/wp-content\/uploads\/2022\/08\/Mercadillo-Babel-Alicante-Spain.jpg","type":"image\/jpeg"}],"author":"JC","twitter_card":"summary_large_image","twitter_misc":{"Escrito por":"JC","Tiempo de lectura":"7 minutos"},"schema":{"@context":"https:\/\/schema.org","@graph":[{"@type":"Article","@id":"https:\/\/suitcaseinspain.com\/outdoor-street-markets-in-alicante-city\/#article","isPartOf":{"@id":"https:\/\/suitcaseinspain.com\/outdoor-street-markets-in-alicante-city\/"},"author":{"name":"JC","@id":"https:\/\/suitcaseinspain.com\/#\/schema\/person\/e4dbdf08483aec7c999a57fe5c5ca10c"},"headline":"Outdoor Street Markets in Alicante City","datePublished":"2022-08-20T11:37:50+00:00","dateModified":"2023-06-03T21:16:48+00:00","mainEntityOfPage":{"@id":"https:\/\/suitcaseinspain.com\/outdoor-street-markets-in-alicante-city\/"},"wordCount":1489,"publisher":{"@id":"https:\/\/suitcaseinspain.com\/#organization"},"image":{"@id":"https:\/\/suitcaseinspain.com\/outdoor-street-markets-in-alicante-city\/#primaryimage"},"thumbnailUrl":"https:\/\/suitcaseinspain.com\/wp-content\/uploads\/2022\/08\/Mercadillo-Babel-Alicante-Spain.jpg","keywords":["Benalua","Carolinas","fresh fruits and vegetables stalls","Mercadillo de Babel","Mercadillo de Benalua","Mercadillo de Carolinas","Mercadillo Jos\u00e9 Manuel Gos\u00e1lbez - Teulada","Mercado","Mercado Babel","Mercado Benalua","outdoor market","outdoor street markets","Santa Faz"],"articleSection":["Alicante","Destinations","Resources","Shopping"],"inLanguage":"es"},{"@type":"WebPage","@id":"https:\/\/suitcaseinspain.com\/outdoor-street-markets-in-alicante-city\/","url":"https:\/\/suitcaseinspain.com\/outdoor-street-markets-in-alicante-city\/","name":"Outdoor Street Markets in Alicante City | Suitcase in SPAIN","isPartOf":{"@id":"https:\/\/suitcaseinspain.com\/#website"},"primaryImageOfPage":{"@id":"https:\/\/suitcaseinspain.com\/outdoor-street-markets-in-alicante-city\/#primaryimage"},"image":{"@id":"https:\/\/suitcaseinspain.com\/outdoor-street-markets-in-alicante-city\/#primaryimage"},"thumbnailUrl":"https:\/\/suitcaseinspain.com\/wp-content\/uploads\/2022\/08\/Mercadillo-Babel-Alicante-Spain.jpg","datePublished":"2022-08-20T11:37:50+00:00","dateModified":"2023-06-03T21:16:48+00:00","breadcrumb":{"@id":"https:\/\/suitcaseinspain.com\/outdoor-street-markets-in-alicante-city\/#breadcrumb"},"inLanguage":"es","potentialAction":[{"@type":"ReadAction","target":["https:\/\/suitcaseinspain.com\/outdoor-street-markets-in-alicante-city\/"]}]},{"@type":"ImageObject","inLanguage":"es","@id":"https:\/\/suitcaseinspain.com\/outdoor-street-markets-in-alicante-city\/#primaryimage","url":"https:\/\/suitcaseinspain.com\/wp-content\/uploads\/2022\/08\/Mercadillo-Babel-Alicante-Spain.jpg","contentUrl":"https:\/\/suitcaseinspain.com\/wp-content\/uploads\/2022\/08\/Mercadillo-Babel-Alicante-Spain.jpg","width":1200,"height":630,"caption":"Mercadillo Babel in Alicante, Spain"},{"@type":"BreadcrumbList","@id":"https:\/\/suitcaseinspain.com\/outdoor-street-markets-in-alicante-city\/#breadcrumb","itemListElement":[{"@type":"ListItem","position":1,"name":"Home","item":"https:\/\/suitcaseinspain.com\/"},{"@type":"ListItem","position":2,"name":"Outdoor Street Markets in Alicante City"}]},{"@type":"WebSite","@id":"https:\/\/suitcaseinspain.com\/#website","url":"https:\/\/suitcaseinspain.com\/","name":"Suitcase in SPAIN","description":"La Vida Loca in Spain","publisher":{"@id":"https:\/\/suitcaseinspain.com\/#organization"},"potentialAction":[{"@type":"SearchAction","target":{"@type":"EntryPoint","urlTemplate":"https:\/\/suitcaseinspain.com\/?s={search_term_string}"},"query-input":{"@type":"PropertyValueSpecification","valueRequired":true,"valueName":"search_term_string"}}],"inLanguage":"es"},{"@type":"Organization","@id":"https:\/\/suitcaseinspain.com\/#organization","name":"Suitcase in SPAIN","url":"https:\/\/suitcaseinspain.com\/","logo":{"@type":"ImageObject","inLanguage":"es","@id":"https:\/\/suitcaseinspain.com\/#\/schema\/logo\/image\/","url":"https:\/\/suitcaseinspain.com\/wp-content\/uploads\/2022\/08\/Suitcase_in_Spain_Logo.jpg","contentUrl":"https:\/\/suitcaseinspain.com\/wp-content\/uploads\/2022\/08\/Suitcase_in_Spain_Logo.jpg","width":1251,"height":1251,"caption":"Suitcase in SPAIN"},"image":{"@id":"https:\/\/suitcaseinspain.com\/#\/schema\/logo\/image\/"},"sameAs":["https:\/\/www.facebook.com\/suitcaseinspain\/","https:\/\/www.instagram.com\/suitcaseinspain\/","https:\/\/www.youtube.com\/@suitcaseinspain"]},{"@type":"Person","@id":"https:\/\/suitcaseinspain.com\/#\/schema\/person\/e4dbdf08483aec7c999a57fe5c5ca10c","name":"JC","image":{"@type":"ImageObject","inLanguage":"es","@id":"https:\/\/secure.gravatar.com\/avatar\/21838357e1dda97dfa833deac8e4adce02bc41fe729bc4380ce6f9ed456e1b46?s=96&d=identicon&r=g","url":"https:\/\/secure.gravatar.com\/avatar\/21838357e1dda97dfa833deac8e4adce02bc41fe729bc4380ce6f9ed456e1b46?s=96&d=identicon&r=g","contentUrl":"https:\/\/secure.gravatar.com\/avatar\/21838357e1dda97dfa833deac8e4adce02bc41fe729bc4380ce6f9ed456e1b46?s=96&d=identicon&r=g","caption":"JC"},"url":"https:\/\/suitcaseinspain.com\/es\/author\/leblj\/"}]}},"_links":{"self":[{"href":"https:\/\/suitcaseinspain.com\/es\/wp-json\/wp\/v2\/posts\/223037","targetHints":{"allow":["GET"]}}],"collection":[{"href":"https:\/\/suitcaseinspain.com\/es\/wp-json\/wp\/v2\/posts"}],"about":[{"href":"https:\/\/suitcaseinspain.com\/es\/wp-json\/wp\/v2\/types\/post"}],"author":[{"embeddable":true,"href":"https:\/\/suitcaseinspain.com\/es\/wp-json\/wp\/v2\/users\/1"}],"replies":[{"embeddable":true,"href":"https:\/\/suitcaseinspain.com\/es\/wp-json\/wp\/v2\/comments?post=223037"}],"version-history":[{"count":0,"href":"https:\/\/suitcaseinspain.com\/es\/wp-json\/wp\/v2\/posts\/223037\/revisions"}],"wp:featuredmedia":[{"embeddable":true,"href":"https:\/\/suitcaseinspain.com\/es\/wp-json\/wp\/v2\/media\/230371"}],"wp:attachment":[{"href":"https:\/\/suitcaseinspain.com\/es\/wp-json\/wp\/v2\/media?parent=223037"}],"wp:term":[{"taxonomy":"category","embeddable":true,"href":"https:\/\/suitcaseinspain.com\/es\/wp-json\/wp\/v2\/categories?post=223037"},{"taxonomy":"post_tag","embeddable":true,"href":"https:\/\/suitcaseinspain.com\/es\/wp-json\/wp\/v2\/tags?post=223037"}],"curies":[{"name":"wp","href":"https:\/\/api.w.org\/{rel}","templated":true}]}}