{"id":227198,"date":"2018-09-18T17:08:08","date_gmt":"2018-09-18T15:08:08","guid":{"rendered":"https:\/\/suitcaseinspain.com\/?p=227198"},"modified":"2023-06-25T18:20:39","modified_gmt":"2023-06-25T16:20:39","slug":"top-4-public-food-markets-in-valencia","status":"publish","type":"post","link":"https:\/\/suitcaseinspain.com\/es\/top-4-public-food-markets-in-valencia\/","title":{"rendered":"Top 4 Public Food Markets in Valencia"},"content":{"rendered":"<p>[et_pb_section fb_built=&#8221;1&#8243; _builder_version=&#8221;4.20.2&#8243; _module_preset=&#8221;default&#8221; custom_margin=&#8221;20px||||false|false&#8221; da_disable_devices=&#8221;off|off|off&#8221; global_colors_info=&#8221;{}&#8221; da_is_popup=&#8221;off&#8221; da_exit_intent=&#8221;off&#8221; da_has_close=&#8221;on&#8221; da_alt_close=&#8221;off&#8221; da_dark_close=&#8221;off&#8221; da_not_modal=&#8221;on&#8221; da_is_singular=&#8221;off&#8221; da_with_loader=&#8221;off&#8221; da_has_shadow=&#8221;on&#8221;][et_pb_row _builder_version=&#8221;4.20.2&#8243; _module_preset=&#8221;default&#8221; width=&#8221;100%&#8221; custom_padding=&#8221;||||false|false&#8221; global_colors_info=&#8221;{}&#8221;][et_pb_column type=&#8221;4_4&#8243; _builder_version=&#8221;4.20.2&#8243; _module_preset=&#8221;default&#8221; global_colors_info=&#8221;{}&#8221;][et_pb_text admin_label=&#8221;TOC&#8221; _builder_version=&#8221;4.17.4&#8243; _module_preset=&#8221;default&#8221; custom_css_main_element=&#8221;text-align: -webkit-center!important;&#8221; global_colors_info=&#8221;{}&#8221;]<div id=\"ez-toc-container\" class=\"ez-toc-v2_0_82_2 ez-toc-wrap-center counter-hierarchy ez-toc-counter ez-toc-custom ez-toc-container-direction\">\n<p class=\"ez-toc-title\" style=\"cursor:inherit\">Table of Contents<\/p>\n<label for=\"ez-toc-cssicon-toggle-item-69f4b688bc35e\" class=\"ez-toc-cssicon-toggle-label\"><span class=\"ez-toc-cssicon\"><span class=\"eztoc-hide\" style=\"display:none;\">Toggle<\/span><span class=\"ez-toc-icon-toggle-span\"><svg style=\"fill: #ffffff;color:#ffffff\" xmlns=\"http:\/\/www.w3.org\/2000\/svg\" class=\"list-377408\" width=\"20px\" height=\"20px\" viewBox=\"0 0 24 24\" fill=\"none\"><path d=\"M6 6H4v2h2V6zm14 0H8v2h12V6zM4 11h2v2H4v-2zm16 0H8v2h12v-2zM4 16h2v2H4v-2zm16 0H8v2h12v-2z\" fill=\"currentColor\"><\/path><\/svg><svg style=\"fill: #ffffff;color:#ffffff\" class=\"arrow-unsorted-368013\" xmlns=\"http:\/\/www.w3.org\/2000\/svg\" width=\"10px\" height=\"10px\" viewBox=\"0 0 24 24\" version=\"1.2\" baseProfile=\"tiny\"><path d=\"M18.2 9.3l-6.2-6.3-6.2 6.3c-.2.2-.3.4-.3.7s.1.5.3.7c.2.2.4.3.7.3h11c.3 0 .5-.1.7-.3.2-.2.3-.5.3-.7s-.1-.5-.3-.7zM5.8 14.7l6.2 6.3 6.2-6.3c.2-.2.3-.5.3-.7s-.1-.5-.3-.7c-.2-.2-.4-.3-.7-.3h-11c-.3 0-.5.1-.7.3-.2.2-.3.5-.3.7s.1.5.3.7z\"\/><\/svg><\/span><\/span><\/label><input type=\"checkbox\"  id=\"ez-toc-cssicon-toggle-item-69f4b688bc35e\" checked aria-label=\"Alternar\" \/><nav><ul class='ez-toc-list ez-toc-list-level-1 ' ><li class='ez-toc-page-1 ez-toc-heading-level-3'><a class=\"ez-toc-link ez-toc-heading-1\" href=\"https:\/\/suitcaseinspain.com\/es\/top-4-public-food-markets-in-valencia\/#Farm_fresh_produce_at_our_doorstep\" >Farm fresh produce at our doorstep<\/a><\/li><li class='ez-toc-page-1 ez-toc-heading-level-3'><a class=\"ez-toc-link ez-toc-heading-2\" href=\"https:\/\/suitcaseinspain.com\/es\/top-4-public-food-markets-in-valencia\/#Mercado_Central\" >Mercado Central<\/a><\/li><li class='ez-toc-page-1 ez-toc-heading-level-3'><a class=\"ez-toc-link ez-toc-heading-3\" href=\"https:\/\/suitcaseinspain.com\/es\/top-4-public-food-markets-in-valencia\/#Mercado_Colon\" >Mercado Col\u00f3n<\/a><\/li><li class='ez-toc-page-1 ez-toc-heading-level-3'><a class=\"ez-toc-link ez-toc-heading-4\" href=\"https:\/\/suitcaseinspain.com\/es\/top-4-public-food-markets-in-valencia\/#Mercado_de_Russafa\" >Mercado de Russafa<\/a><\/li><li class='ez-toc-page-1 ez-toc-heading-level-3'><a class=\"ez-toc-link ez-toc-heading-5\" href=\"https:\/\/suitcaseinspain.com\/es\/top-4-public-food-markets-in-valencia\/#El_Cabanyal_Market\" >El Cabanyal Market<\/a><\/li><\/ul><\/nav><\/div>\n[\/et_pb_text][\/et_pb_column][\/et_pb_row][et_pb_row _builder_version=&#8221;4.20.2&#8243; _module_preset=&#8221;default&#8221; width=&#8221;100%&#8221; custom_margin=&#8221;19px||||false|false&#8221; global_colors_info=&#8221;{}&#8221;][et_pb_column type=&#8221;4_4&#8243; _builder_version=&#8221;4.20.2&#8243; _module_preset=&#8221;default&#8221; global_colors_info=&#8221;{}&#8221;][et_pb_text _builder_version=&#8221;4.20.2&#8243; _module_preset=&#8221;default&#8221; global_colors_info=&#8221;{}&#8221;]<\/p>\n<h3><span class=\"ez-toc-section\" id=\"Farm_fresh_produce_at_our_doorstep\"><\/span>Farm fresh produce at our doorstep<span class=\"ez-toc-section-end\"><\/span><\/h3>\n<p>We have always preferred shopping at our local public market, like in Vancouver, who couldn\u2019t resist going to <a href=\"https:\/\/granvilleisland.com\/public-market\" target=\"_blank\" rel=\"noopener\">Granville Island Public Market<\/a>? We have been going there for years, first as a place to buy fresh fruits, vegetables, meats and flowers. Then when the children came along, it became a family outing. Then as the children were growing up and time was limited, I resorted to calling in my orders ahead of time and if there wasn\u2019t a parking space available, I could easily call on my go-to Italian food place, <a href=\"https:\/\/granvilleisland.com\/directory\/dusos-italian-foods\" target=\"_blank\" rel=\"noopener\">Duso\u2019s<\/a> or Mike from <a href=\"https:\/\/granvilleisland.com\/directory\/tenderland-meats\" target=\"_blank\" rel=\"noopener\">Tenderland Meats<\/a> for my weekly order of their amazing Maui Ribs and they would kindly meet me in my car while double parked of course, and bring me my order. Well, that was over 10 years ago! Now we are living in Spain where public markets are abundant and that means, walking distance.<\/p>\n<p>Shopping in Europe is a bit different than how we shop for food in Canada. Here, you shop almost daily so your fridge isn\u2019t packed full of stuff you can\u2019t even remember when you brought it home. In Valencia, we are privileged to have many public food markets near us where we can easily pick up premium natural honey (our personal favorite is azahar \u2013 orange blossom honey), freshly roasted peanuts, local fresh meats, breads (including pastries!) , fruits and vegetables.<\/p>\n<p>[\/et_pb_text][\/et_pb_column][\/et_pb_row][et_pb_row _builder_version=&#8221;4.20.2&#8243; _module_preset=&#8221;default&#8221; width=&#8221;100%&#8221; custom_padding=&#8221;37px|||||&#8221; global_colors_info=&#8221;{}&#8221;][et_pb_column type=&#8221;4_4&#8243; _builder_version=&#8221;4.20.2&#8243; _module_preset=&#8221;default&#8221; global_colors_info=&#8221;{}&#8221;][et_pb_text _builder_version=&#8221;4.20.2&#8243; _module_preset=&#8221;default&#8221; global_colors_info=&#8221;{}&#8221;]<\/p>\n<h3><span class=\"ez-toc-section\" id=\"Mercado_Central\"><\/span>Mercado Central<span class=\"ez-toc-section-end\"><\/span><\/h3>\n<p>The Central Market (Mercado Central) in Valencia is a historic market that was built between 1914 and 1928. It is considered one of the largest markets in Europe, with over 1200 stalls selling a variety of fresh produce, meats, cheeses, and seafood. The market&#8217;s stunning modernist architecture, designed by Alejandro Soler March, is a major attraction for visitors to Valencia.<\/p>\n<p>[\/et_pb_text][\/et_pb_column][\/et_pb_row][et_pb_row column_structure=&#8221;1_2,1_2&#8243; _builder_version=&#8221;4.20.2&#8243; _module_preset=&#8221;default&#8221; width=&#8221;100%&#8221; global_colors_info=&#8221;{}&#8221;][et_pb_column type=&#8221;1_2&#8243; _builder_version=&#8221;4.20.2&#8243; _module_preset=&#8221;default&#8221; global_colors_info=&#8221;{}&#8221;][et_pb_image src=&#8221;https:\/\/suitcaseinspain.com\/wp-content\/uploads\/2018\/09\/main-blog-image.jpg&#8221; alt=&#8221;inside Mercado Central Valencia-Spain&#8221; title_text=&#8221;Mercado central de Valencia ,  fotograf\u00edas de Eva M\u00e1\u00f1ez&#8221; _builder_version=&#8221;4.20.2&#8243; _module_preset=&#8221;default&#8221; global_colors_info=&#8221;{}&#8221;][\/et_pb_image][\/et_pb_column][et_pb_column type=&#8221;1_2&#8243; _builder_version=&#8221;4.20.2&#8243; _module_preset=&#8221;default&#8221; global_colors_info=&#8221;{}&#8221;][et_pb_text _builder_version=&#8221;4.20.2&#8243; _module_preset=&#8221;default&#8221; global_colors_info=&#8221;{}&#8221;]<\/p>\n<p><strong>Mercado Central de Valencia<\/strong><br \/>Plaza Ciudad de Brujas, 46001 Valencia, Espa\u00f1a.<br \/>Tel: +34 963 82 91 00<br \/>E-mail: informacion@mercadocentralvalencia.es<br \/>Web: <a href=\"https:\/\/www.mercadocentralvalencia.es\/\" target=\"_blank\" rel=\"noopener\">Official Mercado Central de Valencia Website<\/a><\/p>\n<p>[\/et_pb_text][\/et_pb_column][\/et_pb_row][\/et_pb_section][et_pb_section fb_built=&#8221;1&#8243; _builder_version=&#8221;4.20.2&#8243; _module_preset=&#8221;default&#8221; custom_margin=&#8221;1px|||||&#8221; da_disable_devices=&#8221;off|off|off&#8221; global_colors_info=&#8221;{}&#8221; da_is_popup=&#8221;off&#8221; da_exit_intent=&#8221;off&#8221; da_has_close=&#8221;on&#8221; da_alt_close=&#8221;off&#8221; da_dark_close=&#8221;off&#8221; da_not_modal=&#8221;on&#8221; da_is_singular=&#8221;off&#8221; da_with_loader=&#8221;off&#8221; da_has_shadow=&#8221;on&#8221;][et_pb_row _builder_version=&#8221;4.20.2&#8243; _module_preset=&#8221;default&#8221; width=&#8221;100%&#8221; custom_padding=&#8221;20px||||false|false&#8221; global_colors_info=&#8221;{}&#8221;][et_pb_column type=&#8221;4_4&#8243; _builder_version=&#8221;4.20.2&#8243; _module_preset=&#8221;default&#8221; global_colors_info=&#8221;{}&#8221;][et_pb_text _builder_version=&#8221;4.20.2&#8243; _module_preset=&#8221;default&#8221; global_colors_info=&#8221;{}&#8221;]<\/p>\n<h3><span class=\"ez-toc-section\" id=\"Mercado_Colon\"><\/span>Mercado <span style=\"font-weight: 400;\">Col\u00f3n<\/span><span class=\"ez-toc-section-end\"><\/span><\/h3>\n<p>Mercado Colon was inaugurated on New Year\u2019s Eve 1916 and is a wonderful example of Valencian Art Nouveau (Modernist) architecture from the early 20th Century. The building functioned as a public market until 1985. After that, it was closed due to its dilapidated and unstable state. An extensive, multi-stage restoration process began which included three levels of underground parking and a two-floor covered shopping area. Click here to read more about the restoration and preservation of this European Heritage Award winning historical space.<\/p>\n<p>The mercado no longer sells fresh fruits and vegetables. Instead, it has evolved into a Gastro Market. It is the perfect place to hang out with friends with plenty of caf\u00e9s and restaurants to choose from.<\/p>\n<p>[\/et_pb_text][\/et_pb_column][\/et_pb_row][et_pb_row column_structure=&#8221;1_2,1_2&#8243; _builder_version=&#8221;4.20.2&#8243; _module_preset=&#8221;default&#8221; width=&#8221;100%&#8221; custom_padding=&#8221;20px||||false|false&#8221; global_colors_info=&#8221;{}&#8221;][et_pb_column type=&#8221;1_2&#8243; _builder_version=&#8221;4.20.2&#8243; _module_preset=&#8221;default&#8221; global_colors_info=&#8221;{}&#8221;][et_pb_image src=&#8221;https:\/\/suitcaseinspain.com\/wp-content\/uploads\/2023\/03\/Mercado-Colon-Valencia-Spain.jpg&#8221; alt=&#8221;Mercado Colon -Valencia-Spain&#8221; title_text=&#8221;Mercado Colon -Valencia-Spain&#8221; _builder_version=&#8221;4.20.2&#8243; _module_preset=&#8221;default&#8221; global_colors_info=&#8221;{}&#8221;][\/et_pb_image][\/et_pb_column][et_pb_column type=&#8221;1_2&#8243; _builder_version=&#8221;4.20.2&#8243; _module_preset=&#8221;default&#8221; global_colors_info=&#8221;{}&#8221;][et_pb_text _builder_version=&#8221;4.20.2&#8243; _module_preset=&#8221;default&#8221; global_colors_info=&#8221;{}&#8221;]<\/p>\n<p><strong>Mercado Colon<\/strong><br \/>Carrer Jorge Juan, 19 46004 Valencia, Espa\u00f1a.<br \/>Tel: +34 96 337 1101<br \/>E-mail: info@mercadocolon.es<br \/>Web: <a href=\"http:\/\/mercadocolon.es\/\" target=\"_blank\" rel=\"noopener\">Official Mercado de Colon Website<\/a><\/p>\n<p>[\/et_pb_text][\/et_pb_column][\/et_pb_row][\/et_pb_section][et_pb_section fb_built=&#8221;1&#8243; _builder_version=&#8221;4.20.2&#8243; _module_preset=&#8221;default&#8221; custom_margin=&#8221;1px|||||&#8221; da_disable_devices=&#8221;off|off|off&#8221; global_colors_info=&#8221;{}&#8221; da_is_popup=&#8221;off&#8221; da_exit_intent=&#8221;off&#8221; da_has_close=&#8221;on&#8221; da_alt_close=&#8221;off&#8221; da_dark_close=&#8221;off&#8221; da_not_modal=&#8221;on&#8221; da_is_singular=&#8221;off&#8221; da_with_loader=&#8221;off&#8221; da_has_shadow=&#8221;on&#8221;][et_pb_row _builder_version=&#8221;4.20.2&#8243; _module_preset=&#8221;default&#8221; width=&#8221;100%&#8221; custom_padding=&#8221;20px||||false|false&#8221; global_colors_info=&#8221;{}&#8221;][et_pb_column type=&#8221;4_4&#8243; _builder_version=&#8221;4.20.2&#8243; _module_preset=&#8221;default&#8221; global_colors_info=&#8221;{}&#8221;][et_pb_text _builder_version=&#8221;4.20.2&#8243; _module_preset=&#8221;default&#8221; global_colors_info=&#8221;{}&#8221;]<\/p>\n<h3><span class=\"ez-toc-section\" id=\"Mercado_de_Russafa\"><\/span>Mercado de Russafa<span class=\"ez-toc-section-end\"><\/span><\/h3>\n<p>Mercado de Russafa in Valencia is a simple and colorful building in the middle of the Russafa neighborhood. Here you will find a mini version of Mercado Central and is often less crowded.<\/p>\n<p>[\/et_pb_text][\/et_pb_column][\/et_pb_row][et_pb_row column_structure=&#8221;1_2,1_2&#8243; _builder_version=&#8221;4.20.2&#8243; _module_preset=&#8221;default&#8221; width=&#8221;100%&#8221; custom_padding=&#8221;20px||||false|false&#8221; global_colors_info=&#8221;{}&#8221;][et_pb_column type=&#8221;1_2&#8243; _builder_version=&#8221;4.20.2&#8243; _module_preset=&#8221;default&#8221; global_colors_info=&#8221;{}&#8221;][et_pb_image src=&#8221;https:\/\/suitcaseinspain.com\/wp-content\/uploads\/2023\/03\/Mercat-de-Russafa-Valencia-Spain.png&#8221; title_text=&#8221;Mercat-de-Russafa-Valencia-Spain&#8221; _builder_version=&#8221;4.20.2&#8243; _module_preset=&#8221;default&#8221; global_colors_info=&#8221;{}&#8221;][\/et_pb_image][\/et_pb_column][et_pb_column type=&#8221;1_2&#8243; _builder_version=&#8221;4.20.2&#8243; _module_preset=&#8221;default&#8221; global_colors_info=&#8221;{}&#8221;][et_pb_text _builder_version=&#8221;4.20.2&#8243; _module_preset=&#8221;default&#8221; global_colors_info=&#8221;{}&#8221;]<\/p>\n<p><strong>Mercat de Russafa<\/strong><br \/>Pla\u00e7a del Bar\u00f3 de Cort\u00e9s, s\/n, 46004 Val\u00e8ncia, Espa\u00f1a.<br \/>Tel: +34 963 74 40 25<br \/>E-mail: info@mercatderussafa.com<br \/>Web: <a href=\"http:\/\/mercatderussafa.com\/\" target=\"_blank\" rel=\"noopener\">Official Mercat de Russafa Website<\/a><\/p>\n<p>[\/et_pb_text][\/et_pb_column][\/et_pb_row][\/et_pb_section][et_pb_section fb_built=&#8221;1&#8243; _builder_version=&#8221;4.20.2&#8243; _module_preset=&#8221;default&#8221; custom_margin=&#8221;1px|||||&#8221; da_disable_devices=&#8221;off|off|off&#8221; global_colors_info=&#8221;{}&#8221; da_is_popup=&#8221;off&#8221; da_exit_intent=&#8221;off&#8221; da_has_close=&#8221;on&#8221; da_alt_close=&#8221;off&#8221; da_dark_close=&#8221;off&#8221; da_not_modal=&#8221;on&#8221; da_is_singular=&#8221;off&#8221; da_with_loader=&#8221;off&#8221; da_has_shadow=&#8221;on&#8221;][et_pb_row _builder_version=&#8221;4.20.2&#8243; _module_preset=&#8221;default&#8221; width=&#8221;100%&#8221; custom_padding=&#8221;20px||||false|false&#8221; global_colors_info=&#8221;{}&#8221;][et_pb_column type=&#8221;4_4&#8243; _builder_version=&#8221;4.20.2&#8243; _module_preset=&#8221;default&#8221; global_colors_info=&#8221;{}&#8221;][et_pb_text _builder_version=&#8221;4.20.2&#8243; _module_preset=&#8221;default&#8221; global_colors_info=&#8221;{}&#8221;]<\/p>\n<h3><span class=\"ez-toc-section\" id=\"El_Cabanyal_Market\"><\/span>El Cabanyal Market<span class=\"ez-toc-section-end\"><\/span><\/h3>\n<p>Mercado Municipal del Caba\u00f1al is the perfect place to stop at if you\u2019re visiting the charming old fishermen\u2019s area of El Cabanyal, make sure to stop by the neighborhood public market. You can and pick up some of the freshest fish around as well as the same great-quality fresh meat, fruit and veg that Valencians expect to find at any local public market.<\/p>\n<p>[\/et_pb_text][\/et_pb_column][\/et_pb_row][et_pb_row column_structure=&#8221;1_2,1_2&#8243; _builder_version=&#8221;4.20.2&#8243; _module_preset=&#8221;default&#8221; width=&#8221;100%&#8221; custom_padding=&#8221;20px||||false|false&#8221; global_colors_info=&#8221;{}&#8221;][et_pb_column type=&#8221;1_2&#8243; _builder_version=&#8221;4.20.2&#8243; _module_preset=&#8221;default&#8221; global_colors_info=&#8221;{}&#8221;][et_pb_image src=&#8221;https:\/\/suitcaseinspain.com\/wp-content\/uploads\/2018\/09\/MercadoCabanyal-Fachada-CL.jpg&#8221; title_text=&#8221;MercadoCabanyal-Fachada-CL&#8221; _builder_version=&#8221;4.20.2&#8243; _module_preset=&#8221;default&#8221; global_colors_info=&#8221;{}&#8221;][\/et_pb_image][\/et_pb_column][et_pb_column type=&#8221;1_2&#8243; _builder_version=&#8221;4.20.2&#8243; _module_preset=&#8221;default&#8221; global_colors_info=&#8221;{}&#8221;][et_pb_text _builder_version=&#8221;4.20.2&#8243; _module_preset=&#8221;default&#8221; global_colors_info=&#8221;{}&#8221;]<\/p>\n<p><strong>Mercado Municipal de Caba\u00f1al<\/strong><br \/>Carrer de Mart\u00ed Grajales, 4 &#8211; 46011 Val\u00e8ncia, Espa\u00f1a.<br \/>Tel: +34 963 44 63 16<br \/>E-mail: info@mercatderussafa.com<br \/>Web: <a href=\"http:\/\/www.mercadocabanyal.es\/\" target=\"_blank\" rel=\"noopener\">Official Mercado Municipal de Caba\u00f1al Website<\/a><\/p>\n<p>[\/et_pb_text][\/et_pb_column][\/et_pb_row][\/et_pb_section]<\/p>\n","protected":false},"excerpt":{"rendered":"<p>Discover the vibrant culinary scene of Valencia with our guide to the top 4 public food markets. Immerse yourself in the local culture as you explore these bustling markets, brimming with fresh produce, aromatic spices, and mouthwatering delicacies. From the historic Mercado Central to the lively Mercado de Col\u00f3n, indulge your senses and embark on a gastronomic adventure like no other. Join us as we unveil the treasures of Valencia&#8217;s food markets and uncover the flavors that make this city a true food lover&#8217;s paradise.<\/p>","protected":false},"author":1,"featured_media":227201,"comment_status":"closed","ping_status":"open","sticky":false,"template":"","format":"standard","meta":{"_et_pb_use_builder":"on","_et_pb_old_content":"","_et_gb_content_width":"","footnotes":""},"categories":[1349,32],"tags":[2604,2602,2607,2603,2606,1623,2239,2240,2605,2601,43],"class_list":["post-227198","post","type-post","status-publish","format-standard","has-post-thumbnail","hentry","category-shopping-travel-lifestyle","category-valencia","tag-aromatic-spices","tag-culinary-scene","tag-food-lovers-paradise","tag-fresh-produce","tag-gastronomic-adventure","tag-local-culture","tag-mercado-central","tag-mercado-de-colon","tag-mouthwatering-delicacies","tag-public-food-markets","tag-valencia"],"yoast_head":"<!-- This site is optimized with the Yoast SEO plugin v27.4 - https:\/\/yoast.com\/product\/yoast-seo-wordpress\/ -->\n<title>Top 4 Public Food Markets in Valencia | Suitcase in SPAIN<\/title>\n<meta name=\"description\" content=\"Discover the vibrant culinary scene of Valencia with our guide to the top 4 public food markets. Immerse yourself in the local culture as you explore these bustling markets, brimming with fresh produce, aromatic spices, and mouthwatering delicacies. From the historic Mercado Central to the lively Mercado de Col\u00f3n, indulge your senses and embark on a gastronomic adventure like no other. Join us as we unveil the treasures of Valencia&#039;s food markets and uncover the flavors that make this city a true food lover&#039;s paradise.\" \/>\n<meta name=\"robots\" content=\"index, follow, max-snippet:-1, max-image-preview:large, max-video-preview:-1\" \/>\n<link rel=\"canonical\" href=\"https:\/\/suitcaseinspain.com\/es\/top-4-public-food-markets-in-valencia\/\" \/>\n<meta property=\"og:locale\" content=\"es_ES\" \/>\n<meta property=\"og:type\" content=\"article\" \/>\n<meta property=\"og:title\" content=\"Top 4 Public Food Markets in Valencia | Suitcase in SPAIN\" \/>\n<meta property=\"og:description\" content=\"Discover the vibrant culinary scene of Valencia with our guide to the top 4 public food markets. Immerse yourself in the local culture as you explore these bustling markets, brimming with fresh produce, aromatic spices, and mouthwatering delicacies. From the historic Mercado Central to the lively Mercado de Col\u00f3n, indulge your senses and embark on a gastronomic adventure like no other. Join us as we unveil the treasures of Valencia&#039;s food markets and uncover the flavors that make this city a true food lover&#039;s paradise.\" \/>\n<meta property=\"og:url\" content=\"https:\/\/suitcaseinspain.com\/es\/top-4-public-food-markets-in-valencia\/\" \/>\n<meta property=\"og:site_name\" content=\"Suitcase in SPAIN\" \/>\n<meta property=\"article:publisher\" content=\"https:\/\/www.facebook.com\/suitcaseinspain\/\" \/>\n<meta property=\"article:published_time\" content=\"2018-09-18T15:08:08+00:00\" \/>\n<meta property=\"article:modified_time\" content=\"2023-06-25T16:20:39+00:00\" \/>\n<meta property=\"og:image\" content=\"https:\/\/suitcaseinspain.com\/wp-content\/uploads\/2023\/03\/Central-Market-Valencia-Spain.png\" \/>\n\t<meta property=\"og:image:width\" content=\"1200\" \/>\n\t<meta property=\"og:image:height\" content=\"500\" \/>\n\t<meta property=\"og:image:type\" content=\"image\/png\" \/>\n<meta name=\"author\" content=\"JC\" \/>\n<meta name=\"twitter:card\" content=\"summary_large_image\" \/>\n<meta name=\"twitter:label1\" content=\"Escrito por\" \/>\n\t<meta name=\"twitter:data1\" content=\"JC\" \/>\n\t<meta name=\"twitter:label2\" content=\"Tiempo de lectura\" \/>\n\t<meta name=\"twitter:data2\" content=\"4 minutos\" \/>\n<script type=\"application\/ld+json\" class=\"yoast-schema-graph\">{\"@context\":\"https:\\\/\\\/schema.org\",\"@graph\":[{\"@type\":\"Article\",\"@id\":\"https:\\\/\\\/suitcaseinspain.com\\\/top-4-public-food-markets-in-valencia\\\/#article\",\"isPartOf\":{\"@id\":\"https:\\\/\\\/suitcaseinspain.com\\\/top-4-public-food-markets-in-valencia\\\/\"},\"author\":{\"name\":\"JC\",\"@id\":\"https:\\\/\\\/suitcaseinspain.com\\\/#\\\/schema\\\/person\\\/e4dbdf08483aec7c999a57fe5c5ca10c\"},\"headline\":\"Top 4 Public Food Markets in Valencia\",\"datePublished\":\"2018-09-18T15:08:08+00:00\",\"dateModified\":\"2023-06-25T16:20:39+00:00\",\"mainEntityOfPage\":{\"@id\":\"https:\\\/\\\/suitcaseinspain.com\\\/top-4-public-food-markets-in-valencia\\\/\"},\"wordCount\":1549,\"publisher\":{\"@id\":\"https:\\\/\\\/suitcaseinspain.com\\\/#organization\"},\"image\":{\"@id\":\"https:\\\/\\\/suitcaseinspain.com\\\/top-4-public-food-markets-in-valencia\\\/#primaryimage\"},\"thumbnailUrl\":\"https:\\\/\\\/suitcaseinspain.com\\\/wp-content\\\/uploads\\\/2023\\\/03\\\/Central-Market-Valencia-Spain.png\",\"keywords\":[\"aromatic spices\",\"culinary scene\",\"food lover's paradise\",\"fresh produce\",\"gastronomic adventure\",\"Local culture\",\"Mercado Central\",\"Mercado de Col\u00f3n\",\"mouthwatering delicacies\",\"public food markets\",\"valencia\"],\"articleSection\":[\"Shopping\",\"Valencia\"],\"inLanguage\":\"es\"},{\"@type\":\"WebPage\",\"@id\":\"https:\\\/\\\/suitcaseinspain.com\\\/top-4-public-food-markets-in-valencia\\\/\",\"url\":\"https:\\\/\\\/suitcaseinspain.com\\\/top-4-public-food-markets-in-valencia\\\/\",\"name\":\"Top 4 Public Food Markets in Valencia | Suitcase in SPAIN\",\"isPartOf\":{\"@id\":\"https:\\\/\\\/suitcaseinspain.com\\\/#website\"},\"primaryImageOfPage\":{\"@id\":\"https:\\\/\\\/suitcaseinspain.com\\\/top-4-public-food-markets-in-valencia\\\/#primaryimage\"},\"image\":{\"@id\":\"https:\\\/\\\/suitcaseinspain.com\\\/top-4-public-food-markets-in-valencia\\\/#primaryimage\"},\"thumbnailUrl\":\"https:\\\/\\\/suitcaseinspain.com\\\/wp-content\\\/uploads\\\/2023\\\/03\\\/Central-Market-Valencia-Spain.png\",\"datePublished\":\"2018-09-18T15:08:08+00:00\",\"dateModified\":\"2023-06-25T16:20:39+00:00\",\"description\":\"Discover the vibrant culinary scene of Valencia with our guide to the top 4 public food markets. Immerse yourself in the local culture as you explore these bustling markets, brimming with fresh produce, aromatic spices, and mouthwatering delicacies. From the historic Mercado Central to the lively Mercado de Col\u00f3n, indulge your senses and embark on a gastronomic adventure like no other. Join us as we unveil the treasures of Valencia's food markets and uncover the flavors that make this city a true food lover's paradise.\",\"breadcrumb\":{\"@id\":\"https:\\\/\\\/suitcaseinspain.com\\\/top-4-public-food-markets-in-valencia\\\/#breadcrumb\"},\"inLanguage\":\"es\",\"potentialAction\":[{\"@type\":\"ReadAction\",\"target\":[\"https:\\\/\\\/suitcaseinspain.com\\\/top-4-public-food-markets-in-valencia\\\/\"]}]},{\"@type\":\"ImageObject\",\"inLanguage\":\"es\",\"@id\":\"https:\\\/\\\/suitcaseinspain.com\\\/top-4-public-food-markets-in-valencia\\\/#primaryimage\",\"url\":\"https:\\\/\\\/suitcaseinspain.com\\\/wp-content\\\/uploads\\\/2023\\\/03\\\/Central-Market-Valencia-Spain.png\",\"contentUrl\":\"https:\\\/\\\/suitcaseinspain.com\\\/wp-content\\\/uploads\\\/2023\\\/03\\\/Central-Market-Valencia-Spain.png\",\"width\":1200,\"height\":500},{\"@type\":\"BreadcrumbList\",\"@id\":\"https:\\\/\\\/suitcaseinspain.com\\\/top-4-public-food-markets-in-valencia\\\/#breadcrumb\",\"itemListElement\":[{\"@type\":\"ListItem\",\"position\":1,\"name\":\"Home\",\"item\":\"https:\\\/\\\/suitcaseinspain.com\\\/\"},{\"@type\":\"ListItem\",\"position\":2,\"name\":\"Top 4 Public Food Markets in Valencia\"}]},{\"@type\":\"WebSite\",\"@id\":\"https:\\\/\\\/suitcaseinspain.com\\\/#website\",\"url\":\"https:\\\/\\\/suitcaseinspain.com\\\/\",\"name\":\"Suitcase in SPAIN\",\"description\":\"La Vida Loca in Spain\",\"publisher\":{\"@id\":\"https:\\\/\\\/suitcaseinspain.com\\\/#organization\"},\"potentialAction\":[{\"@type\":\"SearchAction\",\"target\":{\"@type\":\"EntryPoint\",\"urlTemplate\":\"https:\\\/\\\/suitcaseinspain.com\\\/?s={search_term_string}\"},\"query-input\":{\"@type\":\"PropertyValueSpecification\",\"valueRequired\":true,\"valueName\":\"search_term_string\"}}],\"inLanguage\":\"es\"},{\"@type\":\"Organization\",\"@id\":\"https:\\\/\\\/suitcaseinspain.com\\\/#organization\",\"name\":\"Suitcase in SPAIN\",\"url\":\"https:\\\/\\\/suitcaseinspain.com\\\/\",\"logo\":{\"@type\":\"ImageObject\",\"inLanguage\":\"es\",\"@id\":\"https:\\\/\\\/suitcaseinspain.com\\\/#\\\/schema\\\/logo\\\/image\\\/\",\"url\":\"https:\\\/\\\/suitcaseinspain.com\\\/wp-content\\\/uploads\\\/2022\\\/08\\\/Suitcase_in_Spain_Logo.jpg\",\"contentUrl\":\"https:\\\/\\\/suitcaseinspain.com\\\/wp-content\\\/uploads\\\/2022\\\/08\\\/Suitcase_in_Spain_Logo.jpg\",\"width\":1251,\"height\":1251,\"caption\":\"Suitcase in SPAIN\"},\"image\":{\"@id\":\"https:\\\/\\\/suitcaseinspain.com\\\/#\\\/schema\\\/logo\\\/image\\\/\"},\"sameAs\":[\"https:\\\/\\\/www.facebook.com\\\/suitcaseinspain\\\/\",\"https:\\\/\\\/www.instagram.com\\\/suitcaseinspain\\\/\",\"https:\\\/\\\/www.youtube.com\\\/@suitcaseinspain\"]},{\"@type\":\"Person\",\"@id\":\"https:\\\/\\\/suitcaseinspain.com\\\/#\\\/schema\\\/person\\\/e4dbdf08483aec7c999a57fe5c5ca10c\",\"name\":\"JC\",\"image\":{\"@type\":\"ImageObject\",\"inLanguage\":\"es\",\"@id\":\"https:\\\/\\\/secure.gravatar.com\\\/avatar\\\/21838357e1dda97dfa833deac8e4adce02bc41fe729bc4380ce6f9ed456e1b46?s=96&d=identicon&r=g\",\"url\":\"https:\\\/\\\/secure.gravatar.com\\\/avatar\\\/21838357e1dda97dfa833deac8e4adce02bc41fe729bc4380ce6f9ed456e1b46?s=96&d=identicon&r=g\",\"contentUrl\":\"https:\\\/\\\/secure.gravatar.com\\\/avatar\\\/21838357e1dda97dfa833deac8e4adce02bc41fe729bc4380ce6f9ed456e1b46?s=96&d=identicon&r=g\",\"caption\":\"JC\"},\"url\":\"https:\\\/\\\/suitcaseinspain.com\\\/es\\\/author\\\/leblj\\\/\"}]}<\/script>\n<!-- \/ Yoast SEO plugin. -->","yoast_head_json":{"title":"Top 4 Public Food Markets in Valencia | Suitcase in SPAIN","description":"Discover the vibrant culinary scene of Valencia with our guide to the top 4 public food markets. Immerse yourself in the local culture as you explore these bustling markets, brimming with fresh produce, aromatic spices, and mouthwatering delicacies. From the historic Mercado Central to the lively Mercado de Col\u00f3n, indulge your senses and embark on a gastronomic adventure like no other. Join us as we unveil the treasures of Valencia's food markets and uncover the flavors that make this city a true food lover's paradise.","robots":{"index":"index","follow":"follow","max-snippet":"max-snippet:-1","max-image-preview":"max-image-preview:large","max-video-preview":"max-video-preview:-1"},"canonical":"https:\/\/suitcaseinspain.com\/es\/top-4-public-food-markets-in-valencia\/","og_locale":"es_ES","og_type":"article","og_title":"Top 4 Public Food Markets in Valencia | Suitcase in SPAIN","og_description":"Discover the vibrant culinary scene of Valencia with our guide to the top 4 public food markets. Immerse yourself in the local culture as you explore these bustling markets, brimming with fresh produce, aromatic spices, and mouthwatering delicacies. From the historic Mercado Central to the lively Mercado de Col\u00f3n, indulge your senses and embark on a gastronomic adventure like no other. Join us as we unveil the treasures of Valencia's food markets and uncover the flavors that make this city a true food lover's paradise.","og_url":"https:\/\/suitcaseinspain.com\/es\/top-4-public-food-markets-in-valencia\/","og_site_name":"Suitcase in SPAIN","article_publisher":"https:\/\/www.facebook.com\/suitcaseinspain\/","article_published_time":"2018-09-18T15:08:08+00:00","article_modified_time":"2023-06-25T16:20:39+00:00","og_image":[{"width":1200,"height":500,"url":"https:\/\/suitcaseinspain.com\/wp-content\/uploads\/2023\/03\/Central-Market-Valencia-Spain.png","type":"image\/png"}],"author":"JC","twitter_card":"summary_large_image","twitter_misc":{"Escrito por":"JC","Tiempo de lectura":"4 minutos"},"schema":{"@context":"https:\/\/schema.org","@graph":[{"@type":"Article","@id":"https:\/\/suitcaseinspain.com\/top-4-public-food-markets-in-valencia\/#article","isPartOf":{"@id":"https:\/\/suitcaseinspain.com\/top-4-public-food-markets-in-valencia\/"},"author":{"name":"JC","@id":"https:\/\/suitcaseinspain.com\/#\/schema\/person\/e4dbdf08483aec7c999a57fe5c5ca10c"},"headline":"Top 4 Public Food Markets in Valencia","datePublished":"2018-09-18T15:08:08+00:00","dateModified":"2023-06-25T16:20:39+00:00","mainEntityOfPage":{"@id":"https:\/\/suitcaseinspain.com\/top-4-public-food-markets-in-valencia\/"},"wordCount":1549,"publisher":{"@id":"https:\/\/suitcaseinspain.com\/#organization"},"image":{"@id":"https:\/\/suitcaseinspain.com\/top-4-public-food-markets-in-valencia\/#primaryimage"},"thumbnailUrl":"https:\/\/suitcaseinspain.com\/wp-content\/uploads\/2023\/03\/Central-Market-Valencia-Spain.png","keywords":["aromatic spices","culinary scene","food lover's paradise","fresh produce","gastronomic adventure","Local culture","Mercado Central","Mercado de Col\u00f3n","mouthwatering delicacies","public food markets","valencia"],"articleSection":["Shopping","Valencia"],"inLanguage":"es"},{"@type":"WebPage","@id":"https:\/\/suitcaseinspain.com\/top-4-public-food-markets-in-valencia\/","url":"https:\/\/suitcaseinspain.com\/top-4-public-food-markets-in-valencia\/","name":"Top 4 Public Food Markets in Valencia | Suitcase in SPAIN","isPartOf":{"@id":"https:\/\/suitcaseinspain.com\/#website"},"primaryImageOfPage":{"@id":"https:\/\/suitcaseinspain.com\/top-4-public-food-markets-in-valencia\/#primaryimage"},"image":{"@id":"https:\/\/suitcaseinspain.com\/top-4-public-food-markets-in-valencia\/#primaryimage"},"thumbnailUrl":"https:\/\/suitcaseinspain.com\/wp-content\/uploads\/2023\/03\/Central-Market-Valencia-Spain.png","datePublished":"2018-09-18T15:08:08+00:00","dateModified":"2023-06-25T16:20:39+00:00","description":"Discover the vibrant culinary scene of Valencia with our guide to the top 4 public food markets. Immerse yourself in the local culture as you explore these bustling markets, brimming with fresh produce, aromatic spices, and mouthwatering delicacies. From the historic Mercado Central to the lively Mercado de Col\u00f3n, indulge your senses and embark on a gastronomic adventure like no other. Join us as we unveil the treasures of Valencia's food markets and uncover the flavors that make this city a true food lover's paradise.","breadcrumb":{"@id":"https:\/\/suitcaseinspain.com\/top-4-public-food-markets-in-valencia\/#breadcrumb"},"inLanguage":"es","potentialAction":[{"@type":"ReadAction","target":["https:\/\/suitcaseinspain.com\/top-4-public-food-markets-in-valencia\/"]}]},{"@type":"ImageObject","inLanguage":"es","@id":"https:\/\/suitcaseinspain.com\/top-4-public-food-markets-in-valencia\/#primaryimage","url":"https:\/\/suitcaseinspain.com\/wp-content\/uploads\/2023\/03\/Central-Market-Valencia-Spain.png","contentUrl":"https:\/\/suitcaseinspain.com\/wp-content\/uploads\/2023\/03\/Central-Market-Valencia-Spain.png","width":1200,"height":500},{"@type":"BreadcrumbList","@id":"https:\/\/suitcaseinspain.com\/top-4-public-food-markets-in-valencia\/#breadcrumb","itemListElement":[{"@type":"ListItem","position":1,"name":"Home","item":"https:\/\/suitcaseinspain.com\/"},{"@type":"ListItem","position":2,"name":"Top 4 Public Food Markets in Valencia"}]},{"@type":"WebSite","@id":"https:\/\/suitcaseinspain.com\/#website","url":"https:\/\/suitcaseinspain.com\/","name":"Suitcase in SPAIN","description":"La Vida Loca in Spain","publisher":{"@id":"https:\/\/suitcaseinspain.com\/#organization"},"potentialAction":[{"@type":"SearchAction","target":{"@type":"EntryPoint","urlTemplate":"https:\/\/suitcaseinspain.com\/?s={search_term_string}"},"query-input":{"@type":"PropertyValueSpecification","valueRequired":true,"valueName":"search_term_string"}}],"inLanguage":"es"},{"@type":"Organization","@id":"https:\/\/suitcaseinspain.com\/#organization","name":"Suitcase in SPAIN","url":"https:\/\/suitcaseinspain.com\/","logo":{"@type":"ImageObject","inLanguage":"es","@id":"https:\/\/suitcaseinspain.com\/#\/schema\/logo\/image\/","url":"https:\/\/suitcaseinspain.com\/wp-content\/uploads\/2022\/08\/Suitcase_in_Spain_Logo.jpg","contentUrl":"https:\/\/suitcaseinspain.com\/wp-content\/uploads\/2022\/08\/Suitcase_in_Spain_Logo.jpg","width":1251,"height":1251,"caption":"Suitcase in SPAIN"},"image":{"@id":"https:\/\/suitcaseinspain.com\/#\/schema\/logo\/image\/"},"sameAs":["https:\/\/www.facebook.com\/suitcaseinspain\/","https:\/\/www.instagram.com\/suitcaseinspain\/","https:\/\/www.youtube.com\/@suitcaseinspain"]},{"@type":"Person","@id":"https:\/\/suitcaseinspain.com\/#\/schema\/person\/e4dbdf08483aec7c999a57fe5c5ca10c","name":"JC","image":{"@type":"ImageObject","inLanguage":"es","@id":"https:\/\/secure.gravatar.com\/avatar\/21838357e1dda97dfa833deac8e4adce02bc41fe729bc4380ce6f9ed456e1b46?s=96&d=identicon&r=g","url":"https:\/\/secure.gravatar.com\/avatar\/21838357e1dda97dfa833deac8e4adce02bc41fe729bc4380ce6f9ed456e1b46?s=96&d=identicon&r=g","contentUrl":"https:\/\/secure.gravatar.com\/avatar\/21838357e1dda97dfa833deac8e4adce02bc41fe729bc4380ce6f9ed456e1b46?s=96&d=identicon&r=g","caption":"JC"},"url":"https:\/\/suitcaseinspain.com\/es\/author\/leblj\/"}]}},"_links":{"self":[{"href":"https:\/\/suitcaseinspain.com\/es\/wp-json\/wp\/v2\/posts\/227198","targetHints":{"allow":["GET"]}}],"collection":[{"href":"https:\/\/suitcaseinspain.com\/es\/wp-json\/wp\/v2\/posts"}],"about":[{"href":"https:\/\/suitcaseinspain.com\/es\/wp-json\/wp\/v2\/types\/post"}],"author":[{"embeddable":true,"href":"https:\/\/suitcaseinspain.com\/es\/wp-json\/wp\/v2\/users\/1"}],"replies":[{"embeddable":true,"href":"https:\/\/suitcaseinspain.com\/es\/wp-json\/wp\/v2\/comments?post=227198"}],"version-history":[{"count":0,"href":"https:\/\/suitcaseinspain.com\/es\/wp-json\/wp\/v2\/posts\/227198\/revisions"}],"wp:featuredmedia":[{"embeddable":true,"href":"https:\/\/suitcaseinspain.com\/es\/wp-json\/wp\/v2\/media\/227201"}],"wp:attachment":[{"href":"https:\/\/suitcaseinspain.com\/es\/wp-json\/wp\/v2\/media?parent=227198"}],"wp:term":[{"taxonomy":"category","embeddable":true,"href":"https:\/\/suitcaseinspain.com\/es\/wp-json\/wp\/v2\/categories?post=227198"},{"taxonomy":"post_tag","embeddable":true,"href":"https:\/\/suitcaseinspain.com\/es\/wp-json\/wp\/v2\/tags?post=227198"}],"curies":[{"name":"wp","href":"https:\/\/api.w.org\/{rel}","templated":true}]}}