{"id":227211,"date":"2018-09-18T18:23:15","date_gmt":"2018-09-18T16:23:15","guid":{"rendered":"https:\/\/suitcaseinspain.com\/?p=227211"},"modified":"2023-06-25T18:17:28","modified_gmt":"2023-06-25T16:17:28","slug":"valencia-street-markets","status":"publish","type":"post","link":"https:\/\/suitcaseinspain.com\/es\/valencia-street-markets\/","title":{"rendered":"Outdoor Street Markets in Valencia"},"content":{"rendered":"<p>[et_pb_section fb_built=&#8221;1&#8243; _builder_version=&#8221;4.20.2&#8243; _module_preset=&#8221;default&#8221; da_disable_devices=&#8221;off|off|off&#8221; global_colors_info=&#8221;{}&#8221; da_is_popup=&#8221;off&#8221; da_exit_intent=&#8221;off&#8221; da_has_close=&#8221;on&#8221; da_alt_close=&#8221;off&#8221; da_dark_close=&#8221;off&#8221; da_not_modal=&#8221;on&#8221; da_is_singular=&#8221;off&#8221; da_with_loader=&#8221;off&#8221; da_has_shadow=&#8221;on&#8221;][et_pb_row _builder_version=&#8221;4.20.2&#8243; _module_preset=&#8221;default&#8221; width=&#8221;100%&#8221; global_colors_info=&#8221;{}&#8221;][et_pb_column type=&#8221;4_4&#8243; _builder_version=&#8221;4.20.2&#8243; _module_preset=&#8221;default&#8221; global_colors_info=&#8221;{}&#8221;][et_pb_text _builder_version=&#8221;4.21.0&#8243; _module_preset=&#8221;default&#8221; global_colors_info=&#8221;{}&#8221;]<\/p>\n<p style=\"text-align: right;\">Updated 1 June 2023<\/p>\n<p>[\/et_pb_text][et_pb_text _builder_version=&#8221;4.20.2&#8243; _module_preset=&#8221;default&#8221; custom_margin=&#8221;20px||||false|false&#8221; global_colors_info=&#8221;{}&#8221;]<\/p>\n<p>Valencia has a long history of markets, stemming from pride in craftsmanship and artisan traditions. Nowadays, most residential districts (barrios) have their own market as well as weekly street markets.<\/p>\n<p>In each place we visit, we try to go to the outdoor markets when possible. We love sampling local home-made pastries, looking at the arts and crafts and best of all, being part of the culture.<\/p>\n<p>This page will provide listings for the street markets in Valencia including the day that they take place on and what streets they can be found on. Remember that the markets are usually open from <strong>9:00am \u2013 2:00pm<\/strong>.<\/p>\n<p>[\/et_pb_text][\/et_pb_column][\/et_pb_row][et_pb_row _builder_version=&#8221;4.20.2&#8243; _module_preset=&#8221;default&#8221; custom_margin=&#8221;20px||||false|false&#8221; global_colors_info=&#8221;{}&#8221;][et_pb_column type=&#8221;4_4&#8243; _builder_version=&#8221;4.20.2&#8243; _module_preset=&#8221;default&#8221; global_colors_info=&#8221;{}&#8221;][et_pb_text admin_label=&#8221;TOC&#8221; _builder_version=&#8221;4.17.4&#8243; _module_preset=&#8221;default&#8221; custom_css_main_element=&#8221;text-align: -webkit-center!important;&#8221; global_colors_info=&#8221;{}&#8221;]<div id=\"ez-toc-container\" class=\"ez-toc-v2_0_82_2 ez-toc-wrap-center counter-hierarchy ez-toc-counter ez-toc-custom ez-toc-container-direction\">\n<p class=\"ez-toc-title\" style=\"cursor:inherit\">Table of Contents<\/p>\n<label for=\"ez-toc-cssicon-toggle-item-69f3c51ca3db8\" class=\"ez-toc-cssicon-toggle-label\"><span class=\"ez-toc-cssicon\"><span class=\"eztoc-hide\" style=\"display:none;\">Toggle<\/span><span class=\"ez-toc-icon-toggle-span\"><svg style=\"fill: #ffffff;color:#ffffff\" xmlns=\"http:\/\/www.w3.org\/2000\/svg\" class=\"list-377408\" width=\"20px\" height=\"20px\" viewBox=\"0 0 24 24\" fill=\"none\"><path d=\"M6 6H4v2h2V6zm14 0H8v2h12V6zM4 11h2v2H4v-2zm16 0H8v2h12v-2zM4 16h2v2H4v-2zm16 0H8v2h12v-2z\" fill=\"currentColor\"><\/path><\/svg><svg style=\"fill: #ffffff;color:#ffffff\" class=\"arrow-unsorted-368013\" xmlns=\"http:\/\/www.w3.org\/2000\/svg\" width=\"10px\" height=\"10px\" viewBox=\"0 0 24 24\" version=\"1.2\" baseProfile=\"tiny\"><path d=\"M18.2 9.3l-6.2-6.3-6.2 6.3c-.2.2-.3.4-.3.7s.1.5.3.7c.2.2.4.3.7.3h11c.3 0 .5-.1.7-.3.2-.2.3-.5.3-.7s-.1-.5-.3-.7zM5.8 14.7l6.2 6.3 6.2-6.3c.2-.2.3-.5.3-.7s-.1-.5-.3-.7c-.2-.2-.4-.3-.7-.3h-11c-.3 0-.5.1-.7.3-.2.2-.3.5-.3.7s.1.5.3.7z\"\/><\/svg><\/span><\/span><\/label><input type=\"checkbox\"  id=\"ez-toc-cssicon-toggle-item-69f3c51ca3db8\" checked aria-label=\"Alternar\" \/><nav><ul class='ez-toc-list ez-toc-list-level-1 ' ><ul class='ez-toc-list-level-3' ><li class='ez-toc-heading-level-3'><a class=\"ez-toc-link ez-toc-heading-1\" href=\"https:\/\/suitcaseinspain.com\/es\/valencia-street-markets\/#Monday_markets\" >Monday markets<\/a><\/li><li class='ez-toc-page-1 ez-toc-heading-level-3'><a class=\"ez-toc-link ez-toc-heading-2\" href=\"https:\/\/suitcaseinspain.com\/es\/valencia-street-markets\/#Tuesday_markets\" >Tuesday markets\u00a0<\/a><\/li><li class='ez-toc-page-1 ez-toc-heading-level-3'><a class=\"ez-toc-link ez-toc-heading-3\" href=\"https:\/\/suitcaseinspain.com\/es\/valencia-street-markets\/#Wednesday_markets\" >Wednesday markets<\/a><\/li><li class='ez-toc-page-1 ez-toc-heading-level-3'><a class=\"ez-toc-link ez-toc-heading-4\" href=\"https:\/\/suitcaseinspain.com\/es\/valencia-street-markets\/#Thursday_markets\" >Thursday markets<\/a><\/li><li class='ez-toc-page-1 ez-toc-heading-level-3'><a class=\"ez-toc-link ez-toc-heading-5\" href=\"https:\/\/suitcaseinspain.com\/es\/valencia-street-markets\/#Friday_markets\" >Friday markets<\/a><\/li><li class='ez-toc-page-1 ez-toc-heading-level-3'><a class=\"ez-toc-link ez-toc-heading-6\" href=\"https:\/\/suitcaseinspain.com\/es\/valencia-street-markets\/#Saturday_markets\" >Saturday markets\u00a0<\/a><\/li><li class='ez-toc-page-1 ez-toc-heading-level-3'><a class=\"ez-toc-link ez-toc-heading-7\" href=\"https:\/\/suitcaseinspain.com\/es\/valencia-street-markets\/#Sunday_markets\" >Sunday markets\u00a0<\/a><\/li><li class='ez-toc-page-1 ez-toc-heading-level-3'><a class=\"ez-toc-link ez-toc-heading-8\" href=\"https:\/\/suitcaseinspain.com\/es\/valencia-street-markets\/#Monday_to_Friday_weekly_markets\" >Monday to Friday (weekly) markets\u00a0<\/a><\/li><\/ul><\/li><li class='ez-toc-page-1 ez-toc-heading-level-2'><a class=\"ez-toc-link ez-toc-heading-9\" href=\"https:\/\/suitcaseinspain.com\/es\/valencia-street-markets\/#Valencia_Food_Markets\" >Valencia Food Markets<\/a><ul class='ez-toc-list-level-3' ><li class='ez-toc-heading-level-3'><a class=\"ez-toc-link ez-toc-heading-10\" href=\"https:\/\/suitcaseinspain.com\/es\/valencia-street-markets\/#Mercado_Central_de_Valencia\" >Mercado Central de Valencia<\/a><\/li><li class='ez-toc-page-1 ez-toc-heading-level-3'><a class=\"ez-toc-link ez-toc-heading-11\" href=\"https:\/\/suitcaseinspain.com\/es\/valencia-street-markets\/#Mercado_de_Colon_de_Valencia\" >Mercado de Col\u00f3n de Valencia<\/a><\/li><\/ul><\/li><\/ul><\/nav><\/div>\n[\/et_pb_text][\/et_pb_column][\/et_pb_row][et_pb_row _builder_version=&#8221;4.20.2&#8243; _module_preset=&#8221;default&#8221; width=&#8221;100%&#8221; custom_margin=&#8221;20px||||false|false&#8221; global_colors_info=&#8221;{}&#8221;][et_pb_column type=&#8221;4_4&#8243; _builder_version=&#8221;4.20.2&#8243; _module_preset=&#8221;default&#8221; global_colors_info=&#8221;{}&#8221;][et_pb_text _builder_version=&#8221;4.21.0&#8243; _module_preset=&#8221;default&#8221; custom_margin=&#8221;20px||||false|false&#8221; global_colors_info=&#8221;{}&#8221;]<\/p>\n<h3><span class=\"ez-toc-section\" id=\"Monday_markets\"><\/span>Monday markets<span class=\"ez-toc-section-end\"><\/span><\/h3>\n<p><strong>Algir\u00f3s Market<\/strong><br \/><em>Streets that the market is on:<\/em><br \/>Calle Actor Llorens, Calle Rugat, Calle Puebla de Farnals, Calle Luis Mil\u00e1n and Plaza San Felipe Neri<\/p>\n<p><strong>Ruzafa Market<\/strong><br \/><em>Streets that the market is on:<\/em><br \/>Calle Bar\u00f3n de Cortes, Calle Padre Perera, Calle Dr. Serrano, Calle Carlos Cervera, Calle Cura Femen\u00eda and Calle dels Tomasos<\/p>\n<p><strong>Central Market<\/strong><br \/><em>Streets that the market is on:<\/em><br \/>Calle Palafox, Calle En Gay, Calle Calabazas, Plaza del Mercado<\/p>\n<p>[\/et_pb_text][et_pb_divider color=&#8221;#F7C621&#8243; divider_position=&#8221;center&#8221; divider_weight=&#8221;2px&#8221; _builder_version=&#8221;4.21.0&#8243; _module_preset=&#8221;default&#8221; max_width=&#8221;30%&#8221; global_colors_info=&#8221;{}&#8221;][\/et_pb_divider][\/et_pb_column][\/et_pb_row][et_pb_row _builder_version=&#8221;4.20.2&#8243; _module_preset=&#8221;default&#8221; width=&#8221;100%&#8221; global_colors_info=&#8221;{}&#8221;][et_pb_column type=&#8221;4_4&#8243; _builder_version=&#8221;4.20.2&#8243; _module_preset=&#8221;default&#8221; global_colors_info=&#8221;{}&#8221;][et_pb_text _builder_version=&#8221;4.21.0&#8243; _module_preset=&#8221;default&#8221; custom_margin=&#8221;20px||||false|false&#8221; global_colors_info=&#8221;{}&#8221;]<\/p>\n<h3><span class=\"ez-toc-section\" id=\"Tuesday_markets\"><\/span>Tuesday markets\u00a0<span class=\"ez-toc-section-end\"><\/span><\/h3>\n<p><strong>San Pedro Nolasco<\/strong><br \/><em>Streets that the market is on:<\/em><br \/>Calle Alamazora, Calle San Juan de la Cruz, Calle Milagrosa, Calle Nador, Calle Zelu\u00e1n and Calle Ministro Luis Mayans<\/p>\n<p><strong>Jerusalem-Pelayo Market<\/strong><br \/><em>Streets that the market is on:<\/em><br \/>Calle Convento Jerusal\u00e9n, Calle Julio Antonio, Calle Ermita, Calle Estrella, Calle San Vicente, Gran V\u00eda Ram\u00f3n and Cajal, Calle Matem\u00e1tico Marzal<\/p>\n<p><strong>Nazaret Market<\/strong><br \/><em>Street that the market is on:<\/em><br \/>Calle Alta de la Mar<\/p>\n<p>[\/et_pb_text][\/et_pb_column][\/et_pb_row][et_pb_row _builder_version=&#8221;4.20.2&#8243; _module_preset=&#8221;default&#8221; width=&#8221;100%&#8221; global_colors_info=&#8221;{}&#8221;][et_pb_column type=&#8221;4_4&#8243; _builder_version=&#8221;4.20.2&#8243; _module_preset=&#8221;default&#8221; global_colors_info=&#8221;{}&#8221;][et_pb_divider color=&#8221;#F7C621&#8243; divider_position=&#8221;center&#8221; divider_weight=&#8221;2px&#8221; _builder_version=&#8221;4.21.0&#8243; _module_preset=&#8221;default&#8221; max_width=&#8221;30%&#8221; global_colors_info=&#8221;{}&#8221;][\/et_pb_divider][et_pb_text _builder_version=&#8221;4.21.0&#8243; _module_preset=&#8221;default&#8221; custom_margin=&#8221;20px||||false|false&#8221; global_colors_info=&#8221;{}&#8221;]<\/p>\n<h3><span class=\"ez-toc-section\" id=\"Wednesday_markets\"><\/span>Wednesday markets<span class=\"ez-toc-section-end\"><\/span><\/h3>\n<p><strong>Benimamet Market<\/strong><br \/><em>Streets that the market is on:<\/em><br \/>Calle Onda, Calle Carpintero, Calle Alborache<\/p>\n<p><strong>Castilla Market<\/strong><br \/><em>Streets that the market is on:<\/em><br \/>Calle Jos\u00e9 Maestre, Calle \u00c1ngel del Alc\u00e1zar, Calle M\u00fasico Ayll\u00f3n, Calle Miguel Paredes, Calle Llombay, Plaza Mercado<\/p>\n<p><strong>Grao Market<\/strong><br \/><em>Streets that the market is on:<\/em><br \/>Calle Abastos, Calle Santo Cristo del Grao<\/p>\n<p><strong>Mosen Sorell Market<\/strong><br \/><em>Streets that the market is on:<\/em><br \/>Plaza Mos\u00e9n Sorell Valencia<\/p>\n<p>[\/et_pb_text][\/et_pb_column][\/et_pb_row][et_pb_row _builder_version=&#8221;4.20.2&#8243; _module_preset=&#8221;default&#8221; width=&#8221;100%&#8221; global_colors_info=&#8221;{}&#8221;][et_pb_column type=&#8221;4_4&#8243; _builder_version=&#8221;4.20.2&#8243; _module_preset=&#8221;default&#8221; global_colors_info=&#8221;{}&#8221;][et_pb_divider color=&#8221;#F7C621&#8243; divider_position=&#8221;center&#8221; divider_weight=&#8221;2px&#8221; _builder_version=&#8221;4.21.0&#8243; _module_preset=&#8221;default&#8221; max_width=&#8221;30%&#8221; global_colors_info=&#8221;{}&#8221;][\/et_pb_divider][et_pb_text _builder_version=&#8221;4.21.0&#8243; _module_preset=&#8221;default&#8221; custom_margin=&#8221;20px||||false|false&#8221; global_colors_info=&#8221;{}&#8221;]<\/p>\n<h3><span class=\"ez-toc-section\" id=\"Thursday_markets\"><\/span>Thursday markets<span class=\"ez-toc-section-end\"><\/span><\/h3>\n<p><strong>Cabanyal Market<\/strong><br \/><em>Streets that the market is on:<\/em><br \/>Calle Justo Vilar, Calle Marino Sirera, Calle Vicente Brull, Avenida Mediterr\u00e1neo, Plaza Cruz del Canyamelar, Calle Rosario, Calle Mart\u00ed Grajales<\/p>\n<p><strong>Torrefiel Market<\/strong><br \/><em>Streets that the market is on:<\/em><br \/>Calle Alemany, Calle Monte Carmelo, Calle Libreo Esclapes, Calle Jacomart, Calle M\u00fasico Esp\u00ed and Calle Santo Domingo Savio<\/p>\n<p>[\/et_pb_text][\/et_pb_column][\/et_pb_row][et_pb_row _builder_version=&#8221;4.20.2&#8243; _module_preset=&#8221;default&#8221; width=&#8221;100%&#8221; global_colors_info=&#8221;{}&#8221;][et_pb_column type=&#8221;4_4&#8243; _builder_version=&#8221;4.20.2&#8243; _module_preset=&#8221;default&#8221; global_colors_info=&#8221;{}&#8221;][et_pb_divider color=&#8221;#F7C621&#8243; divider_position=&#8221;center&#8221; divider_weight=&#8221;2px&#8221; _builder_version=&#8221;4.21.0&#8243; _module_preset=&#8221;default&#8221; max_width=&#8221;30%&#8221; global_colors_info=&#8221;{}&#8221;][\/et_pb_divider][et_pb_text _builder_version=&#8221;4.21.0&#8243; _module_preset=&#8221;default&#8221; custom_margin=&#8221;20px||||false|false&#8221; global_colors_info=&#8221;{}&#8221;]<\/p>\n<h3><span class=\"ez-toc-section\" id=\"Friday_markets\"><\/span>Friday markets<span class=\"ez-toc-section-end\"><\/span><\/h3>\n<p><strong>Benimaclet Market<\/strong><br \/><em>Streets that the market is on:<\/em><br \/>Calle Rafael Tramoyeres, Calle Juan Giner<\/p>\n<p><strong>Castellar Market<\/strong><br \/><em>Streets that the market is on:<\/em><br \/>Calle Escultor Federico Siurana, Calle Aurora<\/p>\n<p><strong>Malvarossa Market<\/strong><br \/><em>Streets that the market is on:<\/em><br \/>Calle Berenguer de Montoliu, Calle Lanzarote<\/p>\n<p>[\/et_pb_text][\/et_pb_column][\/et_pb_row][et_pb_row _builder_version=&#8221;4.20.2&#8243; _module_preset=&#8221;default&#8221; width=&#8221;100%&#8221; global_colors_info=&#8221;{}&#8221;][et_pb_column type=&#8221;4_4&#8243; _builder_version=&#8221;4.20.2&#8243; _module_preset=&#8221;default&#8221; global_colors_info=&#8221;{}&#8221;][et_pb_divider color=&#8221;#F7C621&#8243; divider_position=&#8221;center&#8221; divider_weight=&#8221;2px&#8221; _builder_version=&#8221;4.21.0&#8243; _module_preset=&#8221;default&#8221; max_width=&#8221;30%&#8221; global_colors_info=&#8221;{}&#8221;][\/et_pb_divider][et_pb_text _builder_version=&#8221;4.21.0&#8243; _module_preset=&#8221;default&#8221; custom_margin=&#8221;20px||||false|false&#8221; global_colors_info=&#8221;{}&#8221;]<\/p>\n<h3><span class=\"ez-toc-section\" id=\"Saturday_markets\"><\/span>Saturday markets\u00a0<span class=\"ez-toc-section-end\"><\/span><\/h3>\n<p><strong>Benicalap-La Parreta Market<\/strong><br \/><em>Streets that the market is on:<\/em><br \/>Calle Miguel Servet, Calle P.F. Casanova Benlloch, Calle Sierra Martes, Calle Mirasol, Calle Tenor Lauri Volpi<\/p>\n<p><strong>Jesus-Patraix Market<\/strong><br \/><em>Street that the market is on:<\/em><br \/>Calle Beato Nicol\u00e1s Factor<\/p>\n<p><strong>Pinedo Market<\/strong><br \/><em>Streets that the market is on:<\/em><br \/>Plaza Manuel Sig\u00fcenza, Calle Mos\u00e9n Cuenca<\/p>\n<p>[\/et_pb_text][\/et_pb_column][\/et_pb_row][et_pb_row _builder_version=&#8221;4.20.2&#8243; _module_preset=&#8221;default&#8221; width=&#8221;100%&#8221; global_colors_info=&#8221;{}&#8221;][et_pb_column type=&#8221;4_4&#8243; _builder_version=&#8221;4.20.2&#8243; _module_preset=&#8221;default&#8221; global_colors_info=&#8221;{}&#8221;][et_pb_divider color=&#8221;#F7C621&#8243; divider_position=&#8221;center&#8221; divider_weight=&#8221;2px&#8221; _builder_version=&#8221;4.21.0&#8243; _module_preset=&#8221;default&#8221; max_width=&#8221;30%&#8221; global_colors_info=&#8221;{}&#8221;][\/et_pb_divider][et_pb_text _builder_version=&#8221;4.21.0&#8243; _module_preset=&#8221;default&#8221; custom_margin=&#8221;20px||||false|false&#8221; global_colors_info=&#8221;{}&#8221;]<\/p>\n<h3><span class=\"ez-toc-section\" id=\"Sunday_markets\"><\/span>Sunday markets\u00a0<span class=\"ez-toc-section-end\"><\/span><\/h3>\n<p><strong>Plaza Redonda Market<\/strong><br \/><em>Street that the market is on:<\/em><br \/>Plaza Redonda<\/p>\n<p><strong>El Rastro Market<\/strong><br \/><em>Street that the market is on:<\/em><br \/>Avenida de Su\u00e8cia by the Mestalla Stadium<\/p>\n<p>[\/et_pb_text][\/et_pb_column][\/et_pb_row][et_pb_row _builder_version=&#8221;4.20.2&#8243; _module_preset=&#8221;default&#8221; width=&#8221;100%&#8221; global_colors_info=&#8221;{}&#8221;][et_pb_column type=&#8221;4_4&#8243; _builder_version=&#8221;4.20.2&#8243; _module_preset=&#8221;default&#8221; global_colors_info=&#8221;{}&#8221;][et_pb_divider color=&#8221;#F7C621&#8243; divider_position=&#8221;center&#8221; divider_weight=&#8221;2px&#8221; _builder_version=&#8221;4.21.0&#8243; _module_preset=&#8221;default&#8221; max_width=&#8221;30%&#8221; global_colors_info=&#8221;{}&#8221;][\/et_pb_divider][et_pb_text _builder_version=&#8221;4.21.0&#8243; _module_preset=&#8221;default&#8221; custom_margin=&#8221;20px||||false|false&#8221; global_colors_info=&#8221;{}&#8221;]<\/p>\n<h3><span class=\"ez-toc-section\" id=\"Monday_to_Friday_weekly_markets\"><\/span>Monday to Friday (weekly) markets\u00a0<span class=\"ez-toc-section-end\"><\/span><\/h3>\n<p><strong>Plaza de la Merced Market<\/strong><br \/><em>Streets that the market is on:<\/em><br \/>Plaza de la Merced, Calle Cedaceros Valencia<\/p>\n<p><strong>Gregorio Gea Market<\/strong><br \/><em>Streets that the market is on:<\/em><br \/>Calle Gregorio Gea and Calle Beltr\u00e1n B\u00e1guena<\/p>\n<p><strong>Hippie Market (Mercado de los hippis)<\/strong><br \/><em>Streets that the market is on:<\/em><br \/>a few stalls by the Central Market (Mercado Central) and carries on through the back streets of Plaza de la Merced<\/p>\n<p><strong>Paseo Maritimo<\/strong><br \/><em>Streets that the market is on:<\/em><br \/>Promenade along the beach, at the southern part of it closest to the Port<br \/><strong>NOTE:<\/strong> This is the only market that stays open until 5-6pm.<\/p>\n<p>[\/et_pb_text][et_pb_divider color=&#8221;#F7C621&#8243; divider_position=&#8221;center&#8221; divider_weight=&#8221;2px&#8221; _builder_version=&#8221;4.21.0&#8243; _module_preset=&#8221;default&#8221; max_width=&#8221;30%&#8221; global_colors_info=&#8221;{}&#8221;][\/et_pb_divider][et_pb_text _builder_version=&#8221;4.21.0&#8243; _module_preset=&#8221;default&#8221; header_2_font_size=&#8221;35px&#8221; header_3_font_size=&#8221;25px&#8221; header_3_line_height=&#8221;1.2em&#8221; global_colors_info=&#8221;{}&#8221;]<\/p>\n<h2><span class=\"ez-toc-section\" id=\"Valencia_Food_Markets\"><\/span>Valencia Food Markets<span class=\"ez-toc-section-end\"><\/span><\/h2>\n<h3><span class=\"ez-toc-section\" id=\"Mercado_Central_de_Valencia\"><\/span>Mercado Central de Valencia<span class=\"ez-toc-section-end\"><\/span><\/h3>\n<p>The Mercado Central de Valencia is the largest market in Europe. Covering a massive 8,000 square meters, it houses nearly 1,500 food stalls. This is the ideal place to discover an authentic local Valencia experience. You can stroll among the food stalls that sell everything from fresh fish to olive oils, local cheeses, and cured meats. Watch the market traders banter with each other and local ladies haggle over the price of their fish.<\/p>\n<p>Tip: If you want to try the famous horchata and fart\u00f3ns of Valencia (for more details, check out our Traditional Valencia Cuisine Guide), you&#8217;ll find a stall selling them right in front of you as you enter through the main entrance. The long line of locals is a hint that it&#8217;s one of the best places in the city to taste this local delicacy.<\/p>\n<p>Even if you&#8217;re not interested in buying any food, visiting the Mercado Central is worth it. The market is housed in a classic modernist building with high ceilings and impressive art deco-style details.<\/p>\n<p>Mercado Central de Valencia<br \/>Plaza Ciudad de Brujas<br \/>46001 Valencia, Spain<\/p>\n<p><strong>Tel<\/strong>: +34 96 382 9100<br \/><strong>eMail<\/strong>: informacion@mercadocentralvalencia.es<br \/><strong>Website<\/strong>: <a href=\"http:\/\/www.mercadocolon.es\/\" target=\"_blank\" rel=\"noopener\">Official website of Mercado Central de Valencia<\/a><\/p>\n<p>[\/et_pb_text][et_pb_text _builder_version=&#8221;4.21.0&#8243; _module_preset=&#8221;default&#8221; header_2_font_size=&#8221;35px&#8221; header_3_font_size=&#8221;25px&#8221; global_colors_info=&#8221;{}&#8221;]<\/p>\n<h3><span class=\"ez-toc-section\" id=\"Mercado_de_Colon_de_Valencia\"><\/span>Mercado de Col\u00f3n de Valencia<span class=\"ez-toc-section-end\"><\/span><\/h3>\n<p>Mercado de Col\u00f3n de Valencia was restored in 2003. It is another architecturally significant market. You&#8217;ll love the modernist style of the building, with a large arched mosaic entrance and fluid lines throughout. The market has now become more of a meeting place than a fully operational food market. On the upper floor of the building, you&#8217;ll find caf\u00e9s and restaurants. If you head to the ground floor, you&#8217;ll find a delicatessen area where you can purchase high-quality gourmet products such as meats, cheeses, and olive oils.<\/p>\n<p>Mercado Colon<br \/>Carrer Jorge Juan, 19<br \/>46004 Valencia, Spain<\/p>\n<p><strong>Tel<\/strong>: +34 96 337 1101<br \/><strong>eMail<\/strong>: info@mercadocolon.es<br \/><strong>Website<\/strong>: <a href=\"http:\/\/www.mercadocolon.es\/\" target=\"_blank\" rel=\"noopener\">Official website of Mercado de Col\u00f3n<\/a><\/p>\n<p>[\/et_pb_text][\/et_pb_column][\/et_pb_row][et_pb_row _builder_version=&#8221;4.19.3&#8243; _module_preset=&#8221;default&#8221; background_color=&#8221;#2f9a64&#8243; width=&#8221;100%&#8221; custom_margin=&#8221;2em||||false|false&#8221; custom_padding=&#8221;1em|1em|1em|1em|true|true&#8221; box_shadow_style=&#8221;preset4&#8243; box_shadow_color=&#8221;#f7c621&#8243; global_colors_info=&#8221;{}&#8221;][et_pb_column type=&#8221;4_4&#8243; _builder_version=&#8221;4.17.4&#8243; _module_preset=&#8221;default&#8221; global_colors_info=&#8221;{}&#8221;][et_pb_text _builder_version=&#8221;4.21.0&#8243; _module_preset=&#8221;default&#8221; text_text_color=&#8221;#FFFFFF&#8221; global_colors_info=&#8221;{}&#8221;]The markets are an important part of Spanish culture. The markets in Valencia are not just tourist attractions; they are fully operational trading places for locals and visitors alike. Whether you want to pick up some souvenirs to bring back for your loved ones, buy ingredients for a picnic, or simply immerse yourself in the atmosphere of Valencia, the city&#8217;s markets are an integral part of the holiday experience.[\/et_pb_text][\/et_pb_column][\/et_pb_row][\/et_pb_section]<\/p>\n","protected":false},"excerpt":{"rendered":"<p>Discover the vibrant street markets in Valencia, Spain, including the famous Mercado Central and Mercado de Col\u00f3n. Explore the diverse range of temporary markets and flea markets throughout the city. Find information on their locations, opening days, and offerings. Immerse yourself in the rich culture and craftsmanship of Valencia&#8217;s markets.<\/p>","protected":false},"author":1,"featured_media":227216,"comment_status":"closed","ping_status":"open","sticky":false,"template":"","format":"standard","meta":{"_et_pb_use_builder":"on","_et_pb_old_content":"","_et_gb_content_width":"","footnotes":""},"categories":[1349,32],"tags":[2242,1261,850,117,118,2243,2239,2240,849,1151,2244,46,113,2241,43],"class_list":["post-227211","post","type-post","status-publish","format-standard","has-post-thumbnail","hentry","category-shopping-travel-lifestyle","category-valencia","tag-artisan-crafts","tag-clothes","tag-flea-markets","tag-fresh-fruits","tag-fresh-vegetables","tag-local-produce","tag-mercado-central","tag-mercado-de-colon","tag-outdoor-street-markets","tag-shopping","tag-shopping-experience","tag-spain","tag-street-markets","tag-temporary-markets","tag-valencia"],"yoast_head":"<!-- This site is optimized with the Yoast SEO plugin v27.4 - https:\/\/yoast.com\/product\/yoast-seo-wordpress\/ -->\n<title>Outdoor Street Markets in Valencia | Suitcase in SPAIN<\/title>\n<meta name=\"description\" content=\"Discover the vibrant street markets in Valencia, Spain, including the famous Mercado Central and Mercado de Col\u00f3n. Explore the diverse range of temporary markets and flea markets throughout the city. Find information on their locations, opening days, and offerings. Immerse yourself in the rich culture and craftsmanship of Valencia&#039;s markets.\" \/>\n<meta name=\"robots\" content=\"index, follow, max-snippet:-1, max-image-preview:large, max-video-preview:-1\" \/>\n<link rel=\"canonical\" href=\"https:\/\/suitcaseinspain.com\/es\/valencia-street-markets\/\" \/>\n<meta property=\"og:locale\" content=\"es_ES\" \/>\n<meta property=\"og:type\" content=\"article\" \/>\n<meta property=\"og:title\" content=\"Outdoor Street Markets in Valencia | Suitcase in SPAIN\" \/>\n<meta property=\"og:description\" content=\"Discover the vibrant street markets in Valencia, Spain, including the famous Mercado Central and Mercado de Col\u00f3n. Explore the diverse range of temporary markets and flea markets throughout the city. Find information on their locations, opening days, and offerings. Immerse yourself in the rich culture and craftsmanship of Valencia&#039;s markets.\" \/>\n<meta property=\"og:url\" content=\"https:\/\/suitcaseinspain.com\/es\/valencia-street-markets\/\" \/>\n<meta property=\"og:site_name\" content=\"Suitcase in SPAIN\" \/>\n<meta property=\"article:publisher\" content=\"https:\/\/www.facebook.com\/suitcaseinspain\/\" \/>\n<meta property=\"article:published_time\" content=\"2018-09-18T16:23:15+00:00\" \/>\n<meta property=\"article:modified_time\" content=\"2023-06-25T16:17:28+00:00\" \/>\n<meta property=\"og:image\" content=\"https:\/\/suitcaseinspain.com\/wp-content\/uploads\/2023\/03\/market-day-Valencia-Spain.png\" \/>\n\t<meta property=\"og:image:width\" content=\"1200\" \/>\n\t<meta property=\"og:image:height\" content=\"500\" \/>\n\t<meta property=\"og:image:type\" content=\"image\/png\" \/>\n<meta name=\"author\" content=\"JC\" \/>\n<meta name=\"twitter:card\" content=\"summary_large_image\" \/>\n<meta name=\"twitter:label1\" content=\"Escrito por\" \/>\n\t<meta name=\"twitter:data1\" content=\"JC\" \/>\n\t<meta name=\"twitter:label2\" content=\"Tiempo de lectura\" \/>\n\t<meta name=\"twitter:data2\" content=\"6 minutos\" \/>\n<script type=\"application\/ld+json\" class=\"yoast-schema-graph\">{\"@context\":\"https:\\\/\\\/schema.org\",\"@graph\":[{\"@type\":\"Article\",\"@id\":\"https:\\\/\\\/suitcaseinspain.com\\\/valencia-street-markets\\\/#article\",\"isPartOf\":{\"@id\":\"https:\\\/\\\/suitcaseinspain.com\\\/valencia-street-markets\\\/\"},\"author\":{\"name\":\"JC\",\"@id\":\"https:\\\/\\\/suitcaseinspain.com\\\/#\\\/schema\\\/person\\\/e4dbdf08483aec7c999a57fe5c5ca10c\"},\"headline\":\"Outdoor Street Markets in Valencia\",\"datePublished\":\"2018-09-18T16:23:15+00:00\",\"dateModified\":\"2023-06-25T16:17:28+00:00\",\"mainEntityOfPage\":{\"@id\":\"https:\\\/\\\/suitcaseinspain.com\\\/valencia-street-markets\\\/\"},\"wordCount\":1921,\"publisher\":{\"@id\":\"https:\\\/\\\/suitcaseinspain.com\\\/#organization\"},\"image\":{\"@id\":\"https:\\\/\\\/suitcaseinspain.com\\\/valencia-street-markets\\\/#primaryimage\"},\"thumbnailUrl\":\"https:\\\/\\\/suitcaseinspain.com\\\/wp-content\\\/uploads\\\/2023\\\/03\\\/market-day-Valencia-Spain.png\",\"keywords\":[\"artisan crafts\",\"clothes\",\"flea markets\",\"fresh fruits\",\"fresh vegetables\",\"local produce\",\"Mercado Central\",\"Mercado de Col\u00f3n\",\"outdoor street markets\",\"shopping\",\"shopping experience\",\"spain\",\"street markets\",\"temporary markets\",\"valencia\"],\"articleSection\":[\"Shopping\",\"Valencia\"],\"inLanguage\":\"es\"},{\"@type\":\"WebPage\",\"@id\":\"https:\\\/\\\/suitcaseinspain.com\\\/valencia-street-markets\\\/\",\"url\":\"https:\\\/\\\/suitcaseinspain.com\\\/valencia-street-markets\\\/\",\"name\":\"Outdoor Street Markets in Valencia | Suitcase in SPAIN\",\"isPartOf\":{\"@id\":\"https:\\\/\\\/suitcaseinspain.com\\\/#website\"},\"primaryImageOfPage\":{\"@id\":\"https:\\\/\\\/suitcaseinspain.com\\\/valencia-street-markets\\\/#primaryimage\"},\"image\":{\"@id\":\"https:\\\/\\\/suitcaseinspain.com\\\/valencia-street-markets\\\/#primaryimage\"},\"thumbnailUrl\":\"https:\\\/\\\/suitcaseinspain.com\\\/wp-content\\\/uploads\\\/2023\\\/03\\\/market-day-Valencia-Spain.png\",\"datePublished\":\"2018-09-18T16:23:15+00:00\",\"dateModified\":\"2023-06-25T16:17:28+00:00\",\"description\":\"Discover the vibrant street markets in Valencia, Spain, including the famous Mercado Central and Mercado de Col\u00f3n. Explore the diverse range of temporary markets and flea markets throughout the city. Find information on their locations, opening days, and offerings. Immerse yourself in the rich culture and craftsmanship of Valencia's markets.\",\"breadcrumb\":{\"@id\":\"https:\\\/\\\/suitcaseinspain.com\\\/valencia-street-markets\\\/#breadcrumb\"},\"inLanguage\":\"es\",\"potentialAction\":[{\"@type\":\"ReadAction\",\"target\":[\"https:\\\/\\\/suitcaseinspain.com\\\/valencia-street-markets\\\/\"]}]},{\"@type\":\"ImageObject\",\"inLanguage\":\"es\",\"@id\":\"https:\\\/\\\/suitcaseinspain.com\\\/valencia-street-markets\\\/#primaryimage\",\"url\":\"https:\\\/\\\/suitcaseinspain.com\\\/wp-content\\\/uploads\\\/2023\\\/03\\\/market-day-Valencia-Spain.png\",\"contentUrl\":\"https:\\\/\\\/suitcaseinspain.com\\\/wp-content\\\/uploads\\\/2023\\\/03\\\/market-day-Valencia-Spain.png\",\"width\":1200,\"height\":500},{\"@type\":\"BreadcrumbList\",\"@id\":\"https:\\\/\\\/suitcaseinspain.com\\\/valencia-street-markets\\\/#breadcrumb\",\"itemListElement\":[{\"@type\":\"ListItem\",\"position\":1,\"name\":\"Home\",\"item\":\"https:\\\/\\\/suitcaseinspain.com\\\/\"},{\"@type\":\"ListItem\",\"position\":2,\"name\":\"Outdoor Street Markets in Valencia\"}]},{\"@type\":\"WebSite\",\"@id\":\"https:\\\/\\\/suitcaseinspain.com\\\/#website\",\"url\":\"https:\\\/\\\/suitcaseinspain.com\\\/\",\"name\":\"Suitcase in SPAIN\",\"description\":\"La Vida Loca in Spain\",\"publisher\":{\"@id\":\"https:\\\/\\\/suitcaseinspain.com\\\/#organization\"},\"potentialAction\":[{\"@type\":\"SearchAction\",\"target\":{\"@type\":\"EntryPoint\",\"urlTemplate\":\"https:\\\/\\\/suitcaseinspain.com\\\/?s={search_term_string}\"},\"query-input\":{\"@type\":\"PropertyValueSpecification\",\"valueRequired\":true,\"valueName\":\"search_term_string\"}}],\"inLanguage\":\"es\"},{\"@type\":\"Organization\",\"@id\":\"https:\\\/\\\/suitcaseinspain.com\\\/#organization\",\"name\":\"Suitcase in SPAIN\",\"url\":\"https:\\\/\\\/suitcaseinspain.com\\\/\",\"logo\":{\"@type\":\"ImageObject\",\"inLanguage\":\"es\",\"@id\":\"https:\\\/\\\/suitcaseinspain.com\\\/#\\\/schema\\\/logo\\\/image\\\/\",\"url\":\"https:\\\/\\\/suitcaseinspain.com\\\/wp-content\\\/uploads\\\/2022\\\/08\\\/Suitcase_in_Spain_Logo.jpg\",\"contentUrl\":\"https:\\\/\\\/suitcaseinspain.com\\\/wp-content\\\/uploads\\\/2022\\\/08\\\/Suitcase_in_Spain_Logo.jpg\",\"width\":1251,\"height\":1251,\"caption\":\"Suitcase in SPAIN\"},\"image\":{\"@id\":\"https:\\\/\\\/suitcaseinspain.com\\\/#\\\/schema\\\/logo\\\/image\\\/\"},\"sameAs\":[\"https:\\\/\\\/www.facebook.com\\\/suitcaseinspain\\\/\",\"https:\\\/\\\/www.instagram.com\\\/suitcaseinspain\\\/\",\"https:\\\/\\\/www.youtube.com\\\/@suitcaseinspain\"]},{\"@type\":\"Person\",\"@id\":\"https:\\\/\\\/suitcaseinspain.com\\\/#\\\/schema\\\/person\\\/e4dbdf08483aec7c999a57fe5c5ca10c\",\"name\":\"JC\",\"image\":{\"@type\":\"ImageObject\",\"inLanguage\":\"es\",\"@id\":\"https:\\\/\\\/secure.gravatar.com\\\/avatar\\\/21838357e1dda97dfa833deac8e4adce02bc41fe729bc4380ce6f9ed456e1b46?s=96&d=identicon&r=g\",\"url\":\"https:\\\/\\\/secure.gravatar.com\\\/avatar\\\/21838357e1dda97dfa833deac8e4adce02bc41fe729bc4380ce6f9ed456e1b46?s=96&d=identicon&r=g\",\"contentUrl\":\"https:\\\/\\\/secure.gravatar.com\\\/avatar\\\/21838357e1dda97dfa833deac8e4adce02bc41fe729bc4380ce6f9ed456e1b46?s=96&d=identicon&r=g\",\"caption\":\"JC\"},\"url\":\"https:\\\/\\\/suitcaseinspain.com\\\/es\\\/author\\\/leblj\\\/\"}]}<\/script>\n<!-- \/ Yoast SEO plugin. -->","yoast_head_json":{"title":"Outdoor Street Markets in Valencia | Suitcase in SPAIN","description":"Discover the vibrant street markets in Valencia, Spain, including the famous Mercado Central and Mercado de Col\u00f3n. Explore the diverse range of temporary markets and flea markets throughout the city. Find information on their locations, opening days, and offerings. Immerse yourself in the rich culture and craftsmanship of Valencia's markets.","robots":{"index":"index","follow":"follow","max-snippet":"max-snippet:-1","max-image-preview":"max-image-preview:large","max-video-preview":"max-video-preview:-1"},"canonical":"https:\/\/suitcaseinspain.com\/es\/valencia-street-markets\/","og_locale":"es_ES","og_type":"article","og_title":"Outdoor Street Markets in Valencia | Suitcase in SPAIN","og_description":"Discover the vibrant street markets in Valencia, Spain, including the famous Mercado Central and Mercado de Col\u00f3n. Explore the diverse range of temporary markets and flea markets throughout the city. Find information on their locations, opening days, and offerings. Immerse yourself in the rich culture and craftsmanship of Valencia's markets.","og_url":"https:\/\/suitcaseinspain.com\/es\/valencia-street-markets\/","og_site_name":"Suitcase in SPAIN","article_publisher":"https:\/\/www.facebook.com\/suitcaseinspain\/","article_published_time":"2018-09-18T16:23:15+00:00","article_modified_time":"2023-06-25T16:17:28+00:00","og_image":[{"width":1200,"height":500,"url":"https:\/\/suitcaseinspain.com\/wp-content\/uploads\/2023\/03\/market-day-Valencia-Spain.png","type":"image\/png"}],"author":"JC","twitter_card":"summary_large_image","twitter_misc":{"Escrito por":"JC","Tiempo de lectura":"6 minutos"},"schema":{"@context":"https:\/\/schema.org","@graph":[{"@type":"Article","@id":"https:\/\/suitcaseinspain.com\/valencia-street-markets\/#article","isPartOf":{"@id":"https:\/\/suitcaseinspain.com\/valencia-street-markets\/"},"author":{"name":"JC","@id":"https:\/\/suitcaseinspain.com\/#\/schema\/person\/e4dbdf08483aec7c999a57fe5c5ca10c"},"headline":"Outdoor Street Markets in Valencia","datePublished":"2018-09-18T16:23:15+00:00","dateModified":"2023-06-25T16:17:28+00:00","mainEntityOfPage":{"@id":"https:\/\/suitcaseinspain.com\/valencia-street-markets\/"},"wordCount":1921,"publisher":{"@id":"https:\/\/suitcaseinspain.com\/#organization"},"image":{"@id":"https:\/\/suitcaseinspain.com\/valencia-street-markets\/#primaryimage"},"thumbnailUrl":"https:\/\/suitcaseinspain.com\/wp-content\/uploads\/2023\/03\/market-day-Valencia-Spain.png","keywords":["artisan crafts","clothes","flea markets","fresh fruits","fresh vegetables","local produce","Mercado Central","Mercado de Col\u00f3n","outdoor street markets","shopping","shopping experience","spain","street markets","temporary markets","valencia"],"articleSection":["Shopping","Valencia"],"inLanguage":"es"},{"@type":"WebPage","@id":"https:\/\/suitcaseinspain.com\/valencia-street-markets\/","url":"https:\/\/suitcaseinspain.com\/valencia-street-markets\/","name":"Outdoor Street Markets in Valencia | Suitcase in SPAIN","isPartOf":{"@id":"https:\/\/suitcaseinspain.com\/#website"},"primaryImageOfPage":{"@id":"https:\/\/suitcaseinspain.com\/valencia-street-markets\/#primaryimage"},"image":{"@id":"https:\/\/suitcaseinspain.com\/valencia-street-markets\/#primaryimage"},"thumbnailUrl":"https:\/\/suitcaseinspain.com\/wp-content\/uploads\/2023\/03\/market-day-Valencia-Spain.png","datePublished":"2018-09-18T16:23:15+00:00","dateModified":"2023-06-25T16:17:28+00:00","description":"Discover the vibrant street markets in Valencia, Spain, including the famous Mercado Central and Mercado de Col\u00f3n. Explore the diverse range of temporary markets and flea markets throughout the city. Find information on their locations, opening days, and offerings. Immerse yourself in the rich culture and craftsmanship of Valencia's markets.","breadcrumb":{"@id":"https:\/\/suitcaseinspain.com\/valencia-street-markets\/#breadcrumb"},"inLanguage":"es","potentialAction":[{"@type":"ReadAction","target":["https:\/\/suitcaseinspain.com\/valencia-street-markets\/"]}]},{"@type":"ImageObject","inLanguage":"es","@id":"https:\/\/suitcaseinspain.com\/valencia-street-markets\/#primaryimage","url":"https:\/\/suitcaseinspain.com\/wp-content\/uploads\/2023\/03\/market-day-Valencia-Spain.png","contentUrl":"https:\/\/suitcaseinspain.com\/wp-content\/uploads\/2023\/03\/market-day-Valencia-Spain.png","width":1200,"height":500},{"@type":"BreadcrumbList","@id":"https:\/\/suitcaseinspain.com\/valencia-street-markets\/#breadcrumb","itemListElement":[{"@type":"ListItem","position":1,"name":"Home","item":"https:\/\/suitcaseinspain.com\/"},{"@type":"ListItem","position":2,"name":"Outdoor Street Markets in Valencia"}]},{"@type":"WebSite","@id":"https:\/\/suitcaseinspain.com\/#website","url":"https:\/\/suitcaseinspain.com\/","name":"Suitcase in SPAIN","description":"La Vida Loca in Spain","publisher":{"@id":"https:\/\/suitcaseinspain.com\/#organization"},"potentialAction":[{"@type":"SearchAction","target":{"@type":"EntryPoint","urlTemplate":"https:\/\/suitcaseinspain.com\/?s={search_term_string}"},"query-input":{"@type":"PropertyValueSpecification","valueRequired":true,"valueName":"search_term_string"}}],"inLanguage":"es"},{"@type":"Organization","@id":"https:\/\/suitcaseinspain.com\/#organization","name":"Suitcase in SPAIN","url":"https:\/\/suitcaseinspain.com\/","logo":{"@type":"ImageObject","inLanguage":"es","@id":"https:\/\/suitcaseinspain.com\/#\/schema\/logo\/image\/","url":"https:\/\/suitcaseinspain.com\/wp-content\/uploads\/2022\/08\/Suitcase_in_Spain_Logo.jpg","contentUrl":"https:\/\/suitcaseinspain.com\/wp-content\/uploads\/2022\/08\/Suitcase_in_Spain_Logo.jpg","width":1251,"height":1251,"caption":"Suitcase in SPAIN"},"image":{"@id":"https:\/\/suitcaseinspain.com\/#\/schema\/logo\/image\/"},"sameAs":["https:\/\/www.facebook.com\/suitcaseinspain\/","https:\/\/www.instagram.com\/suitcaseinspain\/","https:\/\/www.youtube.com\/@suitcaseinspain"]},{"@type":"Person","@id":"https:\/\/suitcaseinspain.com\/#\/schema\/person\/e4dbdf08483aec7c999a57fe5c5ca10c","name":"JC","image":{"@type":"ImageObject","inLanguage":"es","@id":"https:\/\/secure.gravatar.com\/avatar\/21838357e1dda97dfa833deac8e4adce02bc41fe729bc4380ce6f9ed456e1b46?s=96&d=identicon&r=g","url":"https:\/\/secure.gravatar.com\/avatar\/21838357e1dda97dfa833deac8e4adce02bc41fe729bc4380ce6f9ed456e1b46?s=96&d=identicon&r=g","contentUrl":"https:\/\/secure.gravatar.com\/avatar\/21838357e1dda97dfa833deac8e4adce02bc41fe729bc4380ce6f9ed456e1b46?s=96&d=identicon&r=g","caption":"JC"},"url":"https:\/\/suitcaseinspain.com\/es\/author\/leblj\/"}]}},"_links":{"self":[{"href":"https:\/\/suitcaseinspain.com\/es\/wp-json\/wp\/v2\/posts\/227211","targetHints":{"allow":["GET"]}}],"collection":[{"href":"https:\/\/suitcaseinspain.com\/es\/wp-json\/wp\/v2\/posts"}],"about":[{"href":"https:\/\/suitcaseinspain.com\/es\/wp-json\/wp\/v2\/types\/post"}],"author":[{"embeddable":true,"href":"https:\/\/suitcaseinspain.com\/es\/wp-json\/wp\/v2\/users\/1"}],"replies":[{"embeddable":true,"href":"https:\/\/suitcaseinspain.com\/es\/wp-json\/wp\/v2\/comments?post=227211"}],"version-history":[{"count":0,"href":"https:\/\/suitcaseinspain.com\/es\/wp-json\/wp\/v2\/posts\/227211\/revisions"}],"wp:featuredmedia":[{"embeddable":true,"href":"https:\/\/suitcaseinspain.com\/es\/wp-json\/wp\/v2\/media\/227216"}],"wp:attachment":[{"href":"https:\/\/suitcaseinspain.com\/es\/wp-json\/wp\/v2\/media?parent=227211"}],"wp:term":[{"taxonomy":"category","embeddable":true,"href":"https:\/\/suitcaseinspain.com\/es\/wp-json\/wp\/v2\/categories?post=227211"},{"taxonomy":"post_tag","embeddable":true,"href":"https:\/\/suitcaseinspain.com\/es\/wp-json\/wp\/v2\/tags?post=227211"}],"curies":[{"name":"wp","href":"https:\/\/api.w.org\/{rel}","templated":true}]}}