{"id":227556,"date":"2023-01-06T23:56:56","date_gmt":"2023-01-06T22:56:56","guid":{"rendered":"https:\/\/suitcaseinspain.com\/?p=227556"},"modified":"2023-09-10T16:42:01","modified_gmt":"2023-09-10T14:42:01","slug":"ciutat-vella-neighbourhood","status":"publish","type":"post","link":"https:\/\/suitcaseinspain.com\/es\/ciutat-vella-neighbourhood\/","title":{"rendered":"Ciutat Vella Neighbourhood"},"content":{"rendered":"<p>[et_pb_section fb_built=&#8221;1&#8243; admin_label=&#8221;Recent Travels&#8221; _builder_version=&#8221;4.16&#8243; custom_padding=&#8221;20px|0px|20px|0px|true|false&#8221; da_disable_devices=&#8221;off|off|off&#8221; global_colors_info=&#8221;{}&#8221; theme_builder_area=&#8221;post_content&#8221; da_is_popup=&#8221;off&#8221; da_exit_intent=&#8221;off&#8221; da_has_close=&#8221;on&#8221; da_alt_close=&#8221;off&#8221; da_dark_close=&#8221;off&#8221; da_not_modal=&#8221;on&#8221; da_is_singular=&#8221;off&#8221; da_with_loader=&#8221;off&#8221; da_has_shadow=&#8221;on&#8221;][et_pb_row _builder_version=&#8221;4.21.0&#8243; _module_preset=&#8221;default&#8221; width=&#8221;100%&#8221; global_colors_info=&#8221;{}&#8221; theme_builder_area=&#8221;post_content&#8221;][et_pb_column type=&#8221;4_4&#8243; _builder_version=&#8221;4.21.0&#8243; _module_preset=&#8221;default&#8221; global_colors_info=&#8221;{}&#8221; theme_builder_area=&#8221;post_content&#8221;][et_pb_text _builder_version=&#8221;4.21.0&#8243; _module_preset=&#8221;default&#8221; text_font_size=&#8221;14px&#8221; text_line_height=&#8221;1.2em&#8221; text_orientation=&#8221;right&#8221; global_colors_info=&#8221;{}&#8221; theme_builder_area=&#8221;post_content&#8221;]Updated by Suitcase in SPAIN June 2023[\/et_pb_text][et_pb_text admin_label=&#8221;TOC&#8221; _builder_version=&#8221;4.17.4&#8243; _module_preset=&#8221;default&#8221; custom_css_main_element=&#8221;text-align: -webkit-center!important;&#8221; global_colors_info=&#8221;{}&#8221; theme_builder_area=&#8221;post_content&#8221;]<div id=\"ez-toc-container\" class=\"ez-toc-v2_0_82_2 ez-toc-wrap-center counter-hierarchy ez-toc-counter ez-toc-custom ez-toc-container-direction\">\n<p class=\"ez-toc-title\" style=\"cursor:inherit\">Table of Contents<\/p>\n<label for=\"ez-toc-cssicon-toggle-item-69f5cdd3bfa85\" class=\"ez-toc-cssicon-toggle-label\"><span class=\"ez-toc-cssicon\"><span class=\"eztoc-hide\" style=\"display:none;\">Toggle<\/span><span class=\"ez-toc-icon-toggle-span\"><svg style=\"fill: #ffffff;color:#ffffff\" xmlns=\"http:\/\/www.w3.org\/2000\/svg\" class=\"list-377408\" width=\"20px\" height=\"20px\" viewBox=\"0 0 24 24\" fill=\"none\"><path d=\"M6 6H4v2h2V6zm14 0H8v2h12V6zM4 11h2v2H4v-2zm16 0H8v2h12v-2zM4 16h2v2H4v-2zm16 0H8v2h12v-2z\" fill=\"currentColor\"><\/path><\/svg><svg style=\"fill: #ffffff;color:#ffffff\" class=\"arrow-unsorted-368013\" xmlns=\"http:\/\/www.w3.org\/2000\/svg\" width=\"10px\" height=\"10px\" viewBox=\"0 0 24 24\" version=\"1.2\" baseProfile=\"tiny\"><path d=\"M18.2 9.3l-6.2-6.3-6.2 6.3c-.2.2-.3.4-.3.7s.1.5.3.7c.2.2.4.3.7.3h11c.3 0 .5-.1.7-.3.2-.2.3-.5.3-.7s-.1-.5-.3-.7zM5.8 14.7l6.2 6.3 6.2-6.3c.2-.2.3-.5.3-.7s-.1-.5-.3-.7c-.2-.2-.4-.3-.7-.3h-11c-.3 0-.5.1-.7.3-.2.2-.3.5-.3.7s.1.5.3.7z\"\/><\/svg><\/span><\/span><\/label><input type=\"checkbox\"  id=\"ez-toc-cssicon-toggle-item-69f5cdd3bfa85\" checked aria-label=\"Alternar\" \/><nav><ul class='ez-toc-list ez-toc-list-level-1 ' ><li class='ez-toc-page-1 ez-toc-heading-level-2'><a class=\"ez-toc-link ez-toc-heading-1\" href=\"https:\/\/suitcaseinspain.com\/es\/ciutat-vella-neighbourhood\/#Ciutat_Vella\" >Ciutat Vella<\/a><\/li><li class='ez-toc-page-1 ez-toc-heading-level-2'><a class=\"ez-toc-link ez-toc-heading-2\" href=\"https:\/\/suitcaseinspain.com\/es\/ciutat-vella-neighbourhood\/#El_Carmen\" >El Carmen<\/a><\/li><li class='ez-toc-page-1 ez-toc-heading-level-2'><a class=\"ez-toc-link ez-toc-heading-3\" href=\"https:\/\/suitcaseinspain.com\/es\/ciutat-vella-neighbourhood\/#El_Mercat\" >El Mercat<\/a><\/li><li class='ez-toc-page-1 ez-toc-heading-level-2'><a class=\"ez-toc-link ez-toc-heading-4\" href=\"https:\/\/suitcaseinspain.com\/es\/ciutat-vella-neighbourhood\/#El_Pilar\" >El Pilar<\/a><\/li><li class='ez-toc-page-1 ez-toc-heading-level-2'><a class=\"ez-toc-link ez-toc-heading-5\" href=\"https:\/\/suitcaseinspain.com\/es\/ciutat-vella-neighbourhood\/#La_Seu\" >La Seu<\/a><\/li><li class='ez-toc-page-1 ez-toc-heading-level-2'><a class=\"ez-toc-link ez-toc-heading-6\" href=\"https:\/\/suitcaseinspain.com\/es\/ciutat-vella-neighbourhood\/#La_Xerea\" >La Xerea<\/a><\/li><li class='ez-toc-page-1 ez-toc-heading-level-2'><a class=\"ez-toc-link ez-toc-heading-7\" href=\"https:\/\/suitcaseinspain.com\/es\/ciutat-vella-neighbourhood\/#Sant_Francesc\" >Sant Francesc<\/a><\/li><\/ul><\/nav><\/div>\n[\/et_pb_text][\/et_pb_column][\/et_pb_row][et_pb_row _builder_version=&#8221;4.21.0&#8243; _module_preset=&#8221;default&#8221; width=&#8221;100%&#8221; custom_padding=&#8221;20px||||false|false&#8221; global_colors_info=&#8221;{}&#8221; theme_builder_area=&#8221;post_content&#8221;][et_pb_column type=&#8221;4_4&#8243; _builder_version=&#8221;4.21.0&#8243; _module_preset=&#8221;default&#8221; global_colors_info=&#8221;{}&#8221; theme_builder_area=&#8221;post_content&#8221;][et_pb_button button_url=&#8221;https:\/\/suitcaseinspain.com\/the-origins-and-brief-histories-of-valencia-districts\/&#8221; url_new_window=&#8221;on&#8221; button_text=&#8221;Back to The Origins and Brief Histories of Valencia Districts article&#8221; _builder_version=&#8221;4.21.0&#8243; _module_preset=&#8221;default&#8221; custom_button=&#8221;on&#8221; button_text_size=&#8221;16px&#8221; button_text_color=&#8221;#2F9A64&#8243; button_border_width=&#8221;0px&#8221; button_border_color=&#8221;RGBA(255,255,255,0)&#8221; button_icon=&#8221;&#x23;||divi||400&#8243; button_icon_placement=&#8221;left&#8221; button_on_hover=&#8221;off&#8221; global_colors_info=&#8221;{}&#8221; theme_builder_area=&#8221;post_content&#8221;][\/et_pb_button][\/et_pb_column][\/et_pb_row][et_pb_row _builder_version=&#8221;4.20.2&#8243; width=&#8221;100%&#8221; custom_padding=&#8221;0|0px|25.2604px|0px|false|false&#8221; global_colors_info=&#8221;{}&#8221; theme_builder_area=&#8221;post_content&#8221;][et_pb_column type=&#8221;4_4&#8243; _builder_version=&#8221;4.16&#8243; custom_padding=&#8221;|||&#8221; global_colors_info=&#8221;{}&#8221; custom_padding__hover=&#8221;|||&#8221; theme_builder_area=&#8221;post_content&#8221;][et_pb_text _builder_version=&#8221;4.22.1&#8243; text_font=&#8221;||||||||&#8221; link_font=&#8221;||||||||&#8221; ul_font=&#8221;||||||||&#8221; ol_font=&#8221;||||||||&#8221; quote_font=&#8221;||||||||&#8221; header_font=&#8221;||||||||&#8221; header_2_font=&#8221;||||||||&#8221; header_2_text_align=&#8221;left&#8221; header_2_font_size=&#8221;35px&#8221; header_2_line_height=&#8221;1.2em&#8221; max_width=&#8221;800px&#8221; module_alignment=&#8221;center&#8221; custom_padding=&#8221;20px||||false|false&#8221; hover_enabled=&#8221;0&#8243; header_2_font_size_tablet=&#8221;&#8221; header_2_font_size_phone=&#8221;34px&#8221; header_2_font_size_last_edited=&#8221;on|phone&#8221; global_colors_info=&#8221;{}&#8221; theme_builder_area=&#8221;post_content&#8221; sticky_enabled=&#8221;0&#8243;]<\/p>\n<h2><span class=\"ez-toc-section\" id=\"Ciutat_Vella\"><\/span>Ciutat Vella<span class=\"ez-toc-section-end\"><\/span><\/h2>\n<p>Ciutat Vella owes its name to the district that revolves around the birth of the city of Valencia, as well as the growing expansion after the Christian conquest. It is what we would call &#8220;old town&#8221; and from where, over the centuries, it has been expanding. It borders on the north with La Zaid\u00eda, on the east with El Pla del Real, on the southeast with Ensanche and on the southwest with Extramurs. It consists of a six neighborhoods: <a href=\"http:\/\/www.ayto-valencia.es\/ayuntamiento\/urbanismo.nsf\/vListaPlanosWeb\/095FEC5FA440B698C12579810042A7E1?OpenDocument&amp;lang=1&amp;nivel=12&amp;colApoyo=1\">La Seu<\/a>, <a href=\"http:\/\/www.ayto-valencia.es\/ayuntamiento\/urbanismo.nsf\/vListaPlanosWeb\/91C8B37A404C5169C12579810042A7E2?OpenDocument&amp;lang=1&amp;nivel=12&amp;colApoyo=1\">La Xerea<\/a>, <a href=\"http:\/\/www.ayto-valencia.es\/ayuntamiento\/urbanismo.nsf\/vListaPlanosWeb\/FEB74FE3?OpenDoc12F555F204C12579810042A7ument&amp;lang=1&amp;nivel=12&amp;colApoyo=1\">El Carmen<\/a>, <a href=\"http:\/\/www.ayto-valencia.es\/ayuntamiento\/urbanismo.nsf\/vListaPlanosWeb\/5F65CA6D7753F30FC12579810042A7E7?OpenDocument&amp;lang=1&amp;nivel=12&amp;colApoyo=1\">El Pilar<\/a> (formerly known as Velluters because of the important <a href=\"https:\/\/valenciabonita.es\/2016\/09\/27\/el-museo-de-la-seda-el-lugar-donde-puedes-conocer-la-gran-historia-de-la-seda-en-valencia\/\">silk <\/a>trade in Valencia), <a href=\"http:\/\/www.ayto-valencia.es\/ayuntamiento\/urbanismo.nsf\/vListaPlanosWeb\/29FD7450E4D0665EC12579810042A7E8?OpenDocument&amp;lang=1&amp;nivel=12&amp;colApoyo=1\">El Mercat<\/a> and <a href=\"http:\/\/www.ayto-valencia.es\/ayuntamiento\/urbanismo.nsf\/vListaPlanosWeb\/93768AD05585AF0CC12579810042A7ED?OpenDocument&amp;lang=1&amp;nivel=12&amp;colApoyo=1\">Sant Francesc.<\/a> La Seu, the oldest neighborhood of Cap i Casal, is what many scholars say roughly matches the city limits of the Roman colony, \u201cValentia Edetanorum\u201d, as well as being the center of the Andalusian Balansiya (Roman Urdu for Valencia). La Seu got its name because that is where the Cathedral is located. El Carmen is one of the neighborhoods that grew between ramparts, the Muslim Wall (11th century), built by <a href=\"https:\/\/es.wikipedia.org\/wiki\/Abd_al-Aziz_ibn_Amir\">Abd al-Aziz ibn Amir,<\/a> who confined it to the east; the Christian Wall (14th century) which protected it from the west. To better understand its history, we recommend one of the best books on &#8220;El Carme&#8221;, by Rafael Solaz Albert <a href=\"http:\/\/www.casadellibro.com\/libro-el-carme\/9788494043703\/2049758\">(click here)<\/a>. <strong>In this district you can see the remains of the walls of Valencia which marks the Christian Wall as well as the boundaries of the current district (well almost, since there are additions, as you can see in the map below &#8211; a comparison between the map of the district and the one of the walls. Thus making, Ciutat Vella the most significant district and, perhaps, the most emblematic of Valencia.<\/strong><\/p>\n<p>[\/et_pb_text][\/et_pb_column][\/et_pb_row][et_pb_row _builder_version=&#8221;4.20.2&#8243; width=&#8221;100%&#8221; global_colors_info=&#8221;{}&#8221; theme_builder_area=&#8221;post_content&#8221;][et_pb_column type=&#8221;4_4&#8243; _builder_version=&#8221;4.16&#8243; custom_padding=&#8221;|||&#8221; global_colors_info=&#8221;{}&#8221; custom_padding__hover=&#8221;|||&#8221; theme_builder_area=&#8221;post_content&#8221;][et_pb_image src=&#8221;https:\/\/suitcaseinspain.com\/wp-content\/uploads\/2019\/01\/murallas-de-Valencia.jpg&#8221; align=&#8221;center&#8221; align_tablet=&#8221;center&#8221; align_phone=&#8221;center&#8221; align_last_edited=&#8221;on|desktop&#8221; _builder_version=&#8221;4.16&#8243; global_colors_info=&#8221;{}&#8221; theme_builder_area=&#8221;post_content&#8221;][\/et_pb_image][\/et_pb_column][\/et_pb_row][et_pb_row _builder_version=&#8221;4.16&#8243; global_colors_info=&#8221;{}&#8221; theme_builder_area=&#8221;post_content&#8221;][et_pb_column type=&#8221;4_4&#8243; _builder_version=&#8221;4.16&#8243; custom_padding=&#8221;|||&#8221; global_colors_info=&#8221;{}&#8221; custom_padding__hover=&#8221;|||&#8221; theme_builder_area=&#8221;post_content&#8221;][et_pb_image src=&#8221;https:\/\/suitcaseinspain.com\/wp-content\/uploads\/2019\/01\/Muralla_\u00e0rab_Val\u00e8ncia.jpg&#8221; align=&#8221;center&#8221; align_tablet=&#8221;center&#8221; align_phone=&#8221;center&#8221; align_last_edited=&#8221;on|desktop&#8221; _builder_version=&#8221;4.16&#8243; global_colors_info=&#8221;{}&#8221; theme_builder_area=&#8221;post_content&#8221;][\/et_pb_image][\/et_pb_column][\/et_pb_row][et_pb_row _builder_version=&#8221;4.16&#8243; global_colors_info=&#8221;{}&#8221; theme_builder_area=&#8221;post_content&#8221;][et_pb_column type=&#8221;4_4&#8243; _builder_version=&#8221;4.16&#8243; custom_padding=&#8221;|||&#8221; global_colors_info=&#8221;{}&#8221; custom_padding__hover=&#8221;|||&#8221; theme_builder_area=&#8221;post_content&#8221;][et_pb_image src=&#8221;https:\/\/suitcaseinspain.com\/wp-content\/uploads\/2019\/01\/La-Valencia-jud\u00eda.Plano-de-la-muralla-cristiana-de-1356.jpg&#8221; align=&#8221;center&#8221; align_tablet=&#8221;center&#8221; align_phone=&#8221;center&#8221; align_last_edited=&#8221;on|desktop&#8221; _builder_version=&#8221;4.16&#8243; global_colors_info=&#8221;{}&#8221; theme_builder_area=&#8221;post_content&#8221;][\/et_pb_image][\/et_pb_column][\/et_pb_row][et_pb_row _builder_version=&#8221;4.21.0&#8243; _module_preset=&#8221;default&#8221; width=&#8221;100%&#8221; custom_padding=&#8221;30px||||false|false&#8221; global_colors_info=&#8221;{}&#8221; theme_builder_area=&#8221;post_content&#8221;][et_pb_column type=&#8221;4_4&#8243; _builder_version=&#8221;4.21.0&#8243; _module_preset=&#8221;default&#8221; global_colors_info=&#8221;{}&#8221; theme_builder_area=&#8221;post_content&#8221;][et_pb_divider color=&#8221;#F7C621&#8243; divider_position=&#8221;center&#8221; divider_weight=&#8221;2px&#8221; _builder_version=&#8221;4.21.0&#8243; _module_preset=&#8221;default&#8221; max_width=&#8221;30%&#8221; global_colors_info=&#8221;{}&#8221; theme_builder_area=&#8221;post_content&#8221;][\/et_pb_divider][et_pb_text _builder_version=&#8221;4.21.0&#8243; _module_preset=&#8221;default&#8221; header_2_font_size=&#8221;35px&#8221; header_2_line_height=&#8221;1.2em&#8221; global_colors_info=&#8221;{}&#8221; theme_builder_area=&#8221;post_content&#8221;]If you\u2019re considering moving to Valencia, it\u2019s essential to find the neighborhood that suits your lifestyle and preferences. So, let\u2019s explore the distinct characteristics of each neighborhood to help you make an informed decision.[\/et_pb_text][\/et_pb_column][\/et_pb_row][et_pb_row _builder_version=&#8221;4.21.0&#8243; _module_preset=&#8221;default&#8221; width=&#8221;100%&#8221; custom_padding=&#8221;30px||||false|false&#8221; global_colors_info=&#8221;{}&#8221; theme_builder_area=&#8221;post_content&#8221;][et_pb_column type=&#8221;4_4&#8243; _builder_version=&#8221;4.21.0&#8243; _module_preset=&#8221;default&#8221; global_colors_info=&#8221;{}&#8221; theme_builder_area=&#8221;post_content&#8221;][et_pb_text _builder_version=&#8221;4.22.1&#8243; _module_preset=&#8221;default&#8221; header_2_font_size=&#8221;35px&#8221; header_2_line_height=&#8221;1.2em&#8221; hover_enabled=&#8221;0&#8243; global_colors_info=&#8221;{}&#8221; theme_builder_area=&#8221;post_content&#8221; sticky_enabled=&#8221;0&#8243;]<\/p>\n<h2><span class=\"ez-toc-section\" id=\"El_Carmen\"><\/span>El Carmen<span class=\"ez-toc-section-end\"><\/span><\/h2>\n<p>El Carmen is one of the neighborhoods in the Ciutat Vella district, Valencia&#8217;s historic center. Situated between the Muslim wall to the east and the Christian wall to the west, it showcases an array of fascinating monuments and buildings. Visitors can explore landmarks such as the Torres de Quart, Torres de Serranos, Valencian Institute of Modern Art (IVAM), the church of Carmen, and the painter&#8217;s house-museum Jos\u00e9 Benlliure. With its vibrant atmosphere, El Carmen is a popular destination for young people in Valencia. However, due to its narrow streets, parking and driving can be challenging, making public transportation, especially buses, the recommended mode of travel.<\/p>\n<p><strong>Benefits<\/strong>:<\/p>\n<ul>\n<li>Lively neighborhood with numerous shops, markets, supermarkets, restaurants, bars, and terraces<\/li>\n<li>Ideal for single individuals or young couples<\/li>\n<li>Proximity to historical landmarks and attractions, such as the Torres de Quart and IVAM<\/li>\n<li>Convenient access to public transportation options<\/li>\n<\/ul>\n<p><strong>Drawbacks<\/strong>:<\/p>\n<ul>\n<li>Difficulty in finding parking spaces<\/li>\n<li>Relatively small and expensive apartments<\/li>\n<li>Noisy and festive atmosphere during weekends<\/li>\n<\/ul>\n<p>[\/et_pb_text][et_pb_divider color=&#8221;#F7C621&#8243; divider_position=&#8221;center&#8221; divider_weight=&#8221;2px&#8221; _builder_version=&#8221;4.21.0&#8243; _module_preset=&#8221;default&#8221; max_width=&#8221;30%&#8221; global_colors_info=&#8221;{}&#8221; theme_builder_area=&#8221;post_content&#8221;][\/et_pb_divider][\/et_pb_column][\/et_pb_row][et_pb_row _builder_version=&#8221;4.21.0&#8243; _module_preset=&#8221;default&#8221; width=&#8221;100%&#8221; custom_padding=&#8221;30px||||false|false&#8221; global_colors_info=&#8221;{}&#8221; theme_builder_area=&#8221;post_content&#8221;][et_pb_column type=&#8221;4_4&#8243; _builder_version=&#8221;4.21.0&#8243; _module_preset=&#8221;default&#8221; global_colors_info=&#8221;{}&#8221; theme_builder_area=&#8221;post_content&#8221;][et_pb_text _builder_version=&#8221;4.21.0&#8243; _module_preset=&#8221;default&#8221; header_2_font_size=&#8221;35px&#8221; header_2_line_height=&#8221;1.2em&#8221; global_colors_info=&#8221;{}&#8221; theme_builder_area=&#8221;post_content&#8221;]<\/p>\n<h2><span class=\"ez-toc-section\" id=\"El_Mercat\"><\/span>El Mercat<span class=\"ez-toc-section-end\"><\/span><\/h2>\n<p>El Mercat is the most central neighborhood within the Ciutat Vella district of Valencia. It serves as the home of the Central Market of Valencia, making it a focal point for visitors and locals alike. The neighborhood boasts notable attractions like the Lonja de la Seda, church of Santos Juanes, and the original Plaza Redonda. With its lively atmosphere and a wide range of shops, markets, supermarkets, restaurants, and bars, El Mercat is a bustling hub for gastronomy enthusiasts. Due to its narrow streets, using public transportation, such as buses or the metro station \u00c0ngel Guimer\u00e0, is recommended.<\/p>\n<p><strong>Benefits<\/strong>:<\/p>\n<ul>\n<li>Vibrant district with a wide array of shops, markets, supermarkets, restaurants, and bars<\/li>\n<li>Prime location in the heart of Valencia<\/li>\n<li>Proximity to major attractions such as the Central Market, Lonja de la Seda, and Plaza Redonda<\/li>\n<li>Ideal for single individuals or young couples<\/li>\n<\/ul>\n<p><strong>Drawbacks<\/strong>:<\/p>\n<ul>\n<li>Limited parking availability<\/li>\n<li>Relatively small, dark, and expensive apartments<\/li>\n<li>Challenging to find affordable rental options<\/li>\n<li>Noisy and crowded atmosphere during peak hours<\/li>\n<\/ul>\n<p>[\/et_pb_text][et_pb_divider color=&#8221;#F7C621&#8243; divider_position=&#8221;center&#8221; divider_weight=&#8221;2px&#8221; _builder_version=&#8221;4.21.0&#8243; _module_preset=&#8221;default&#8221; max_width=&#8221;30%&#8221; global_colors_info=&#8221;{}&#8221; theme_builder_area=&#8221;post_content&#8221;][\/et_pb_divider][\/et_pb_column][\/et_pb_row][et_pb_row _builder_version=&#8221;4.21.0&#8243; _module_preset=&#8221;default&#8221; width=&#8221;100%&#8221; custom_padding=&#8221;30px||||false|false&#8221; global_colors_info=&#8221;{}&#8221; theme_builder_area=&#8221;post_content&#8221;][et_pb_column type=&#8221;4_4&#8243; _builder_version=&#8221;4.21.0&#8243; _module_preset=&#8221;default&#8221; global_colors_info=&#8221;{}&#8221; theme_builder_area=&#8221;post_content&#8221;][et_pb_text _builder_version=&#8221;4.21.0&#8243; _module_preset=&#8221;default&#8221; header_2_font_size=&#8221;35px&#8221; header_2_line_height=&#8221;1.2em&#8221; global_colors_info=&#8221;{}&#8221; theme_builder_area=&#8221;post_content&#8221;]<\/p>\n<h2><span class=\"ez-toc-section\" id=\"El_Pilar\"><\/span>El Pilar<span class=\"ez-toc-section-end\"><\/span><\/h2>\n<p>El Pilar is situated to the west of the Ciutat Vella district in Valencia. It has a historical connection to the silk industry and is also referred to as Velluters, reflecting the presence of silk craftsmen in the area. The neighborhood features a more organized and square layout compared to other districts in the area. Noteworthy landmarks include the Nuestra Se\u00f1ora del Pilar church. El Pilar enjoys good connectivity through the bus network, and the nearby metro station, \u00c0ngel Guimera, provides convenient transportation options.<\/p>\n<p><strong>Benefits<\/strong>:<\/p>\n<ul>\n<li>Excellent location, close to the city center, the botanical garden, and the Turia<\/li>\n<li>Offers a relatively peaceful atmosphere compared to El Carme<\/li>\n<li>Ideal for single individuals or young couples<\/li>\n<\/ul>\n<p><strong>Drawbacks<\/strong>:<\/p>\n<ul>\n<li>Limited parking availability<\/li>\n<li>Apartments tend to be small, dark, and relatively expensive<\/li>\n<li>Some areas may require renovation<\/li>\n<\/ul>\n<p>[\/et_pb_text][et_pb_divider color=&#8221;#F7C621&#8243; divider_position=&#8221;center&#8221; divider_weight=&#8221;2px&#8221; _builder_version=&#8221;4.21.0&#8243; _module_preset=&#8221;default&#8221; max_width=&#8221;30%&#8221; global_colors_info=&#8221;{}&#8221; theme_builder_area=&#8221;post_content&#8221;][\/et_pb_divider][\/et_pb_column][\/et_pb_row][et_pb_row _builder_version=&#8221;4.21.0&#8243; _module_preset=&#8221;default&#8221; width=&#8221;100%&#8221; custom_padding=&#8221;30px||||false|false&#8221; global_colors_info=&#8221;{}&#8221; theme_builder_area=&#8221;post_content&#8221;][et_pb_column type=&#8221;4_4&#8243; _builder_version=&#8221;4.21.0&#8243; _module_preset=&#8221;default&#8221; global_colors_info=&#8221;{}&#8221; theme_builder_area=&#8221;post_content&#8221;][et_pb_text _builder_version=&#8221;4.21.0&#8243; _module_preset=&#8221;default&#8221; header_2_font_size=&#8221;35px&#8221; header_2_line_height=&#8221;1.2em&#8221; global_colors_info=&#8221;{}&#8221; theme_builder_area=&#8221;post_content&#8221;]<\/p>\n<h2><span class=\"ez-toc-section\" id=\"La_Seu\"><\/span>La Seu<span class=\"ez-toc-section-end\"><\/span><\/h2>\n<p>La Seu is the oldest district in Valencia and is located in the northern part of the Ciutat Vella district. It is considered the political and spiritual center of the city, housing significant landmarks such as Valencia Cathedral, the Archbishop&#8217;s Palace, Basilica of Nuestra Se\u00f1ora de los Desamparados, Santa Catalina Church, Generalitat Palace, and the Cortes Valencianas. The area benefits from a well-connected bus network and is in proximity to the Col\u00f3n metro station.<\/p>\n<p><strong>Benefits<\/strong>:<\/p>\n<ul>\n<li>Superb location, including the iconic Plaza de la Virgen and other major tourist attractions<\/li>\n<li>Relatively quieter ambiance compared to El Carme<\/li>\n<li>Ideal for single individuals or young couples<\/li>\n<\/ul>\n<p><strong>Drawbacks<\/strong>:<\/p>\n<ul>\n<li>Limited parking options<\/li>\n<li>Larger apartments are rare and expensive<\/li>\n<li>Finding affordable rentals can be challenging<\/li>\n<\/ul>\n<p>[\/et_pb_text][et_pb_divider color=&#8221;#F7C621&#8243; divider_position=&#8221;center&#8221; divider_weight=&#8221;2px&#8221; _builder_version=&#8221;4.21.0&#8243; _module_preset=&#8221;default&#8221; max_width=&#8221;30%&#8221; global_colors_info=&#8221;{}&#8221; theme_builder_area=&#8221;post_content&#8221;][\/et_pb_divider][\/et_pb_column][\/et_pb_row][et_pb_row _builder_version=&#8221;4.21.0&#8243; _module_preset=&#8221;default&#8221; width=&#8221;100%&#8221; custom_padding=&#8221;30px||||false|false&#8221; global_colors_info=&#8221;{}&#8221; theme_builder_area=&#8221;post_content&#8221;][et_pb_column type=&#8221;4_4&#8243; _builder_version=&#8221;4.21.0&#8243; _module_preset=&#8221;default&#8221; global_colors_info=&#8221;{}&#8221; theme_builder_area=&#8221;post_content&#8221;][et_pb_text _builder_version=&#8221;4.21.0&#8243; _module_preset=&#8221;default&#8221; header_2_font_size=&#8221;35px&#8221; header_2_line_height=&#8221;1.2em&#8221; global_colors_info=&#8221;{}&#8221; theme_builder_area=&#8221;post_content&#8221;]<\/p>\n<h2><span class=\"ez-toc-section\" id=\"La_Xerea\"><\/span>La Xerea<span class=\"ez-toc-section-end\"><\/span><\/h2>\n<p>La Xerea is situated to the east of the Ciutat Vella district. It is known for its notable landmarks such as Santo Domingo Church, San Juan del Hospital Church, Glorieta Gardens, and Parterre Park. The neighborhood benefits from a well-developed bus network, and it is conveniently served by two subway stations: Col\u00f3n and Alameda. The educational institutions in the area include Escolania Ntra Sra Desamparados and CEIP EL SOLDADITO.<\/p>\n<p><strong>Benefits<\/strong>:<\/p>\n<ul>\n<li>Close proximity to the city center and the Turia<\/li>\n<li>Relatively less vibrant compared to El Carme<\/li>\n<li>Ideal for single individuals or young couples<\/li>\n<\/ul>\n<p><strong>Drawbacks<\/strong>:<\/p>\n<ul>\n<li>Limited parking availability<\/li>\n<li>Larger apartments are scarce and expensive<\/li>\n<li>Finding affordable rentals can be challenging<\/li>\n<\/ul>\n<p>[\/et_pb_text][et_pb_divider color=&#8221;#F7C621&#8243; divider_position=&#8221;center&#8221; divider_weight=&#8221;2px&#8221; _builder_version=&#8221;4.21.0&#8243; _module_preset=&#8221;default&#8221; max_width=&#8221;30%&#8221; global_colors_info=&#8221;{}&#8221; theme_builder_area=&#8221;post_content&#8221;][\/et_pb_divider][\/et_pb_column][\/et_pb_row][et_pb_row _builder_version=&#8221;4.21.0&#8243; _module_preset=&#8221;default&#8221; width=&#8221;100%&#8221; custom_padding=&#8221;30px||||false|false&#8221; global_colors_info=&#8221;{}&#8221; theme_builder_area=&#8221;post_content&#8221;][et_pb_column type=&#8221;4_4&#8243; _builder_version=&#8221;4.21.0&#8243; _module_preset=&#8221;default&#8221; global_colors_info=&#8221;{}&#8221; theme_builder_area=&#8221;post_content&#8221;][et_pb_text _builder_version=&#8221;4.21.0&#8243; _module_preset=&#8221;default&#8221; header_2_font_size=&#8221;35px&#8221; header_2_line_height=&#8221;1.2em&#8221; global_colors_info=&#8221;{}&#8221; theme_builder_area=&#8221;post_content&#8221;]<\/p>\n<h2><span class=\"ez-toc-section\" id=\"Sant_Francesc\"><\/span>Sant Francesc<span class=\"ez-toc-section-end\"><\/span><\/h2>\n<p>Sant Francesc is the largest and most populous neighborhood in the Ciutat Vella district of Valencia. Located in the southern part of the district, it boasts several prominent landmarks including the Parque de la Cultura, the Ayuntamiento (City Hall), the Theater, the MuVIM (Valencian Museum of Enlightenment and Modernity), and the courthouse. The neighborhood enjoys excellent connectivity through the bus network, and there are three convenient underground stations: Col\u00f3n, X\u00e0tiva, and \u00c0ngel Guimer\u00e0. Educational opportunities in Sant Francesc include the prestigious IES Llu\u00eds Vives.<\/p>\n<p><strong>Benefits<\/strong>:<\/p>\n<ul>\n<li>Abundance of shops, markets, supermarkets, restaurants, bars, and terraces<\/li>\n<li>Presence of the spacious Parque de la Cultura<\/li>\n<li>Ideal for single individuals or young couples<\/li>\n<li>Convenient location close to the city center<\/li>\n<\/ul>\n<p><strong>Drawbacks<\/strong>:<\/p>\n<ul>\n<li>Limited parking options<\/li>\n<li>Apartments tend to be small, dark, and relatively expensive<\/li>\n<li>Finding affordable rentals can be challenging<\/li>\n<\/ul>\n<p>[\/et_pb_text][et_pb_divider color=&#8221;#F7C621&#8243; divider_position=&#8221;center&#8221; divider_weight=&#8221;2px&#8221; _builder_version=&#8221;4.21.0&#8243; _module_preset=&#8221;default&#8221; max_width=&#8221;30%&#8221; global_colors_info=&#8221;{}&#8221; theme_builder_area=&#8221;post_content&#8221;][\/et_pb_divider][\/et_pb_column][\/et_pb_row][et_pb_row _builder_version=&#8221;4.19.3&#8243; _module_preset=&#8221;default&#8221; background_color=&#8221;#2f9a64&#8243; width=&#8221;100%&#8221; custom_margin=&#8221;2em||||false|false&#8221; custom_padding=&#8221;1em|1em|1em|1em|true|true&#8221; box_shadow_style=&#8221;preset4&#8243; box_shadow_color=&#8221;#f7c621&#8243; global_colors_info=&#8221;{}&#8221; theme_builder_area=&#8221;post_content&#8221;][et_pb_column type=&#8221;4_4&#8243; _builder_version=&#8221;4.17.4&#8243; _module_preset=&#8221;default&#8221; global_colors_info=&#8221;{}&#8221; theme_builder_area=&#8221;post_content&#8221;][et_pb_text _builder_version=&#8221;4.21.0&#8243; _module_preset=&#8221;default&#8221; text_text_color=&#8221;#FFFFFF&#8221; global_colors_info=&#8221;{}&#8221; theme_builder_area=&#8221;post_content&#8221;]Now that you have an overview of the neighborhoods in Ciutat Vella, you can consider which one aligns best with your preferences. Keep in mind the unique benefits and drawbacks of each neighborhood, such as their proximity to the city center, availability of green spaces, parking situations, and rental property availability. Happy house hunting, and may you find your perfect home in Valencia![\/et_pb_text][\/et_pb_column][\/et_pb_row][\/et_pb_section]<\/p>\n","protected":false},"excerpt":{"rendered":"<p>Explore the historic charm of Ciutat Vella, the captivating old town district of Valencia. Immerse yourself in its rich heritage, from the iconic Valencia Cathedral to the vibrant Central Market. Wander through narrow streets, discover hidden gems, and indulge in the local cuisine.<\/p>","protected":false},"author":1,"featured_media":215183,"comment_status":"closed","ping_status":"open","sticky":false,"template":"","format":"standard","meta":{"_et_pb_use_builder":"on","_et_pb_old_content":"","_et_gb_content_width":"","footnotes":""},"categories":[32,2460],"tags":[2319,2316,2322,2324,2323,2326,1596,1684,2321,2320,2317,2325,2318],"class_list":["post-227556","post","type-post","status-publish","format-standard","has-post-thumbnail","hentry","category-valencia","category-valencia-city-neighbourhoods","tag-central-market","tag-ciutat-vella","tag-el-carmen","tag-el-mercat","tag-el-pilar","tag-el-pla-de-real","tag-heritage","tag-hidden-gems","tag-local-cuisine","tag-narrow-streets","tag-old-town","tag-san-francesc","tag-valencia-cathedral"],"yoast_head":"<!-- This site is optimized with the Yoast SEO plugin v27.4 - https:\/\/yoast.com\/product\/yoast-seo-wordpress\/ -->\n<title>Ciutat Vella Neighbourhood | Suitcase in SPAIN<\/title>\n<meta name=\"robots\" content=\"index, follow, max-snippet:-1, max-image-preview:large, max-video-preview:-1\" \/>\n<link rel=\"canonical\" href=\"https:\/\/suitcaseinspain.com\/es\/ciutat-vella-neighbourhood\/\" \/>\n<meta property=\"og:locale\" content=\"es_ES\" \/>\n<meta property=\"og:type\" content=\"article\" \/>\n<meta property=\"og:title\" content=\"Ciutat Vella Neighbourhood | Suitcase in SPAIN\" \/>\n<meta property=\"og:description\" content=\"Explore the historic charm of Ciutat Vella, the captivating old town district of Valencia. Immerse yourself in its rich heritage, from the iconic Valencia Cathedral to the vibrant Central Market. Wander through narrow streets, discover hidden gems, and indulge in the local cuisine.\" \/>\n<meta property=\"og:url\" content=\"https:\/\/suitcaseinspain.com\/es\/ciutat-vella-neighbourhood\/\" \/>\n<meta property=\"og:site_name\" content=\"Suitcase in SPAIN\" \/>\n<meta property=\"article:publisher\" content=\"https:\/\/www.facebook.com\/suitcaseinspain\/\" \/>\n<meta property=\"article:published_time\" content=\"2023-01-06T22:56:56+00:00\" \/>\n<meta property=\"article:modified_time\" content=\"2023-09-10T14:42:01+00:00\" \/>\n<meta property=\"og:image\" content=\"https:\/\/suitcaseinspain.com\/wp-content\/uploads\/2019\/01\/Dt01_Ciutat_Vella-001.jpg\" \/>\n\t<meta property=\"og:image:width\" content=\"707\" \/>\n\t<meta property=\"og:image:height\" content=\"1000\" \/>\n\t<meta property=\"og:image:type\" content=\"image\/jpeg\" \/>\n<meta name=\"author\" content=\"JC\" \/>\n<meta name=\"twitter:card\" content=\"summary_large_image\" \/>\n<meta name=\"twitter:label1\" content=\"Escrito por\" \/>\n\t<meta name=\"twitter:data1\" content=\"JC\" \/>\n\t<meta name=\"twitter:label2\" content=\"Tiempo de lectura\" \/>\n\t<meta name=\"twitter:data2\" content=\"13 minutos\" \/>\n<script type=\"application\/ld+json\" class=\"yoast-schema-graph\">{\"@context\":\"https:\\\/\\\/schema.org\",\"@graph\":[{\"@type\":\"Article\",\"@id\":\"https:\\\/\\\/suitcaseinspain.com\\\/ciutat-vella-neighbourhood\\\/#article\",\"isPartOf\":{\"@id\":\"https:\\\/\\\/suitcaseinspain.com\\\/ciutat-vella-neighbourhood\\\/\"},\"author\":{\"name\":\"JC\",\"@id\":\"https:\\\/\\\/suitcaseinspain.com\\\/#\\\/schema\\\/person\\\/e4dbdf08483aec7c999a57fe5c5ca10c\"},\"headline\":\"Ciutat Vella Neighbourhood\",\"datePublished\":\"2023-01-06T22:56:56+00:00\",\"dateModified\":\"2023-09-10T14:42:01+00:00\",\"mainEntityOfPage\":{\"@id\":\"https:\\\/\\\/suitcaseinspain.com\\\/ciutat-vella-neighbourhood\\\/\"},\"wordCount\":2690,\"publisher\":{\"@id\":\"https:\\\/\\\/suitcaseinspain.com\\\/#organization\"},\"image\":{\"@id\":\"https:\\\/\\\/suitcaseinspain.com\\\/ciutat-vella-neighbourhood\\\/#primaryimage\"},\"thumbnailUrl\":\"https:\\\/\\\/suitcaseinspain.com\\\/wp-content\\\/uploads\\\/2019\\\/01\\\/Dt01_Ciutat_Vella-001.jpg\",\"keywords\":[\"Central Market\",\"Ciutat Vella\",\"El Carmen\",\"El Mercat\",\"El Pilar\",\"El Pla de Real\",\"Heritage\",\"Hidden gems\",\"local cuisine\",\"narrow streets\",\"old town\",\"San Francesc\",\"Valencia Cathedral\"],\"articleSection\":[\"Valencia\",\"Valencia City Neighbourhoods\"],\"inLanguage\":\"es\"},{\"@type\":\"WebPage\",\"@id\":\"https:\\\/\\\/suitcaseinspain.com\\\/ciutat-vella-neighbourhood\\\/\",\"url\":\"https:\\\/\\\/suitcaseinspain.com\\\/ciutat-vella-neighbourhood\\\/\",\"name\":\"Ciutat Vella Neighbourhood | Suitcase in SPAIN\",\"isPartOf\":{\"@id\":\"https:\\\/\\\/suitcaseinspain.com\\\/#website\"},\"primaryImageOfPage\":{\"@id\":\"https:\\\/\\\/suitcaseinspain.com\\\/ciutat-vella-neighbourhood\\\/#primaryimage\"},\"image\":{\"@id\":\"https:\\\/\\\/suitcaseinspain.com\\\/ciutat-vella-neighbourhood\\\/#primaryimage\"},\"thumbnailUrl\":\"https:\\\/\\\/suitcaseinspain.com\\\/wp-content\\\/uploads\\\/2019\\\/01\\\/Dt01_Ciutat_Vella-001.jpg\",\"datePublished\":\"2023-01-06T22:56:56+00:00\",\"dateModified\":\"2023-09-10T14:42:01+00:00\",\"breadcrumb\":{\"@id\":\"https:\\\/\\\/suitcaseinspain.com\\\/ciutat-vella-neighbourhood\\\/#breadcrumb\"},\"inLanguage\":\"es\",\"potentialAction\":[{\"@type\":\"ReadAction\",\"target\":[\"https:\\\/\\\/suitcaseinspain.com\\\/ciutat-vella-neighbourhood\\\/\"]}]},{\"@type\":\"ImageObject\",\"inLanguage\":\"es\",\"@id\":\"https:\\\/\\\/suitcaseinspain.com\\\/ciutat-vella-neighbourhood\\\/#primaryimage\",\"url\":\"https:\\\/\\\/suitcaseinspain.com\\\/wp-content\\\/uploads\\\/2019\\\/01\\\/Dt01_Ciutat_Vella-001.jpg\",\"contentUrl\":\"https:\\\/\\\/suitcaseinspain.com\\\/wp-content\\\/uploads\\\/2019\\\/01\\\/Dt01_Ciutat_Vella-001.jpg\",\"width\":707,\"height\":1000,\"caption\":\"Ciutat Vella Neighbourhood in Valencia, Spain\"},{\"@type\":\"BreadcrumbList\",\"@id\":\"https:\\\/\\\/suitcaseinspain.com\\\/ciutat-vella-neighbourhood\\\/#breadcrumb\",\"itemListElement\":[{\"@type\":\"ListItem\",\"position\":1,\"name\":\"Home\",\"item\":\"https:\\\/\\\/suitcaseinspain.com\\\/\"},{\"@type\":\"ListItem\",\"position\":2,\"name\":\"Ciutat Vella Neighbourhood\"}]},{\"@type\":\"WebSite\",\"@id\":\"https:\\\/\\\/suitcaseinspain.com\\\/#website\",\"url\":\"https:\\\/\\\/suitcaseinspain.com\\\/\",\"name\":\"Suitcase in SPAIN\",\"description\":\"La Vida Loca in Spain\",\"publisher\":{\"@id\":\"https:\\\/\\\/suitcaseinspain.com\\\/#organization\"},\"potentialAction\":[{\"@type\":\"SearchAction\",\"target\":{\"@type\":\"EntryPoint\",\"urlTemplate\":\"https:\\\/\\\/suitcaseinspain.com\\\/?s={search_term_string}\"},\"query-input\":{\"@type\":\"PropertyValueSpecification\",\"valueRequired\":true,\"valueName\":\"search_term_string\"}}],\"inLanguage\":\"es\"},{\"@type\":\"Organization\",\"@id\":\"https:\\\/\\\/suitcaseinspain.com\\\/#organization\",\"name\":\"Suitcase in SPAIN\",\"url\":\"https:\\\/\\\/suitcaseinspain.com\\\/\",\"logo\":{\"@type\":\"ImageObject\",\"inLanguage\":\"es\",\"@id\":\"https:\\\/\\\/suitcaseinspain.com\\\/#\\\/schema\\\/logo\\\/image\\\/\",\"url\":\"https:\\\/\\\/suitcaseinspain.com\\\/wp-content\\\/uploads\\\/2022\\\/08\\\/Suitcase_in_Spain_Logo.jpg\",\"contentUrl\":\"https:\\\/\\\/suitcaseinspain.com\\\/wp-content\\\/uploads\\\/2022\\\/08\\\/Suitcase_in_Spain_Logo.jpg\",\"width\":1251,\"height\":1251,\"caption\":\"Suitcase in SPAIN\"},\"image\":{\"@id\":\"https:\\\/\\\/suitcaseinspain.com\\\/#\\\/schema\\\/logo\\\/image\\\/\"},\"sameAs\":[\"https:\\\/\\\/www.facebook.com\\\/suitcaseinspain\\\/\",\"https:\\\/\\\/www.instagram.com\\\/suitcaseinspain\\\/\",\"https:\\\/\\\/www.youtube.com\\\/@suitcaseinspain\"]},{\"@type\":\"Person\",\"@id\":\"https:\\\/\\\/suitcaseinspain.com\\\/#\\\/schema\\\/person\\\/e4dbdf08483aec7c999a57fe5c5ca10c\",\"name\":\"JC\",\"image\":{\"@type\":\"ImageObject\",\"inLanguage\":\"es\",\"@id\":\"https:\\\/\\\/secure.gravatar.com\\\/avatar\\\/21838357e1dda97dfa833deac8e4adce02bc41fe729bc4380ce6f9ed456e1b46?s=96&d=identicon&r=g\",\"url\":\"https:\\\/\\\/secure.gravatar.com\\\/avatar\\\/21838357e1dda97dfa833deac8e4adce02bc41fe729bc4380ce6f9ed456e1b46?s=96&d=identicon&r=g\",\"contentUrl\":\"https:\\\/\\\/secure.gravatar.com\\\/avatar\\\/21838357e1dda97dfa833deac8e4adce02bc41fe729bc4380ce6f9ed456e1b46?s=96&d=identicon&r=g\",\"caption\":\"JC\"},\"url\":\"https:\\\/\\\/suitcaseinspain.com\\\/es\\\/author\\\/leblj\\\/\"}]}<\/script>\n<!-- \/ Yoast SEO plugin. -->","yoast_head_json":{"title":"Ciutat Vella Neighbourhood | Suitcase in SPAIN","robots":{"index":"index","follow":"follow","max-snippet":"max-snippet:-1","max-image-preview":"max-image-preview:large","max-video-preview":"max-video-preview:-1"},"canonical":"https:\/\/suitcaseinspain.com\/es\/ciutat-vella-neighbourhood\/","og_locale":"es_ES","og_type":"article","og_title":"Ciutat Vella Neighbourhood | Suitcase in SPAIN","og_description":"Explore the historic charm of Ciutat Vella, the captivating old town district of Valencia. Immerse yourself in its rich heritage, from the iconic Valencia Cathedral to the vibrant Central Market. Wander through narrow streets, discover hidden gems, and indulge in the local cuisine.","og_url":"https:\/\/suitcaseinspain.com\/es\/ciutat-vella-neighbourhood\/","og_site_name":"Suitcase in SPAIN","article_publisher":"https:\/\/www.facebook.com\/suitcaseinspain\/","article_published_time":"2023-01-06T22:56:56+00:00","article_modified_time":"2023-09-10T14:42:01+00:00","og_image":[{"width":707,"height":1000,"url":"https:\/\/suitcaseinspain.com\/wp-content\/uploads\/2019\/01\/Dt01_Ciutat_Vella-001.jpg","type":"image\/jpeg"}],"author":"JC","twitter_card":"summary_large_image","twitter_misc":{"Escrito por":"JC","Tiempo de lectura":"13 minutos"},"schema":{"@context":"https:\/\/schema.org","@graph":[{"@type":"Article","@id":"https:\/\/suitcaseinspain.com\/ciutat-vella-neighbourhood\/#article","isPartOf":{"@id":"https:\/\/suitcaseinspain.com\/ciutat-vella-neighbourhood\/"},"author":{"name":"JC","@id":"https:\/\/suitcaseinspain.com\/#\/schema\/person\/e4dbdf08483aec7c999a57fe5c5ca10c"},"headline":"Ciutat Vella Neighbourhood","datePublished":"2023-01-06T22:56:56+00:00","dateModified":"2023-09-10T14:42:01+00:00","mainEntityOfPage":{"@id":"https:\/\/suitcaseinspain.com\/ciutat-vella-neighbourhood\/"},"wordCount":2690,"publisher":{"@id":"https:\/\/suitcaseinspain.com\/#organization"},"image":{"@id":"https:\/\/suitcaseinspain.com\/ciutat-vella-neighbourhood\/#primaryimage"},"thumbnailUrl":"https:\/\/suitcaseinspain.com\/wp-content\/uploads\/2019\/01\/Dt01_Ciutat_Vella-001.jpg","keywords":["Central Market","Ciutat Vella","El Carmen","El Mercat","El Pilar","El Pla de Real","Heritage","Hidden gems","local cuisine","narrow streets","old town","San Francesc","Valencia Cathedral"],"articleSection":["Valencia","Valencia City Neighbourhoods"],"inLanguage":"es"},{"@type":"WebPage","@id":"https:\/\/suitcaseinspain.com\/ciutat-vella-neighbourhood\/","url":"https:\/\/suitcaseinspain.com\/ciutat-vella-neighbourhood\/","name":"Ciutat Vella Neighbourhood | Suitcase in SPAIN","isPartOf":{"@id":"https:\/\/suitcaseinspain.com\/#website"},"primaryImageOfPage":{"@id":"https:\/\/suitcaseinspain.com\/ciutat-vella-neighbourhood\/#primaryimage"},"image":{"@id":"https:\/\/suitcaseinspain.com\/ciutat-vella-neighbourhood\/#primaryimage"},"thumbnailUrl":"https:\/\/suitcaseinspain.com\/wp-content\/uploads\/2019\/01\/Dt01_Ciutat_Vella-001.jpg","datePublished":"2023-01-06T22:56:56+00:00","dateModified":"2023-09-10T14:42:01+00:00","breadcrumb":{"@id":"https:\/\/suitcaseinspain.com\/ciutat-vella-neighbourhood\/#breadcrumb"},"inLanguage":"es","potentialAction":[{"@type":"ReadAction","target":["https:\/\/suitcaseinspain.com\/ciutat-vella-neighbourhood\/"]}]},{"@type":"ImageObject","inLanguage":"es","@id":"https:\/\/suitcaseinspain.com\/ciutat-vella-neighbourhood\/#primaryimage","url":"https:\/\/suitcaseinspain.com\/wp-content\/uploads\/2019\/01\/Dt01_Ciutat_Vella-001.jpg","contentUrl":"https:\/\/suitcaseinspain.com\/wp-content\/uploads\/2019\/01\/Dt01_Ciutat_Vella-001.jpg","width":707,"height":1000,"caption":"Ciutat Vella Neighbourhood in Valencia, Spain"},{"@type":"BreadcrumbList","@id":"https:\/\/suitcaseinspain.com\/ciutat-vella-neighbourhood\/#breadcrumb","itemListElement":[{"@type":"ListItem","position":1,"name":"Home","item":"https:\/\/suitcaseinspain.com\/"},{"@type":"ListItem","position":2,"name":"Ciutat Vella Neighbourhood"}]},{"@type":"WebSite","@id":"https:\/\/suitcaseinspain.com\/#website","url":"https:\/\/suitcaseinspain.com\/","name":"Suitcase in SPAIN","description":"La Vida Loca in Spain","publisher":{"@id":"https:\/\/suitcaseinspain.com\/#organization"},"potentialAction":[{"@type":"SearchAction","target":{"@type":"EntryPoint","urlTemplate":"https:\/\/suitcaseinspain.com\/?s={search_term_string}"},"query-input":{"@type":"PropertyValueSpecification","valueRequired":true,"valueName":"search_term_string"}}],"inLanguage":"es"},{"@type":"Organization","@id":"https:\/\/suitcaseinspain.com\/#organization","name":"Suitcase in SPAIN","url":"https:\/\/suitcaseinspain.com\/","logo":{"@type":"ImageObject","inLanguage":"es","@id":"https:\/\/suitcaseinspain.com\/#\/schema\/logo\/image\/","url":"https:\/\/suitcaseinspain.com\/wp-content\/uploads\/2022\/08\/Suitcase_in_Spain_Logo.jpg","contentUrl":"https:\/\/suitcaseinspain.com\/wp-content\/uploads\/2022\/08\/Suitcase_in_Spain_Logo.jpg","width":1251,"height":1251,"caption":"Suitcase in SPAIN"},"image":{"@id":"https:\/\/suitcaseinspain.com\/#\/schema\/logo\/image\/"},"sameAs":["https:\/\/www.facebook.com\/suitcaseinspain\/","https:\/\/www.instagram.com\/suitcaseinspain\/","https:\/\/www.youtube.com\/@suitcaseinspain"]},{"@type":"Person","@id":"https:\/\/suitcaseinspain.com\/#\/schema\/person\/e4dbdf08483aec7c999a57fe5c5ca10c","name":"JC","image":{"@type":"ImageObject","inLanguage":"es","@id":"https:\/\/secure.gravatar.com\/avatar\/21838357e1dda97dfa833deac8e4adce02bc41fe729bc4380ce6f9ed456e1b46?s=96&d=identicon&r=g","url":"https:\/\/secure.gravatar.com\/avatar\/21838357e1dda97dfa833deac8e4adce02bc41fe729bc4380ce6f9ed456e1b46?s=96&d=identicon&r=g","contentUrl":"https:\/\/secure.gravatar.com\/avatar\/21838357e1dda97dfa833deac8e4adce02bc41fe729bc4380ce6f9ed456e1b46?s=96&d=identicon&r=g","caption":"JC"},"url":"https:\/\/suitcaseinspain.com\/es\/author\/leblj\/"}]}},"_links":{"self":[{"href":"https:\/\/suitcaseinspain.com\/es\/wp-json\/wp\/v2\/posts\/227556","targetHints":{"allow":["GET"]}}],"collection":[{"href":"https:\/\/suitcaseinspain.com\/es\/wp-json\/wp\/v2\/posts"}],"about":[{"href":"https:\/\/suitcaseinspain.com\/es\/wp-json\/wp\/v2\/types\/post"}],"author":[{"embeddable":true,"href":"https:\/\/suitcaseinspain.com\/es\/wp-json\/wp\/v2\/users\/1"}],"replies":[{"embeddable":true,"href":"https:\/\/suitcaseinspain.com\/es\/wp-json\/wp\/v2\/comments?post=227556"}],"version-history":[{"count":0,"href":"https:\/\/suitcaseinspain.com\/es\/wp-json\/wp\/v2\/posts\/227556\/revisions"}],"wp:featuredmedia":[{"embeddable":true,"href":"https:\/\/suitcaseinspain.com\/es\/wp-json\/wp\/v2\/media\/215183"}],"wp:attachment":[{"href":"https:\/\/suitcaseinspain.com\/es\/wp-json\/wp\/v2\/media?parent=227556"}],"wp:term":[{"taxonomy":"category","embeddable":true,"href":"https:\/\/suitcaseinspain.com\/es\/wp-json\/wp\/v2\/categories?post=227556"},{"taxonomy":"post_tag","embeddable":true,"href":"https:\/\/suitcaseinspain.com\/es\/wp-json\/wp\/v2\/tags?post=227556"}],"curies":[{"name":"wp","href":"https:\/\/api.w.org\/{rel}","templated":true}]}}