{"id":227558,"date":"2023-01-06T00:02:54","date_gmt":"2023-01-05T23:02:54","guid":{"rendered":"https:\/\/suitcaseinspain.com\/?p=227558"},"modified":"2023-06-07T22:19:22","modified_gmt":"2023-06-07T20:19:22","slug":"eixample-neighbourhood","status":"publish","type":"post","link":"https:\/\/suitcaseinspain.com\/es\/eixample-neighbourhood\/","title":{"rendered":"Eixample Neighbourhood"},"content":{"rendered":"<p>[et_pb_section fb_built=&#8221;1&#8243; admin_label=&#8221;Recent Travels&#8221; _builder_version=&#8221;4.16&#8243; custom_padding=&#8221;0|0px|0|0px|true|false&#8221; da_disable_devices=&#8221;off|off|off&#8221; global_colors_info=&#8221;{}&#8221; theme_builder_area=&#8221;post_content&#8221; da_is_popup=&#8221;off&#8221; da_exit_intent=&#8221;off&#8221; da_has_close=&#8221;on&#8221; da_alt_close=&#8221;off&#8221; da_dark_close=&#8221;off&#8221; da_not_modal=&#8221;on&#8221; da_is_singular=&#8221;off&#8221; da_with_loader=&#8221;off&#8221; da_has_shadow=&#8221;on&#8221;][et_pb_row _builder_version=&#8221;4.21.0&#8243; _module_preset=&#8221;default&#8221; width=&#8221;100%&#8221; global_colors_info=&#8221;{}&#8221; theme_builder_area=&#8221;post_content&#8221;][et_pb_column type=&#8221;4_4&#8243; _builder_version=&#8221;4.21.0&#8243; _module_preset=&#8221;default&#8221; global_colors_info=&#8221;{}&#8221; theme_builder_area=&#8221;post_content&#8221;][et_pb_text _builder_version=&#8221;4.21.0&#8243; _module_preset=&#8221;default&#8221; text_font_size=&#8221;14px&#8221; text_line_height=&#8221;1.2em&#8221; text_orientation=&#8221;right&#8221; global_colors_info=&#8221;{}&#8221; theme_builder_area=&#8221;post_content&#8221;]<\/p>\n<p>Updated by Suitcase in SPAIN June 2023<\/p>\n<p>[\/et_pb_text][et_pb_text admin_label=&#8221;TOC&#8221; _builder_version=&#8221;4.17.4&#8243; _module_preset=&#8221;default&#8221; custom_css_main_element=&#8221;text-align: -webkit-center!important;&#8221; global_colors_info=&#8221;{}&#8221; theme_builder_area=&#8221;post_content&#8221;]<div id=\"ez-toc-container\" class=\"ez-toc-v2_0_82_2 ez-toc-wrap-center counter-hierarchy ez-toc-counter ez-toc-custom ez-toc-container-direction\">\n<p class=\"ez-toc-title\" style=\"cursor:inherit\">Table of Contents<\/p>\n<label for=\"ez-toc-cssicon-toggle-item-69f1ebdac1d22\" class=\"ez-toc-cssicon-toggle-label\"><span class=\"ez-toc-cssicon\"><span class=\"eztoc-hide\" style=\"display:none;\">Toggle<\/span><span class=\"ez-toc-icon-toggle-span\"><svg style=\"fill: #ffffff;color:#ffffff\" xmlns=\"http:\/\/www.w3.org\/2000\/svg\" class=\"list-377408\" width=\"20px\" height=\"20px\" viewBox=\"0 0 24 24\" fill=\"none\"><path d=\"M6 6H4v2h2V6zm14 0H8v2h12V6zM4 11h2v2H4v-2zm16 0H8v2h12v-2zM4 16h2v2H4v-2zm16 0H8v2h12v-2z\" fill=\"currentColor\"><\/path><\/svg><svg style=\"fill: #ffffff;color:#ffffff\" class=\"arrow-unsorted-368013\" xmlns=\"http:\/\/www.w3.org\/2000\/svg\" width=\"10px\" height=\"10px\" viewBox=\"0 0 24 24\" version=\"1.2\" baseProfile=\"tiny\"><path d=\"M18.2 9.3l-6.2-6.3-6.2 6.3c-.2.2-.3.4-.3.7s.1.5.3.7c.2.2.4.3.7.3h11c.3 0 .5-.1.7-.3.2-.2.3-.5.3-.7s-.1-.5-.3-.7zM5.8 14.7l6.2 6.3 6.2-6.3c.2-.2.3-.5.3-.7s-.1-.5-.3-.7c-.2-.2-.4-.3-.7-.3h-11c-.3 0-.5.1-.7.3-.2.2-.3.5-.3.7s.1.5.3.7z\"\/><\/svg><\/span><\/span><\/label><input type=\"checkbox\"  id=\"ez-toc-cssicon-toggle-item-69f1ebdac1d22\" checked aria-label=\"Alternar\" \/><nav><ul class='ez-toc-list ez-toc-list-level-1 ' ><li class='ez-toc-page-1 ez-toc-heading-level-2'><a class=\"ez-toc-link ez-toc-heading-1\" href=\"https:\/\/suitcaseinspain.com\/es\/eixample-neighbourhood\/#Eixample\" >Eixample<\/a><\/li><li class='ez-toc-page-1 ez-toc-heading-level-2'><a class=\"ez-toc-link ez-toc-heading-2\" href=\"https:\/\/suitcaseinspain.com\/es\/eixample-neighbourhood\/#Russafa\" >Russafa<\/a><\/li><li class='ez-toc-page-1 ez-toc-heading-level-2'><a class=\"ez-toc-link ez-toc-heading-3\" href=\"https:\/\/suitcaseinspain.com\/es\/eixample-neighbourhood\/#Gran_Via\" >Gran Via<\/a><\/li><li class='ez-toc-page-1 ez-toc-heading-level-2'><a class=\"ez-toc-link ez-toc-heading-4\" href=\"https:\/\/suitcaseinspain.com\/es\/eixample-neighbourhood\/#El_Pla_del_Remei\" >El Pla del Remei<\/a><\/li><\/ul><\/nav><\/div>\n[\/et_pb_text][\/et_pb_column][\/et_pb_row][et_pb_row _builder_version=&#8221;4.21.0&#8243; _module_preset=&#8221;default&#8221; width=&#8221;100%&#8221; custom_padding=&#8221;20px||||false|false&#8221; global_colors_info=&#8221;{}&#8221; theme_builder_area=&#8221;post_content&#8221;][et_pb_column type=&#8221;4_4&#8243; _builder_version=&#8221;4.21.0&#8243; _module_preset=&#8221;default&#8221; global_colors_info=&#8221;{}&#8221; theme_builder_area=&#8221;post_content&#8221;][et_pb_button button_url=&#8221;https:\/\/suitcaseinspain.com\/the-origins-and-brief-histories-of-valencia-districts\/&#8221; url_new_window=&#8221;on&#8221; button_text=&#8221;Back to The Origins and Brief Histories of Valencia Districts article&#8221; _builder_version=&#8221;4.21.0&#8243; _module_preset=&#8221;default&#8221; custom_button=&#8221;on&#8221; button_text_size=&#8221;16px&#8221; button_text_color=&#8221;#2F9A64&#8243; button_border_width=&#8221;0px&#8221; button_border_color=&#8221;RGBA(255,255,255,0)&#8221; button_icon=&#8221;&#x23;||divi||400&#8243; button_icon_placement=&#8221;left&#8221; button_on_hover=&#8221;off&#8221; global_colors_info=&#8221;{}&#8221; theme_builder_area=&#8221;post_content&#8221;][\/et_pb_button][\/et_pb_column][\/et_pb_row][et_pb_row _builder_version=&#8221;4.20.2&#8243; width=&#8221;100%&#8221; custom_padding=&#8221;0|0px|25.2604px|0px|false|false&#8221; global_colors_info=&#8221;{}&#8221; theme_builder_area=&#8221;post_content&#8221;][et_pb_column type=&#8221;4_4&#8243; _builder_version=&#8221;4.16&#8243; custom_padding=&#8221;|||&#8221; global_colors_info=&#8221;{}&#8221; custom_padding__hover=&#8221;|||&#8221; theme_builder_area=&#8221;post_content&#8221;][et_pb_text _builder_version=&#8221;4.21.0&#8243; text_font=&#8221;||||||||&#8221; link_font=&#8221;||||||||&#8221; ul_font=&#8221;||||||||&#8221; ol_font=&#8221;||||||||&#8221; quote_font=&#8221;||||||||&#8221; header_font=&#8221;||||||||&#8221; header_2_font=&#8221;||||||||&#8221; header_2_font_size=&#8221;35px&#8221; header_2_line_height=&#8221;1.2em&#8221; max_width=&#8221;800px&#8221; module_alignment=&#8221;center&#8221; custom_padding=&#8221;20px||||false|false&#8221; hover_enabled=&#8221;0&#8243; header_2_font_size_tablet=&#8221;&#8221; header_2_font_size_phone=&#8221;34px&#8221; header_2_font_size_last_edited=&#8221;on|phone&#8221; global_colors_info=&#8221;{}&#8221; theme_builder_area=&#8221;post_content&#8221; sticky_enabled=&#8221;0&#8243;]<\/p>\n<h2><span class=\"ez-toc-section\" id=\"Eixample\"><\/span>Eixample<span class=\"ez-toc-section-end\"><\/span><\/h2>\n<p>In the late 19th century, there was a need for expansion in Valencia, leading to the development of the Eixample neighborhood. The first ideas of expansion emerged in the 1850s as the population of Valencia outgrew the city walls. The process was set in motion in 1864 with the publication of the 1st Law of Expansion, and in 1865, the interim civil governor ordered the demolition of the Christian walls to make way for the expansion. However, due to revolutionary events in 1868, the plans were put on hold until the definitive expansion took place in 1876. In 1877, the territory was annexed to Valencia, including the municipality of Ruzafa. Notably, Ruzafa had already existed and adapted to the expansion around it.<\/p>\n<p>Ruzafa, which encompassed a significant portion of the present-day districts of Ensanche, Quatre Carreres, and Poblados del Sur, had been an independent municipality until 1811 when it became part of the City of Valencia. The development project for the Eixample district was formulated by Jos\u00e9 Calvo, Joaqu\u00edn M.\u00aa Arnau, and Luis Ferreres. The first phase began in 1876, but it took several years to complete, with final approval granted in 1887. Today, the <strong>Eixample (Ensanche)<\/strong> comprises three districts: <strong>Russafa<\/strong>, <strong>El Pla del Remei<\/strong>, and <strong>La Gran V\u00eda <\/strong>(Canovas).<\/p>\n<p>[\/et_pb_text][et_pb_divider color=&#8221;#F7C621&#8243; divider_position=&#8221;center&#8221; divider_weight=&#8221;2px&#8221; _builder_version=&#8221;4.21.0&#8243; _module_preset=&#8221;default&#8221; max_width=&#8221;30%&#8221; global_colors_info=&#8221;{}&#8221; theme_builder_area=&#8221;post_content&#8221;][\/et_pb_divider][\/et_pb_column][\/et_pb_row][et_pb_row _builder_version=&#8221;4.21.0&#8243; _module_preset=&#8221;default&#8221; width=&#8221;100%&#8221; global_colors_info=&#8221;{}&#8221; theme_builder_area=&#8221;post_content&#8221;][et_pb_column type=&#8221;4_4&#8243; _builder_version=&#8221;4.21.0&#8243; _module_preset=&#8221;default&#8221; global_colors_info=&#8221;{}&#8221; theme_builder_area=&#8221;post_content&#8221;][et_pb_text _builder_version=&#8221;4.21.0&#8243; _module_preset=&#8221;default&#8221; global_colors_info=&#8221;{}&#8221; theme_builder_area=&#8221;post_content&#8221;]If you\u2019re considering moving to Valencia, it\u2019s essential to find the neighborhood that suits your lifestyle and preferences. So, let\u2019s explore the distinct characteristics of each neighborhood to help you make an informed decision.[\/et_pb_text][et_pb_text _builder_version=&#8221;4.21.0&#8243; _module_preset=&#8221;default&#8221; header_2_font_size=&#8221;35px&#8221; header_2_line_height=&#8221;1.2em&#8221; global_colors_info=&#8221;{}&#8221; theme_builder_area=&#8221;post_content&#8221;]<\/p>\n<h2><span class=\"ez-toc-section\" id=\"Russafa\"><\/span>Russafa<span class=\"ez-toc-section-end\"><\/span><\/h2>\n<p>Russafa, also known as Ruzafa in Castilian, is a vibrant neighborhood situated in the Eixample district of Valencia. It is located in the southern part of the Ciutat Vella district, in close proximity to the Sant Francesc neighborhood. With its rich history, Russafa has transformed from a working-class area to a sought-after neighborhood in Valencia, thanks to various renovation projects and gentrification efforts. The neighborhood boasts a diverse cultural and historical heritage, including notable landmarks such as the San Valero church, Nuestra Se\u00f1ora de los \u00c1ngeles convent, the bullring, and the Ruzafa municipal market. Public transportation options, including buses and the X\u00e0tiva metro station, provide convenient connectivity throughout the area.<\/p>\n<p><strong>Benefits<\/strong>:<\/p>\n<ul>\n<li>Lively and multicultural ambiance, particularly along streets like Calle Sueca, Cuba, and Puerto Rico<\/li>\n<li>Close proximity to the city center, offering easy access to various amenities<\/li>\n<li>Abundance of shops, markets, supermarkets, restaurants, bars, and terraces<\/li>\n<li>Trendy neighborhood with a vibrant atmosphere<\/li>\n<\/ul>\n<p><strong>Drawbacks<\/strong>:<\/p>\n<ul>\n<li>Limited green spaces and schools within the neighborhood<\/li>\n<li>Scarce parking spaces<\/li>\n<li>Rental prices can be relatively high, but there is a varied selection available<\/li>\n<li>Weekends can be noisy and animated<\/li>\n<li>Some areas may not be as clean as desired<\/li>\n<\/ul>\n<p>[\/et_pb_text][et_pb_divider color=&#8221;#F7C621&#8243; divider_position=&#8221;center&#8221; divider_weight=&#8221;2px&#8221; _builder_version=&#8221;4.21.0&#8243; _module_preset=&#8221;default&#8221; max_width=&#8221;30%&#8221; global_colors_info=&#8221;{}&#8221; theme_builder_area=&#8221;post_content&#8221;][\/et_pb_divider][\/et_pb_column][\/et_pb_row][et_pb_row _builder_version=&#8221;4.21.0&#8243; _module_preset=&#8221;default&#8221; width=&#8221;100%&#8221; custom_padding=&#8221;20px||||false|false&#8221; global_colors_info=&#8221;{}&#8221; theme_builder_area=&#8221;post_content&#8221;][et_pb_column type=&#8221;4_4&#8243; _builder_version=&#8221;4.21.0&#8243; _module_preset=&#8221;default&#8221; global_colors_info=&#8221;{}&#8221; theme_builder_area=&#8221;post_content&#8221;][et_pb_text _builder_version=&#8221;4.21.0&#8243; _module_preset=&#8221;default&#8221; header_2_font_size=&#8221;35px&#8221; header_2_line_height=&#8221;1.2em&#8221; hover_enabled=&#8221;0&#8243; global_colors_info=&#8221;{}&#8221; theme_builder_area=&#8221;post_content&#8221; sticky_enabled=&#8221;0&#8243;]<\/p>\n<h2><span class=\"ez-toc-section\" id=\"Gran_Via\"><\/span>Gran Via<span class=\"ez-toc-section-end\"><\/span><\/h2>\n<p>Gran Via, (sometimes referred to as Canovas), is located in the L&#8217;Eixample district, is a prestigious borough situated to the northeast of Russafa. Its name derives from its proximity to the Gran V\u00eda del Marques del Turia. The neighborhood was developed after the demolition of the Valencia city walls in 1868. Known for its private colleges and luxury residences, Gran Via exudes an upscale and refined atmosphere. Excellent connectivity is provided through bus and metro services, with convenient access to the X\u00e0tiva and Col\u00f3n metro stations.<\/p>\n<p><strong>Benefits<\/strong>:<\/p>\n<ul>\n<li>Tranquil area, ideally situated not far from the city center and the Turia Gardens<\/li>\n<li>Abundance of shops, markets, supermarkets, restaurants, bars, and terraces<\/li>\n<li>Well-suited for individuals with a higher income, reflecting a chic and high-class ambiance<\/li>\n<li>Relatively spacious apartments available<\/li>\n<\/ul>\n<p><strong>Drawbacks<\/strong>:<\/p>\n<ul>\n<li>Challenging to find parking spaces within the area<\/li>\n<li>Rental prices tend to be higher, with difficulty in finding options below 800\u20ac<\/li>\n<\/ul>\n<p>[\/et_pb_text][et_pb_divider color=&#8221;#F7C621&#8243; divider_position=&#8221;center&#8221; divider_weight=&#8221;2px&#8221; _builder_version=&#8221;4.21.0&#8243; _module_preset=&#8221;default&#8221; max_width=&#8221;30%&#8221; global_colors_info=&#8221;{}&#8221; theme_builder_area=&#8221;post_content&#8221;][\/et_pb_divider][\/et_pb_column][\/et_pb_row][et_pb_row _builder_version=&#8221;4.21.0&#8243; _module_preset=&#8221;default&#8221; width=&#8221;100%&#8221; custom_padding=&#8221;20px||||false|false&#8221; global_colors_info=&#8221;{}&#8221; theme_builder_area=&#8221;post_content&#8221;][et_pb_column type=&#8221;4_4&#8243; _builder_version=&#8221;4.21.0&#8243; _module_preset=&#8221;default&#8221; global_colors_info=&#8221;{}&#8221; theme_builder_area=&#8221;post_content&#8221;][et_pb_text _builder_version=&#8221;4.21.0&#8243; _module_preset=&#8221;default&#8221; header_2_font_size=&#8221;35px&#8221; header_2_line_height=&#8221;1.2em&#8221; global_colors_info=&#8221;{}&#8221; theme_builder_area=&#8221;post_content&#8221;]<\/p>\n<h2><span class=\"ez-toc-section\" id=\"El_Pla_del_Remei\"><\/span>El Pla del Remei<span class=\"ez-toc-section-end\"><\/span><\/h2>\n<p>El Pla del Remei, situated in the district of L&#8217;Eixample, is the final borough in the area. It is bordered by Gran Via to the south, and San Francesc and La Xerea to the north. Similar to the Gran Via quarter, El Pla del Remei was developed after the demolition of Valencia&#8217;s old city walls in 1868. The neighborhood&#8217;s iconic landmark is the renowned Col\u00f3n Market, a spacious covered market. Public transportation options are plentiful, including the Col\u00f3n, Alameda, and Xativa metro stations. With a chic atmosphere akin to Gran Via, El Pla del Remei offers several advantages.<\/p>\n<p><strong>Benefits<\/strong>:<\/p>\n<ul>\n<li>Excellent location, in close proximity to the city center and the Turia Gardens<\/li>\n<li>A peaceful and secure area, ensuring a tranquil living environment<\/li>\n<li>Notable attraction: Mercado Col\u00f3n, a vibrant hub for dining and shopping<\/li>\n<\/ul>\n<p><strong>Drawbacks<\/strong>:<\/p>\n<ul>\n<li>Limited availability of parking spaces within the neighborhood<\/li>\n<li>High-quality apartments tend to be spacious but come with a higher price tag<\/li>\n<li>Finding a rental below 900\u20ac can be challenging<\/li>\n<\/ul>\n<p>[\/et_pb_text][et_pb_divider color=&#8221;#F7C621&#8243; divider_position=&#8221;center&#8221; divider_weight=&#8221;2px&#8221; _builder_version=&#8221;4.21.0&#8243; _module_preset=&#8221;default&#8221; max_width=&#8221;30%&#8221; global_colors_info=&#8221;{}&#8221; theme_builder_area=&#8221;post_content&#8221;][\/et_pb_divider][\/et_pb_column][\/et_pb_row][et_pb_row _builder_version=&#8221;4.19.3&#8243; _module_preset=&#8221;default&#8221; background_color=&#8221;#2f9a64&#8243; width=&#8221;100%&#8221; custom_margin=&#8221;2em||||false|false&#8221; custom_padding=&#8221;1em|1em|1em|1em|true|true&#8221; box_shadow_style=&#8221;preset4&#8243; box_shadow_color=&#8221;#f7c621&#8243; global_colors_info=&#8221;{}&#8221; theme_builder_area=&#8221;post_content&#8221;][et_pb_column type=&#8221;4_4&#8243; _builder_version=&#8221;4.17.4&#8243; _module_preset=&#8221;default&#8221; global_colors_info=&#8221;{}&#8221; theme_builder_area=&#8221;post_content&#8221;][et_pb_text _builder_version=&#8221;4.21.0&#8243; _module_preset=&#8221;default&#8221; text_text_color=&#8221;#FFFFFF&#8221; global_colors_info=&#8221;{}&#8221; theme_builder_area=&#8221;post_content&#8221;]Now that you have an overview of the neighborhoods in Eixample, you can consider which one aligns best with your preferences. Keep in mind the unique benefits and drawbacks of each neighborhood, such as their proximity to the city center, availability of green spaces, parking situations, and rental property availability. Happy house hunting, and may you find your perfect home in Valencia![\/et_pb_text][\/et_pb_column][\/et_pb_row][\/et_pb_section]<\/p>\n","protected":false},"excerpt":{"rendered":"<p>Updated by Suitcase in SPAIN June 2023<div id=\"ez-toc-container\" class=\"ez-toc-v2_0_82_2 ez-toc-wrap-center counter-hierarchy ez-toc-counter ez-toc-custom ez-toc-container-direction\">\n<p class=\"ez-toc-title\" style=\"cursor:inherit\">Table of Contents<\/p>\n<label for=\"ez-toc-cssicon-toggle-item-69f1ebdac63eb\" class=\"ez-toc-cssicon-toggle-label\"><span class=\"ez-toc-cssicon\"><span class=\"eztoc-hide\" style=\"display:none;\">Toggle<\/span><span class=\"ez-toc-icon-toggle-span\"><svg style=\"fill: #ffffff;color:#ffffff\" xmlns=\"http:\/\/www.w3.org\/2000\/svg\" class=\"list-377408\" width=\"20px\" height=\"20px\" viewBox=\"0 0 24 24\" fill=\"none\"><path d=\"M6 6H4v2h2V6zm14 0H8v2h12V6zM4 11h2v2H4v-2zm16 0H8v2h12v-2zM4 16h2v2H4v-2zm16 0H8v2h12v-2z\" fill=\"currentColor\"><\/path><\/svg><svg style=\"fill: #ffffff;color:#ffffff\" class=\"arrow-unsorted-368013\" xmlns=\"http:\/\/www.w3.org\/2000\/svg\" width=\"10px\" height=\"10px\" viewBox=\"0 0 24 24\" version=\"1.2\" baseProfile=\"tiny\"><path d=\"M18.2 9.3l-6.2-6.3-6.2 6.3c-.2.2-.3.4-.3.7s.1.5.3.7c.2.2.4.3.7.3h11c.3 0 .5-.1.7-.3.2-.2.3-.5.3-.7s-.1-.5-.3-.7zM5.8 14.7l6.2 6.3 6.2-6.3c.2-.2.3-.5.3-.7s-.1-.5-.3-.7c-.2-.2-.4-.3-.7-.3h-11c-.3 0-.5.1-.7.3-.2.2-.3.5-.3.7s.1.5.3.7z\"\/><\/svg><\/span><\/span><\/label><input type=\"checkbox\"  id=\"ez-toc-cssicon-toggle-item-69f1ebdac63eb\" checked aria-label=\"Alternar\" \/><nav><ul class='ez-toc-list ez-toc-list-level-1 ' ><li class='ez-toc-page-1 ez-toc-heading-level-2'><a class=\"ez-toc-link ez-toc-heading-1\" href=\"https:\/\/suitcaseinspain.com\/es\/eixample-neighbourhood\/#Eixample\" >Eixample<\/a><\/li><li class='ez-toc-page-1 ez-toc-heading-level-2'><a class=\"ez-toc-link ez-toc-heading-2\" href=\"https:\/\/suitcaseinspain.com\/es\/eixample-neighbourhood\/#Russafa\" >Russafa<\/a><\/li><li class='ez-toc-page-1 ez-toc-heading-level-2'><a class=\"ez-toc-link ez-toc-heading-3\" href=\"https:\/\/suitcaseinspain.com\/es\/eixample-neighbourhood\/#Gran_Via\" >Gran Via<\/a><\/li><li class='ez-toc-page-1 ez-toc-heading-level-2'><a class=\"ez-toc-link ez-toc-heading-4\" href=\"https:\/\/suitcaseinspain.com\/es\/eixample-neighbourhood\/#El_Pla_del_Remei\" >El Pla del Remei<\/a><\/li><\/ul><\/nav><\/div>\nEixample In the late 19th century, there was a need for expansion in Valencia, leading to the development of the Eixample neighborhood. The first ideas of expansion emerged in the 1850s as the population of Valencia outgrew the city walls. The process was set in motion in 1864 with [&hellip;]<\/p>\n","protected":false},"author":1,"featured_media":215184,"comment_status":"closed","ping_status":"open","sticky":false,"template":"","format":"standard","meta":{"_et_pb_use_builder":"on","_et_pb_old_content":"","_et_gb_content_width":"","footnotes":""},"categories":[32,2460],"tags":[2384,2498,2494,2495,2492,2500,2497,2493,2499,2496],"class_list":["post-227558","post","type-post","status-publish","format-standard","has-post-thumbnail","hentry","category-valencia","category-valencia-city-neighbourhoods","tag-central-location","tag-cultural-hub","tag-grid-system","tag-iconic-landmarks","tag-modernist-architecture","tag-residential-and-commercial-mix","tag-shopping-and-dining","tag-urban-planning","tag-vibrant-nightlife","tag-wide-boulevards"],"yoast_head":"<!-- This site is optimized with the Yoast SEO plugin v27.4 - https:\/\/yoast.com\/product\/yoast-seo-wordpress\/ -->\n<title>Eixample Neighbourhood | Suitcase in SPAIN<\/title>\n<meta name=\"robots\" content=\"index, follow, max-snippet:-1, max-image-preview:large, max-video-preview:-1\" \/>\n<link rel=\"canonical\" href=\"https:\/\/suitcaseinspain.com\/es\/eixample-neighbourhood\/\" \/>\n<meta property=\"og:locale\" content=\"es_ES\" \/>\n<meta property=\"og:type\" content=\"article\" \/>\n<meta property=\"og:title\" content=\"Eixample Neighbourhood | Suitcase in SPAIN\" \/>\n<meta property=\"og:description\" content=\"Updated by Suitcase in SPAIN June 2023Eixample In the late 19th century, there was a need for expansion in Valencia, leading to the development of the Eixample neighborhood. The first ideas of expansion emerged in the 1850s as the population of Valencia outgrew the city walls. The process was set in motion in 1864 with [&hellip;]\" \/>\n<meta property=\"og:url\" content=\"https:\/\/suitcaseinspain.com\/es\/eixample-neighbourhood\/\" \/>\n<meta property=\"og:site_name\" content=\"Suitcase in SPAIN\" \/>\n<meta property=\"article:publisher\" content=\"https:\/\/www.facebook.com\/suitcaseinspain\/\" \/>\n<meta property=\"article:published_time\" content=\"2023-01-05T23:02:54+00:00\" \/>\n<meta property=\"article:modified_time\" content=\"2023-06-07T20:19:22+00:00\" \/>\n<meta property=\"og:image\" content=\"https:\/\/suitcaseinspain.com\/wp-content\/uploads\/2019\/01\/Dt02_Eixample-001.jpg\" \/>\n\t<meta property=\"og:image:width\" content=\"1190\" \/>\n\t<meta property=\"og:image:height\" content=\"1684\" \/>\n\t<meta property=\"og:image:type\" content=\"image\/jpeg\" \/>\n<meta name=\"author\" content=\"JC\" \/>\n<meta name=\"twitter:card\" content=\"summary_large_image\" \/>\n<meta name=\"twitter:label1\" content=\"Escrito por\" \/>\n\t<meta name=\"twitter:data1\" content=\"JC\" \/>\n\t<meta name=\"twitter:label2\" content=\"Tiempo de lectura\" \/>\n\t<meta name=\"twitter:data2\" content=\"8 minutos\" \/>\n<script type=\"application\/ld+json\" class=\"yoast-schema-graph\">{\"@context\":\"https:\\\/\\\/schema.org\",\"@graph\":[{\"@type\":\"Article\",\"@id\":\"https:\\\/\\\/suitcaseinspain.com\\\/eixample-neighbourhood\\\/#article\",\"isPartOf\":{\"@id\":\"https:\\\/\\\/suitcaseinspain.com\\\/eixample-neighbourhood\\\/\"},\"author\":{\"name\":\"JC\",\"@id\":\"https:\\\/\\\/suitcaseinspain.com\\\/#\\\/schema\\\/person\\\/e4dbdf08483aec7c999a57fe5c5ca10c\"},\"headline\":\"Eixample Neighbourhood\",\"datePublished\":\"2023-01-05T23:02:54+00:00\",\"dateModified\":\"2023-06-07T20:19:22+00:00\",\"mainEntityOfPage\":{\"@id\":\"https:\\\/\\\/suitcaseinspain.com\\\/eixample-neighbourhood\\\/\"},\"wordCount\":1678,\"publisher\":{\"@id\":\"https:\\\/\\\/suitcaseinspain.com\\\/#organization\"},\"image\":{\"@id\":\"https:\\\/\\\/suitcaseinspain.com\\\/eixample-neighbourhood\\\/#primaryimage\"},\"thumbnailUrl\":\"https:\\\/\\\/suitcaseinspain.com\\\/wp-content\\\/uploads\\\/2019\\\/01\\\/Dt02_Eixample-001.jpg\",\"keywords\":[\"Central Location\",\"Cultural hub\",\"Grid system\",\"Iconic landmarks\",\"Modernist architecture\",\"Residential and commercial mix\",\"Shopping and dining\",\"Urban planning\",\"Vibrant nightlife\",\"Wide boulevards\"],\"articleSection\":[\"Valencia\",\"Valencia City Neighbourhoods\"],\"inLanguage\":\"es\"},{\"@type\":\"WebPage\",\"@id\":\"https:\\\/\\\/suitcaseinspain.com\\\/eixample-neighbourhood\\\/\",\"url\":\"https:\\\/\\\/suitcaseinspain.com\\\/eixample-neighbourhood\\\/\",\"name\":\"Eixample Neighbourhood | Suitcase in SPAIN\",\"isPartOf\":{\"@id\":\"https:\\\/\\\/suitcaseinspain.com\\\/#website\"},\"primaryImageOfPage\":{\"@id\":\"https:\\\/\\\/suitcaseinspain.com\\\/eixample-neighbourhood\\\/#primaryimage\"},\"image\":{\"@id\":\"https:\\\/\\\/suitcaseinspain.com\\\/eixample-neighbourhood\\\/#primaryimage\"},\"thumbnailUrl\":\"https:\\\/\\\/suitcaseinspain.com\\\/wp-content\\\/uploads\\\/2019\\\/01\\\/Dt02_Eixample-001.jpg\",\"datePublished\":\"2023-01-05T23:02:54+00:00\",\"dateModified\":\"2023-06-07T20:19:22+00:00\",\"breadcrumb\":{\"@id\":\"https:\\\/\\\/suitcaseinspain.com\\\/eixample-neighbourhood\\\/#breadcrumb\"},\"inLanguage\":\"es\",\"potentialAction\":[{\"@type\":\"ReadAction\",\"target\":[\"https:\\\/\\\/suitcaseinspain.com\\\/eixample-neighbourhood\\\/\"]}]},{\"@type\":\"ImageObject\",\"inLanguage\":\"es\",\"@id\":\"https:\\\/\\\/suitcaseinspain.com\\\/eixample-neighbourhood\\\/#primaryimage\",\"url\":\"https:\\\/\\\/suitcaseinspain.com\\\/wp-content\\\/uploads\\\/2019\\\/01\\\/Dt02_Eixample-001.jpg\",\"contentUrl\":\"https:\\\/\\\/suitcaseinspain.com\\\/wp-content\\\/uploads\\\/2019\\\/01\\\/Dt02_Eixample-001.jpg\",\"width\":707,\"height\":1000,\"caption\":\"Eixample Neighbourhood in Valencia, Spain\"},{\"@type\":\"BreadcrumbList\",\"@id\":\"https:\\\/\\\/suitcaseinspain.com\\\/eixample-neighbourhood\\\/#breadcrumb\",\"itemListElement\":[{\"@type\":\"ListItem\",\"position\":1,\"name\":\"Home\",\"item\":\"https:\\\/\\\/suitcaseinspain.com\\\/\"},{\"@type\":\"ListItem\",\"position\":2,\"name\":\"Eixample Neighbourhood\"}]},{\"@type\":\"WebSite\",\"@id\":\"https:\\\/\\\/suitcaseinspain.com\\\/#website\",\"url\":\"https:\\\/\\\/suitcaseinspain.com\\\/\",\"name\":\"Suitcase in SPAIN\",\"description\":\"La Vida Loca in Spain\",\"publisher\":{\"@id\":\"https:\\\/\\\/suitcaseinspain.com\\\/#organization\"},\"potentialAction\":[{\"@type\":\"SearchAction\",\"target\":{\"@type\":\"EntryPoint\",\"urlTemplate\":\"https:\\\/\\\/suitcaseinspain.com\\\/?s={search_term_string}\"},\"query-input\":{\"@type\":\"PropertyValueSpecification\",\"valueRequired\":true,\"valueName\":\"search_term_string\"}}],\"inLanguage\":\"es\"},{\"@type\":\"Organization\",\"@id\":\"https:\\\/\\\/suitcaseinspain.com\\\/#organization\",\"name\":\"Suitcase in SPAIN\",\"url\":\"https:\\\/\\\/suitcaseinspain.com\\\/\",\"logo\":{\"@type\":\"ImageObject\",\"inLanguage\":\"es\",\"@id\":\"https:\\\/\\\/suitcaseinspain.com\\\/#\\\/schema\\\/logo\\\/image\\\/\",\"url\":\"https:\\\/\\\/suitcaseinspain.com\\\/wp-content\\\/uploads\\\/2022\\\/08\\\/Suitcase_in_Spain_Logo.jpg\",\"contentUrl\":\"https:\\\/\\\/suitcaseinspain.com\\\/wp-content\\\/uploads\\\/2022\\\/08\\\/Suitcase_in_Spain_Logo.jpg\",\"width\":1251,\"height\":1251,\"caption\":\"Suitcase in SPAIN\"},\"image\":{\"@id\":\"https:\\\/\\\/suitcaseinspain.com\\\/#\\\/schema\\\/logo\\\/image\\\/\"},\"sameAs\":[\"https:\\\/\\\/www.facebook.com\\\/suitcaseinspain\\\/\",\"https:\\\/\\\/www.instagram.com\\\/suitcaseinspain\\\/\",\"https:\\\/\\\/www.youtube.com\\\/@suitcaseinspain\"]},{\"@type\":\"Person\",\"@id\":\"https:\\\/\\\/suitcaseinspain.com\\\/#\\\/schema\\\/person\\\/e4dbdf08483aec7c999a57fe5c5ca10c\",\"name\":\"JC\",\"image\":{\"@type\":\"ImageObject\",\"inLanguage\":\"es\",\"@id\":\"https:\\\/\\\/secure.gravatar.com\\\/avatar\\\/21838357e1dda97dfa833deac8e4adce02bc41fe729bc4380ce6f9ed456e1b46?s=96&d=identicon&r=g\",\"url\":\"https:\\\/\\\/secure.gravatar.com\\\/avatar\\\/21838357e1dda97dfa833deac8e4adce02bc41fe729bc4380ce6f9ed456e1b46?s=96&d=identicon&r=g\",\"contentUrl\":\"https:\\\/\\\/secure.gravatar.com\\\/avatar\\\/21838357e1dda97dfa833deac8e4adce02bc41fe729bc4380ce6f9ed456e1b46?s=96&d=identicon&r=g\",\"caption\":\"JC\"},\"url\":\"https:\\\/\\\/suitcaseinspain.com\\\/es\\\/author\\\/leblj\\\/\"}]}<\/script>\n<!-- \/ Yoast SEO plugin. -->","yoast_head_json":{"title":"Eixample Neighbourhood | Suitcase in SPAIN","robots":{"index":"index","follow":"follow","max-snippet":"max-snippet:-1","max-image-preview":"max-image-preview:large","max-video-preview":"max-video-preview:-1"},"canonical":"https:\/\/suitcaseinspain.com\/es\/eixample-neighbourhood\/","og_locale":"es_ES","og_type":"article","og_title":"Eixample Neighbourhood | Suitcase in SPAIN","og_description":"Updated by Suitcase in SPAIN June 2023Eixample In the late 19th century, there was a need for expansion in Valencia, leading to the development of the Eixample neighborhood. The first ideas of expansion emerged in the 1850s as the population of Valencia outgrew the city walls. The process was set in motion in 1864 with [&hellip;]","og_url":"https:\/\/suitcaseinspain.com\/es\/eixample-neighbourhood\/","og_site_name":"Suitcase in SPAIN","article_publisher":"https:\/\/www.facebook.com\/suitcaseinspain\/","article_published_time":"2023-01-05T23:02:54+00:00","article_modified_time":"2023-06-07T20:19:22+00:00","og_image":[{"width":1190,"height":1684,"url":"https:\/\/suitcaseinspain.com\/wp-content\/uploads\/2019\/01\/Dt02_Eixample-001.jpg","type":"image\/jpeg"}],"author":"JC","twitter_card":"summary_large_image","twitter_misc":{"Escrito por":"JC","Tiempo de lectura":"8 minutos"},"schema":{"@context":"https:\/\/schema.org","@graph":[{"@type":"Article","@id":"https:\/\/suitcaseinspain.com\/eixample-neighbourhood\/#article","isPartOf":{"@id":"https:\/\/suitcaseinspain.com\/eixample-neighbourhood\/"},"author":{"name":"JC","@id":"https:\/\/suitcaseinspain.com\/#\/schema\/person\/e4dbdf08483aec7c999a57fe5c5ca10c"},"headline":"Eixample Neighbourhood","datePublished":"2023-01-05T23:02:54+00:00","dateModified":"2023-06-07T20:19:22+00:00","mainEntityOfPage":{"@id":"https:\/\/suitcaseinspain.com\/eixample-neighbourhood\/"},"wordCount":1678,"publisher":{"@id":"https:\/\/suitcaseinspain.com\/#organization"},"image":{"@id":"https:\/\/suitcaseinspain.com\/eixample-neighbourhood\/#primaryimage"},"thumbnailUrl":"https:\/\/suitcaseinspain.com\/wp-content\/uploads\/2019\/01\/Dt02_Eixample-001.jpg","keywords":["Central Location","Cultural hub","Grid system","Iconic landmarks","Modernist architecture","Residential and commercial mix","Shopping and dining","Urban planning","Vibrant nightlife","Wide boulevards"],"articleSection":["Valencia","Valencia City Neighbourhoods"],"inLanguage":"es"},{"@type":"WebPage","@id":"https:\/\/suitcaseinspain.com\/eixample-neighbourhood\/","url":"https:\/\/suitcaseinspain.com\/eixample-neighbourhood\/","name":"Eixample Neighbourhood | Suitcase in SPAIN","isPartOf":{"@id":"https:\/\/suitcaseinspain.com\/#website"},"primaryImageOfPage":{"@id":"https:\/\/suitcaseinspain.com\/eixample-neighbourhood\/#primaryimage"},"image":{"@id":"https:\/\/suitcaseinspain.com\/eixample-neighbourhood\/#primaryimage"},"thumbnailUrl":"https:\/\/suitcaseinspain.com\/wp-content\/uploads\/2019\/01\/Dt02_Eixample-001.jpg","datePublished":"2023-01-05T23:02:54+00:00","dateModified":"2023-06-07T20:19:22+00:00","breadcrumb":{"@id":"https:\/\/suitcaseinspain.com\/eixample-neighbourhood\/#breadcrumb"},"inLanguage":"es","potentialAction":[{"@type":"ReadAction","target":["https:\/\/suitcaseinspain.com\/eixample-neighbourhood\/"]}]},{"@type":"ImageObject","inLanguage":"es","@id":"https:\/\/suitcaseinspain.com\/eixample-neighbourhood\/#primaryimage","url":"https:\/\/suitcaseinspain.com\/wp-content\/uploads\/2019\/01\/Dt02_Eixample-001.jpg","contentUrl":"https:\/\/suitcaseinspain.com\/wp-content\/uploads\/2019\/01\/Dt02_Eixample-001.jpg","width":707,"height":1000,"caption":"Eixample Neighbourhood in Valencia, Spain"},{"@type":"BreadcrumbList","@id":"https:\/\/suitcaseinspain.com\/eixample-neighbourhood\/#breadcrumb","itemListElement":[{"@type":"ListItem","position":1,"name":"Home","item":"https:\/\/suitcaseinspain.com\/"},{"@type":"ListItem","position":2,"name":"Eixample Neighbourhood"}]},{"@type":"WebSite","@id":"https:\/\/suitcaseinspain.com\/#website","url":"https:\/\/suitcaseinspain.com\/","name":"Suitcase in SPAIN","description":"La Vida Loca in Spain","publisher":{"@id":"https:\/\/suitcaseinspain.com\/#organization"},"potentialAction":[{"@type":"SearchAction","target":{"@type":"EntryPoint","urlTemplate":"https:\/\/suitcaseinspain.com\/?s={search_term_string}"},"query-input":{"@type":"PropertyValueSpecification","valueRequired":true,"valueName":"search_term_string"}}],"inLanguage":"es"},{"@type":"Organization","@id":"https:\/\/suitcaseinspain.com\/#organization","name":"Suitcase in SPAIN","url":"https:\/\/suitcaseinspain.com\/","logo":{"@type":"ImageObject","inLanguage":"es","@id":"https:\/\/suitcaseinspain.com\/#\/schema\/logo\/image\/","url":"https:\/\/suitcaseinspain.com\/wp-content\/uploads\/2022\/08\/Suitcase_in_Spain_Logo.jpg","contentUrl":"https:\/\/suitcaseinspain.com\/wp-content\/uploads\/2022\/08\/Suitcase_in_Spain_Logo.jpg","width":1251,"height":1251,"caption":"Suitcase in SPAIN"},"image":{"@id":"https:\/\/suitcaseinspain.com\/#\/schema\/logo\/image\/"},"sameAs":["https:\/\/www.facebook.com\/suitcaseinspain\/","https:\/\/www.instagram.com\/suitcaseinspain\/","https:\/\/www.youtube.com\/@suitcaseinspain"]},{"@type":"Person","@id":"https:\/\/suitcaseinspain.com\/#\/schema\/person\/e4dbdf08483aec7c999a57fe5c5ca10c","name":"JC","image":{"@type":"ImageObject","inLanguage":"es","@id":"https:\/\/secure.gravatar.com\/avatar\/21838357e1dda97dfa833deac8e4adce02bc41fe729bc4380ce6f9ed456e1b46?s=96&d=identicon&r=g","url":"https:\/\/secure.gravatar.com\/avatar\/21838357e1dda97dfa833deac8e4adce02bc41fe729bc4380ce6f9ed456e1b46?s=96&d=identicon&r=g","contentUrl":"https:\/\/secure.gravatar.com\/avatar\/21838357e1dda97dfa833deac8e4adce02bc41fe729bc4380ce6f9ed456e1b46?s=96&d=identicon&r=g","caption":"JC"},"url":"https:\/\/suitcaseinspain.com\/es\/author\/leblj\/"}]}},"_links":{"self":[{"href":"https:\/\/suitcaseinspain.com\/es\/wp-json\/wp\/v2\/posts\/227558","targetHints":{"allow":["GET"]}}],"collection":[{"href":"https:\/\/suitcaseinspain.com\/es\/wp-json\/wp\/v2\/posts"}],"about":[{"href":"https:\/\/suitcaseinspain.com\/es\/wp-json\/wp\/v2\/types\/post"}],"author":[{"embeddable":true,"href":"https:\/\/suitcaseinspain.com\/es\/wp-json\/wp\/v2\/users\/1"}],"replies":[{"embeddable":true,"href":"https:\/\/suitcaseinspain.com\/es\/wp-json\/wp\/v2\/comments?post=227558"}],"version-history":[{"count":0,"href":"https:\/\/suitcaseinspain.com\/es\/wp-json\/wp\/v2\/posts\/227558\/revisions"}],"wp:featuredmedia":[{"embeddable":true,"href":"https:\/\/suitcaseinspain.com\/es\/wp-json\/wp\/v2\/media\/215184"}],"wp:attachment":[{"href":"https:\/\/suitcaseinspain.com\/es\/wp-json\/wp\/v2\/media?parent=227558"}],"wp:term":[{"taxonomy":"category","embeddable":true,"href":"https:\/\/suitcaseinspain.com\/es\/wp-json\/wp\/v2\/categories?post=227558"},{"taxonomy":"post_tag","embeddable":true,"href":"https:\/\/suitcaseinspain.com\/es\/wp-json\/wp\/v2\/tags?post=227558"}],"curies":[{"name":"wp","href":"https:\/\/api.w.org\/{rel}","templated":true}]}}