{"id":227578,"date":"2023-01-05T10:03:30","date_gmt":"2023-01-05T09:03:30","guid":{"rendered":"https:\/\/suitcaseinspain.com\/?p=227578"},"modified":"2023-06-07T22:03:26","modified_gmt":"2023-06-07T20:03:26","slug":"patraix-neighbourhood","status":"publish","type":"post","link":"https:\/\/suitcaseinspain.com\/es\/patraix-neighbourhood\/","title":{"rendered":"Patraix Neighbourhood"},"content":{"rendered":"<p>[et_pb_section fb_built=&#8221;1&#8243; _builder_version=&#8221;4.21.0&#8243; _module_preset=&#8221;default&#8221; da_disable_devices=&#8221;off|off|off&#8221; global_colors_info=&#8221;{}&#8221; da_is_popup=&#8221;off&#8221; da_exit_intent=&#8221;off&#8221; da_has_close=&#8221;on&#8221; da_alt_close=&#8221;off&#8221; da_dark_close=&#8221;off&#8221; da_not_modal=&#8221;on&#8221; da_is_singular=&#8221;off&#8221; da_with_loader=&#8221;off&#8221; da_has_shadow=&#8221;on&#8221;][et_pb_row _builder_version=&#8221;4.21.0&#8243; _module_preset=&#8221;default&#8221; width=&#8221;100%&#8221; global_colors_info=&#8221;{}&#8221;][et_pb_column type=&#8221;4_4&#8243; _builder_version=&#8221;4.21.0&#8243; _module_preset=&#8221;default&#8221; global_colors_info=&#8221;{}&#8221;][et_pb_text _builder_version=&#8221;4.21.0&#8243; _module_preset=&#8221;default&#8221; text_font_size=&#8221;14px&#8221; text_line_height=&#8221;1.2em&#8221; text_orientation=&#8221;right&#8221; global_colors_info=&#8221;{}&#8221;]Updated by Suitcase in SPAIN June 2023[\/et_pb_text][\/et_pb_column][\/et_pb_row][et_pb_row _builder_version=&#8221;4.21.0&#8243; _module_preset=&#8221;default&#8221; width=&#8221;100%&#8221; custom_padding=&#8221;20px||||false|false&#8221; global_colors_info=&#8221;{}&#8221;][et_pb_column type=&#8221;4_4&#8243; _builder_version=&#8221;4.21.0&#8243; _module_preset=&#8221;default&#8221; global_colors_info=&#8221;{}&#8221;][et_pb_button button_url=&#8221;https:\/\/suitcaseinspain.com\/the-origins-and-brief-histories-of-valencia-districts\/&#8221; url_new_window=&#8221;on&#8221; button_text=&#8221;Back to The Origins and Brief Histories of Valencia Districts article&#8221; _builder_version=&#8221;4.21.0&#8243; _module_preset=&#8221;default&#8221; custom_button=&#8221;on&#8221; button_text_size=&#8221;16px&#8221; button_text_color=&#8221;#2F9A64&#8243; button_border_width=&#8221;0px&#8221; button_border_color=&#8221;RGBA(255,255,255,0)&#8221; button_icon=&#8221;&#x23;||divi||400&#8243; button_icon_placement=&#8221;left&#8221; button_on_hover=&#8221;off&#8221; global_colors_info=&#8221;{}&#8221;][\/et_pb_button][et_pb_text _builder_version=&#8221;4.21.0&#8243; _module_preset=&#8221;default&#8221; header_2_font_size=&#8221;35px&#8221; header_2_letter_spacing=&#8221;2px&#8221; header_2_line_height=&#8221;1.8em&#8221; global_colors_info=&#8221;{}&#8221;]<\/p>\n<h2>Patraix<\/h2>\n<p>Patraix, a municipal district in Valencia, derives its name from the ancient neighborhood of Patraix, which has Roman origins. Tombstones with inscriptions from that period provide evidence of its historical significance. The area was once home to an Andalusian farmhouse known as &#8220;Petraher&#8221; and later referred to as &#8220;Petrair.&#8221; During the conquest of Valencia, King James I donated the farmhouse to his scribe, eventually passing it on to the Escriv\u00e1 and Fenollar families. In 1567, it was confiscated by the Crown and sold to the Marquises of Elche, who later sold their lordship to the first Marquis of Cruilles. Patraix played a prominent role during the reign of Carlos III when Valencia was divided into quarters, each governed by its own mayor. Patraix was one of them and even became a head of the judicial party.<\/p>\n<blockquote>\n<p>In 1849, Pascual Madoz gave the following description:<br \/>\u201c\u2026Lugar con ayuntamiento de la provincia [\u2026] de Valencia (10 minutos). Sit. en terreno llano al SO. de la misma ciudad, le baten generalmente los vientos del E. y O.; su clima es templado y saludable. Tiene 61 casas, c\u00e1rcel peque\u00f1a, 2 antiguos palacios casi arruinados; escuela de ni\u00f1os a la que concurren 30 [\u2026]; iglesia parroquial dedicada a San Nicol\u00e1s de Bari, aneja de la de los Stos. Juanes de la ciudad de Valencia. Carece de territorio propio, pues el terreno que le circunda corresponde al de aquella ciudad: su jurisdicci\u00f3n municipal solo se extiende al caser\u00edo. Los caminos que parten del pueblo son locales y dirigen \u00e1 los pueblos limitrofes. [\u2026] Poblaci\u00f3n: 100 vecinos, 476 almas\u2026\u201d<br \/>Diccionario de Madoz (Madoz, Pascual, 1849). Diccionario geogr\u00e1fico-estad\u00edstico-hist\u00f3rico de Espa\u00f1a y sus posesiones de Ultramar 12. p. 720.<\/p>\n<\/blockquote>\n<p>English Translation:<\/p>\n<blockquote>\n<p>&#8220;Town with a city council in the province of Valencia (10 minutes away). Located on flat land to the southwest of the same city, it is generally exposed to winds from the east and west. The climate is mild and healthy. It has 61 houses, a small jail, 2 ancient palaces almost in ruins; a boys&#8217; school attended by 30 students; a parish church dedicated to San Nicol\u00e1s de Bari, annexed to the church of Los Santos Juanes in the city of Valencia. It lacks its own territory, as the surrounding land belongs to that city: its municipal jurisdiction only extends to the village. The roads leading from the town are local and lead to neighboring towns. Population: 100 households, 476 individuals.&#8221;<br \/>Dictionary of Madoz (Madoz, Paschal, 1849). Geographic-statistical-historical dictionary of Spain and its overseas possessions 12. p. 720<\/p>\n<\/blockquote>\n<p>Patraix is bordered by L&#8217;Olivereta to the north, Extramurs and Jesus to the east, Poblados del Sur to the south, and the municipality of Chirivella to the west. It consists of five neighborhoods: <strong>Patraix<\/strong>, <strong>Sant Isidre<\/strong>, <strong>Vara de Quart<\/strong>, <strong>Safranar<\/strong>, and <strong>Favara<\/strong>.<\/p>\n<p><strong>Benefits<\/strong>:<\/p>\n<ul>\n<li>Rich historical heritage dating back to Roman times.<\/li>\n<li>Charming neighborhood with lively streets and a diverse population.<\/li>\n<li>Proximity to major landmarks, including the Estaci\u00f3n del Norte.<\/li>\n<li>Access to several parks and green spaces, such as Jardines de Viveros.<\/li>\n<li>Well-connected with metro stations and bus routes, facilitating easy transportation.<\/li>\n<\/ul>\n<p><strong>Drawbacks<\/strong>:<\/p>\n<ul>\n<li>Limited territorial jurisdiction due to its close proximity to the city of Valencia.<\/li>\n<li>Potential urban development challenges as the area undergoes expansion.<\/li>\n<li>Historic buildings in need of restoration and preservation efforts.<\/li>\n<\/ul>\n<p>[\/et_pb_text][\/et_pb_column][\/et_pb_row][et_pb_row _builder_version=&#8221;4.19.3&#8243; _module_preset=&#8221;default&#8221; background_color=&#8221;#2f9a64&#8243; width=&#8221;100%&#8221; custom_margin=&#8221;2em||||false|false&#8221; custom_padding=&#8221;1em|1em|1em|1em|true|true&#8221; box_shadow_style=&#8221;preset4&#8243; box_shadow_color=&#8221;#f7c621&#8243; global_colors_info=&#8221;{}&#8221;][et_pb_column type=&#8221;4_4&#8243; _builder_version=&#8221;4.17.4&#8243; _module_preset=&#8221;default&#8221; global_colors_info=&#8221;{}&#8221;][et_pb_text _builder_version=&#8221;4.21.0&#8243; _module_preset=&#8221;default&#8221; text_text_color=&#8221;#FFFFFF&#8221; global_colors_info=&#8221;{}&#8221;]Patraix district is a treasure trove of history, charm, and a vibrant local atmosphere. Its well-preserved streets, historical landmarks, and cultural heritage make it an ideal place for history enthusiasts and those who appreciate the city&#8217;s rich past. With its lively local scene, residents can enjoy the energy of the neighborhood, explore local shops and markets, and savor the authentic Valencian culture. Patraix offers a unique blend of historical significance and a thriving community, making it a captivating place to call home.[\/et_pb_text][\/et_pb_column][\/et_pb_row][\/et_pb_section]<\/p>\n","protected":false},"excerpt":{"rendered":"<p>Discover the historical district of Patraix in Valencia, Spain. Explore its Roman origins, lively streets, and proximity to major landmarks. Enjoy the charm of this vibrant neighborhood with access to parks and excellent transportation links.<\/p>","protected":false},"author":1,"featured_media":215190,"comment_status":"closed","ping_status":"open","sticky":false,"template":"","format":"standard","meta":{"_et_pb_use_builder":"on","_et_pb_old_content":"","_et_gb_content_width":"","footnotes":""},"categories":[32,2460],"tags":[2355,2361,2353,1003,2357,2352,2356,2360,2358,168,2354,1390,2359],"class_list":["post-227578","post","type-post","status-publish","format-standard","has-post-thumbnail","hentry","category-valencia","category-valencia-city-neighbourhoods","tag-explore-valencia","tag-favara","tag-historical-district","tag-landmarks","tag-parks","tag-patraix","tag-roman-origins","tag-safranar","tag-sant-isidre","tag-transportation","tag-urban-living","tag-valencia-city","tag-vara-de-quart"],"yoast_head":"<!-- This site is optimized with the Yoast SEO plugin v27.4 - https:\/\/yoast.com\/product\/yoast-seo-wordpress\/ -->\n<title>Patraix Neighbourhood | Suitcase in SPAIN<\/title>\n<meta name=\"robots\" content=\"index, follow, max-snippet:-1, max-image-preview:large, max-video-preview:-1\" \/>\n<link rel=\"canonical\" href=\"https:\/\/suitcaseinspain.com\/es\/patraix-neighbourhood\/\" \/>\n<meta property=\"og:locale\" content=\"es_ES\" \/>\n<meta property=\"og:type\" content=\"article\" \/>\n<meta property=\"og:title\" content=\"Patraix Neighbourhood | Suitcase in SPAIN\" \/>\n<meta property=\"og:description\" content=\"Discover the historical district of Patraix in Valencia, Spain. Explore its Roman origins, lively streets, and proximity to major landmarks. Enjoy the charm of this vibrant neighborhood with access to parks and excellent transportation links.\" \/>\n<meta property=\"og:url\" content=\"https:\/\/suitcaseinspain.com\/es\/patraix-neighbourhood\/\" \/>\n<meta property=\"og:site_name\" content=\"Suitcase in SPAIN\" \/>\n<meta property=\"article:publisher\" content=\"https:\/\/www.facebook.com\/suitcaseinspain\/\" \/>\n<meta property=\"article:published_time\" content=\"2023-01-05T09:03:30+00:00\" \/>\n<meta property=\"article:modified_time\" content=\"2023-06-07T20:03:26+00:00\" \/>\n<meta property=\"og:image\" content=\"https:\/\/suitcaseinspain.com\/wp-content\/uploads\/2019\/01\/Dt08_Patraix-001.jpg\" \/>\n\t<meta property=\"og:image:width\" content=\"1684\" \/>\n\t<meta property=\"og:image:height\" content=\"1190\" \/>\n\t<meta property=\"og:image:type\" content=\"image\/jpeg\" \/>\n<meta name=\"author\" content=\"JC\" \/>\n<meta name=\"twitter:card\" content=\"summary_large_image\" \/>\n<meta name=\"twitter:label1\" content=\"Escrito por\" \/>\n\t<meta name=\"twitter:data1\" content=\"JC\" \/>\n\t<meta name=\"twitter:label2\" content=\"Tiempo de lectura\" \/>\n\t<meta name=\"twitter:data2\" content=\"5 minutos\" \/>\n<script type=\"application\/ld+json\" class=\"yoast-schema-graph\">{\"@context\":\"https:\\\/\\\/schema.org\",\"@graph\":[{\"@type\":\"Article\",\"@id\":\"https:\\\/\\\/suitcaseinspain.com\\\/patraix-neighbourhood\\\/#article\",\"isPartOf\":{\"@id\":\"https:\\\/\\\/suitcaseinspain.com\\\/patraix-neighbourhood\\\/\"},\"author\":{\"name\":\"JC\",\"@id\":\"https:\\\/\\\/suitcaseinspain.com\\\/#\\\/schema\\\/person\\\/e4dbdf08483aec7c999a57fe5c5ca10c\"},\"headline\":\"Patraix Neighbourhood\",\"datePublished\":\"2023-01-05T09:03:30+00:00\",\"dateModified\":\"2023-06-07T20:03:26+00:00\",\"mainEntityOfPage\":{\"@id\":\"https:\\\/\\\/suitcaseinspain.com\\\/patraix-neighbourhood\\\/\"},\"wordCount\":943,\"publisher\":{\"@id\":\"https:\\\/\\\/suitcaseinspain.com\\\/#organization\"},\"image\":{\"@id\":\"https:\\\/\\\/suitcaseinspain.com\\\/patraix-neighbourhood\\\/#primaryimage\"},\"thumbnailUrl\":\"https:\\\/\\\/suitcaseinspain.com\\\/wp-content\\\/uploads\\\/2019\\\/01\\\/Dt08_Patraix-001.jpg\",\"keywords\":[\"Explore Valencia\",\"Favara\",\"Historical District\",\"Landmarks\",\"Parks\",\"Patraix\",\"Roman Origins\",\"Safranar\",\"Sant Isidre\",\"transportation\",\"Urban Living\",\"Valencia City\",\"Vara de Quart\"],\"articleSection\":[\"Valencia\",\"Valencia City Neighbourhoods\"],\"inLanguage\":\"es\"},{\"@type\":\"WebPage\",\"@id\":\"https:\\\/\\\/suitcaseinspain.com\\\/patraix-neighbourhood\\\/\",\"url\":\"https:\\\/\\\/suitcaseinspain.com\\\/patraix-neighbourhood\\\/\",\"name\":\"Patraix Neighbourhood | Suitcase in SPAIN\",\"isPartOf\":{\"@id\":\"https:\\\/\\\/suitcaseinspain.com\\\/#website\"},\"primaryImageOfPage\":{\"@id\":\"https:\\\/\\\/suitcaseinspain.com\\\/patraix-neighbourhood\\\/#primaryimage\"},\"image\":{\"@id\":\"https:\\\/\\\/suitcaseinspain.com\\\/patraix-neighbourhood\\\/#primaryimage\"},\"thumbnailUrl\":\"https:\\\/\\\/suitcaseinspain.com\\\/wp-content\\\/uploads\\\/2019\\\/01\\\/Dt08_Patraix-001.jpg\",\"datePublished\":\"2023-01-05T09:03:30+00:00\",\"dateModified\":\"2023-06-07T20:03:26+00:00\",\"breadcrumb\":{\"@id\":\"https:\\\/\\\/suitcaseinspain.com\\\/patraix-neighbourhood\\\/#breadcrumb\"},\"inLanguage\":\"es\",\"potentialAction\":[{\"@type\":\"ReadAction\",\"target\":[\"https:\\\/\\\/suitcaseinspain.com\\\/patraix-neighbourhood\\\/\"]}]},{\"@type\":\"ImageObject\",\"inLanguage\":\"es\",\"@id\":\"https:\\\/\\\/suitcaseinspain.com\\\/patraix-neighbourhood\\\/#primaryimage\",\"url\":\"https:\\\/\\\/suitcaseinspain.com\\\/wp-content\\\/uploads\\\/2019\\\/01\\\/Dt08_Patraix-001.jpg\",\"contentUrl\":\"https:\\\/\\\/suitcaseinspain.com\\\/wp-content\\\/uploads\\\/2019\\\/01\\\/Dt08_Patraix-001.jpg\",\"width\":1415,\"height\":1000,\"caption\":\"Patraix Neighbourhood in Valencia, Spain\"},{\"@type\":\"BreadcrumbList\",\"@id\":\"https:\\\/\\\/suitcaseinspain.com\\\/patraix-neighbourhood\\\/#breadcrumb\",\"itemListElement\":[{\"@type\":\"ListItem\",\"position\":1,\"name\":\"Home\",\"item\":\"https:\\\/\\\/suitcaseinspain.com\\\/\"},{\"@type\":\"ListItem\",\"position\":2,\"name\":\"Patraix Neighbourhood\"}]},{\"@type\":\"WebSite\",\"@id\":\"https:\\\/\\\/suitcaseinspain.com\\\/#website\",\"url\":\"https:\\\/\\\/suitcaseinspain.com\\\/\",\"name\":\"Suitcase in SPAIN\",\"description\":\"La Vida Loca in Spain\",\"publisher\":{\"@id\":\"https:\\\/\\\/suitcaseinspain.com\\\/#organization\"},\"potentialAction\":[{\"@type\":\"SearchAction\",\"target\":{\"@type\":\"EntryPoint\",\"urlTemplate\":\"https:\\\/\\\/suitcaseinspain.com\\\/?s={search_term_string}\"},\"query-input\":{\"@type\":\"PropertyValueSpecification\",\"valueRequired\":true,\"valueName\":\"search_term_string\"}}],\"inLanguage\":\"es\"},{\"@type\":\"Organization\",\"@id\":\"https:\\\/\\\/suitcaseinspain.com\\\/#organization\",\"name\":\"Suitcase in SPAIN\",\"url\":\"https:\\\/\\\/suitcaseinspain.com\\\/\",\"logo\":{\"@type\":\"ImageObject\",\"inLanguage\":\"es\",\"@id\":\"https:\\\/\\\/suitcaseinspain.com\\\/#\\\/schema\\\/logo\\\/image\\\/\",\"url\":\"https:\\\/\\\/suitcaseinspain.com\\\/wp-content\\\/uploads\\\/2022\\\/08\\\/Suitcase_in_Spain_Logo.jpg\",\"contentUrl\":\"https:\\\/\\\/suitcaseinspain.com\\\/wp-content\\\/uploads\\\/2022\\\/08\\\/Suitcase_in_Spain_Logo.jpg\",\"width\":1251,\"height\":1251,\"caption\":\"Suitcase in SPAIN\"},\"image\":{\"@id\":\"https:\\\/\\\/suitcaseinspain.com\\\/#\\\/schema\\\/logo\\\/image\\\/\"},\"sameAs\":[\"https:\\\/\\\/www.facebook.com\\\/suitcaseinspain\\\/\",\"https:\\\/\\\/www.instagram.com\\\/suitcaseinspain\\\/\",\"https:\\\/\\\/www.youtube.com\\\/@suitcaseinspain\"]},{\"@type\":\"Person\",\"@id\":\"https:\\\/\\\/suitcaseinspain.com\\\/#\\\/schema\\\/person\\\/e4dbdf08483aec7c999a57fe5c5ca10c\",\"name\":\"JC\",\"image\":{\"@type\":\"ImageObject\",\"inLanguage\":\"es\",\"@id\":\"https:\\\/\\\/secure.gravatar.com\\\/avatar\\\/21838357e1dda97dfa833deac8e4adce02bc41fe729bc4380ce6f9ed456e1b46?s=96&d=identicon&r=g\",\"url\":\"https:\\\/\\\/secure.gravatar.com\\\/avatar\\\/21838357e1dda97dfa833deac8e4adce02bc41fe729bc4380ce6f9ed456e1b46?s=96&d=identicon&r=g\",\"contentUrl\":\"https:\\\/\\\/secure.gravatar.com\\\/avatar\\\/21838357e1dda97dfa833deac8e4adce02bc41fe729bc4380ce6f9ed456e1b46?s=96&d=identicon&r=g\",\"caption\":\"JC\"},\"url\":\"https:\\\/\\\/suitcaseinspain.com\\\/es\\\/author\\\/leblj\\\/\"}]}<\/script>\n<!-- \/ Yoast SEO plugin. -->","yoast_head_json":{"title":"Patraix Neighbourhood | Suitcase in SPAIN","robots":{"index":"index","follow":"follow","max-snippet":"max-snippet:-1","max-image-preview":"max-image-preview:large","max-video-preview":"max-video-preview:-1"},"canonical":"https:\/\/suitcaseinspain.com\/es\/patraix-neighbourhood\/","og_locale":"es_ES","og_type":"article","og_title":"Patraix Neighbourhood | Suitcase in SPAIN","og_description":"Discover the historical district of Patraix in Valencia, Spain. Explore its Roman origins, lively streets, and proximity to major landmarks. Enjoy the charm of this vibrant neighborhood with access to parks and excellent transportation links.","og_url":"https:\/\/suitcaseinspain.com\/es\/patraix-neighbourhood\/","og_site_name":"Suitcase in SPAIN","article_publisher":"https:\/\/www.facebook.com\/suitcaseinspain\/","article_published_time":"2023-01-05T09:03:30+00:00","article_modified_time":"2023-06-07T20:03:26+00:00","og_image":[{"width":1684,"height":1190,"url":"https:\/\/suitcaseinspain.com\/wp-content\/uploads\/2019\/01\/Dt08_Patraix-001.jpg","type":"image\/jpeg"}],"author":"JC","twitter_card":"summary_large_image","twitter_misc":{"Escrito por":"JC","Tiempo de lectura":"5 minutos"},"schema":{"@context":"https:\/\/schema.org","@graph":[{"@type":"Article","@id":"https:\/\/suitcaseinspain.com\/patraix-neighbourhood\/#article","isPartOf":{"@id":"https:\/\/suitcaseinspain.com\/patraix-neighbourhood\/"},"author":{"name":"JC","@id":"https:\/\/suitcaseinspain.com\/#\/schema\/person\/e4dbdf08483aec7c999a57fe5c5ca10c"},"headline":"Patraix Neighbourhood","datePublished":"2023-01-05T09:03:30+00:00","dateModified":"2023-06-07T20:03:26+00:00","mainEntityOfPage":{"@id":"https:\/\/suitcaseinspain.com\/patraix-neighbourhood\/"},"wordCount":943,"publisher":{"@id":"https:\/\/suitcaseinspain.com\/#organization"},"image":{"@id":"https:\/\/suitcaseinspain.com\/patraix-neighbourhood\/#primaryimage"},"thumbnailUrl":"https:\/\/suitcaseinspain.com\/wp-content\/uploads\/2019\/01\/Dt08_Patraix-001.jpg","keywords":["Explore Valencia","Favara","Historical District","Landmarks","Parks","Patraix","Roman Origins","Safranar","Sant Isidre","transportation","Urban Living","Valencia City","Vara de Quart"],"articleSection":["Valencia","Valencia City Neighbourhoods"],"inLanguage":"es"},{"@type":"WebPage","@id":"https:\/\/suitcaseinspain.com\/patraix-neighbourhood\/","url":"https:\/\/suitcaseinspain.com\/patraix-neighbourhood\/","name":"Patraix Neighbourhood | Suitcase in SPAIN","isPartOf":{"@id":"https:\/\/suitcaseinspain.com\/#website"},"primaryImageOfPage":{"@id":"https:\/\/suitcaseinspain.com\/patraix-neighbourhood\/#primaryimage"},"image":{"@id":"https:\/\/suitcaseinspain.com\/patraix-neighbourhood\/#primaryimage"},"thumbnailUrl":"https:\/\/suitcaseinspain.com\/wp-content\/uploads\/2019\/01\/Dt08_Patraix-001.jpg","datePublished":"2023-01-05T09:03:30+00:00","dateModified":"2023-06-07T20:03:26+00:00","breadcrumb":{"@id":"https:\/\/suitcaseinspain.com\/patraix-neighbourhood\/#breadcrumb"},"inLanguage":"es","potentialAction":[{"@type":"ReadAction","target":["https:\/\/suitcaseinspain.com\/patraix-neighbourhood\/"]}]},{"@type":"ImageObject","inLanguage":"es","@id":"https:\/\/suitcaseinspain.com\/patraix-neighbourhood\/#primaryimage","url":"https:\/\/suitcaseinspain.com\/wp-content\/uploads\/2019\/01\/Dt08_Patraix-001.jpg","contentUrl":"https:\/\/suitcaseinspain.com\/wp-content\/uploads\/2019\/01\/Dt08_Patraix-001.jpg","width":1415,"height":1000,"caption":"Patraix Neighbourhood in Valencia, Spain"},{"@type":"BreadcrumbList","@id":"https:\/\/suitcaseinspain.com\/patraix-neighbourhood\/#breadcrumb","itemListElement":[{"@type":"ListItem","position":1,"name":"Home","item":"https:\/\/suitcaseinspain.com\/"},{"@type":"ListItem","position":2,"name":"Patraix Neighbourhood"}]},{"@type":"WebSite","@id":"https:\/\/suitcaseinspain.com\/#website","url":"https:\/\/suitcaseinspain.com\/","name":"Suitcase in SPAIN","description":"La Vida Loca in Spain","publisher":{"@id":"https:\/\/suitcaseinspain.com\/#organization"},"potentialAction":[{"@type":"SearchAction","target":{"@type":"EntryPoint","urlTemplate":"https:\/\/suitcaseinspain.com\/?s={search_term_string}"},"query-input":{"@type":"PropertyValueSpecification","valueRequired":true,"valueName":"search_term_string"}}],"inLanguage":"es"},{"@type":"Organization","@id":"https:\/\/suitcaseinspain.com\/#organization","name":"Suitcase in SPAIN","url":"https:\/\/suitcaseinspain.com\/","logo":{"@type":"ImageObject","inLanguage":"es","@id":"https:\/\/suitcaseinspain.com\/#\/schema\/logo\/image\/","url":"https:\/\/suitcaseinspain.com\/wp-content\/uploads\/2022\/08\/Suitcase_in_Spain_Logo.jpg","contentUrl":"https:\/\/suitcaseinspain.com\/wp-content\/uploads\/2022\/08\/Suitcase_in_Spain_Logo.jpg","width":1251,"height":1251,"caption":"Suitcase in SPAIN"},"image":{"@id":"https:\/\/suitcaseinspain.com\/#\/schema\/logo\/image\/"},"sameAs":["https:\/\/www.facebook.com\/suitcaseinspain\/","https:\/\/www.instagram.com\/suitcaseinspain\/","https:\/\/www.youtube.com\/@suitcaseinspain"]},{"@type":"Person","@id":"https:\/\/suitcaseinspain.com\/#\/schema\/person\/e4dbdf08483aec7c999a57fe5c5ca10c","name":"JC","image":{"@type":"ImageObject","inLanguage":"es","@id":"https:\/\/secure.gravatar.com\/avatar\/21838357e1dda97dfa833deac8e4adce02bc41fe729bc4380ce6f9ed456e1b46?s=96&d=identicon&r=g","url":"https:\/\/secure.gravatar.com\/avatar\/21838357e1dda97dfa833deac8e4adce02bc41fe729bc4380ce6f9ed456e1b46?s=96&d=identicon&r=g","contentUrl":"https:\/\/secure.gravatar.com\/avatar\/21838357e1dda97dfa833deac8e4adce02bc41fe729bc4380ce6f9ed456e1b46?s=96&d=identicon&r=g","caption":"JC"},"url":"https:\/\/suitcaseinspain.com\/es\/author\/leblj\/"}]}},"_links":{"self":[{"href":"https:\/\/suitcaseinspain.com\/es\/wp-json\/wp\/v2\/posts\/227578","targetHints":{"allow":["GET"]}}],"collection":[{"href":"https:\/\/suitcaseinspain.com\/es\/wp-json\/wp\/v2\/posts"}],"about":[{"href":"https:\/\/suitcaseinspain.com\/es\/wp-json\/wp\/v2\/types\/post"}],"author":[{"embeddable":true,"href":"https:\/\/suitcaseinspain.com\/es\/wp-json\/wp\/v2\/users\/1"}],"replies":[{"embeddable":true,"href":"https:\/\/suitcaseinspain.com\/es\/wp-json\/wp\/v2\/comments?post=227578"}],"version-history":[{"count":0,"href":"https:\/\/suitcaseinspain.com\/es\/wp-json\/wp\/v2\/posts\/227578\/revisions"}],"wp:featuredmedia":[{"embeddable":true,"href":"https:\/\/suitcaseinspain.com\/es\/wp-json\/wp\/v2\/media\/215190"}],"wp:attachment":[{"href":"https:\/\/suitcaseinspain.com\/es\/wp-json\/wp\/v2\/media?parent=227578"}],"wp:term":[{"taxonomy":"category","embeddable":true,"href":"https:\/\/suitcaseinspain.com\/es\/wp-json\/wp\/v2\/categories?post=227578"},{"taxonomy":"post_tag","embeddable":true,"href":"https:\/\/suitcaseinspain.com\/es\/wp-json\/wp\/v2\/tags?post=227578"}],"curies":[{"name":"wp","href":"https:\/\/api.w.org\/{rel}","templated":true}]}}