{"id":230129,"date":"2023-05-28T17:58:28","date_gmt":"2023-05-28T15:58:28","guid":{"rendered":"https:\/\/suitcaseinspain.com\/?p=230129"},"modified":"2023-10-09T23:55:06","modified_gmt":"2023-10-09T21:55:06","slug":"official-schedule-of-events-hogueras-2023","status":"publish","type":"post","link":"https:\/\/suitcaseinspain.com\/es\/official-schedule-of-events-hogueras-2023\/","title":{"rendered":"Official Schedule of Events &#8211; Hogueras 2023"},"content":{"rendered":"<p>[et_pb_section fb_built=&#8221;1&#8243; admin_label=&#8221;section&#8221; _builder_version=&#8221;4.16&#8243; da_disable_devices=&#8221;off|off|off&#8221; global_colors_info=&#8221;{}&#8221; theme_builder_area=&#8221;post_content&#8221; da_is_popup=&#8221;off&#8221; da_exit_intent=&#8221;off&#8221; da_has_close=&#8221;on&#8221; da_alt_close=&#8221;off&#8221; da_dark_close=&#8221;off&#8221; da_not_modal=&#8221;on&#8221; da_is_singular=&#8221;off&#8221; da_with_loader=&#8221;off&#8221; da_has_shadow=&#8221;on&#8221;][et_pb_row admin_label=&#8221;row&#8221; _builder_version=&#8221;4.21.0&#8243; background_size=&#8221;initial&#8221; background_position=&#8221;top_left&#8221; background_repeat=&#8221;repeat&#8221; width=&#8221;100%&#8221; global_colors_info=&#8221;{}&#8221; theme_builder_area=&#8221;post_content&#8221;][et_pb_column type=&#8221;4_4&#8243; _builder_version=&#8221;4.16&#8243; custom_padding=&#8221;|||&#8221; global_colors_info=&#8221;{}&#8221; custom_padding__hover=&#8221;|||&#8221; theme_builder_area=&#8221;post_content&#8221;][et_pb_text admin_label=&#8221;photo attribute&#8221; _builder_version=&#8221;4.21.0&#8243; _module_preset=&#8221;default&#8221; text_font_size=&#8221;14px&#8221; text_line_height=&#8221;1.2em&#8221; text_orientation=&#8221;right&#8221; global_colors_info=&#8221;{}&#8221; theme_builder_area=&#8221;post_content&#8221;]<\/p>\n<p>Photo by <a href=\"https:\/\/unsplash.com\/@lucas_davies?utm_source=unsplash&amp;utm_medium=referral&amp;utm_content=creditCopyText\">Lucas Davies<\/a> on <a href=\"https:\/\/unsplash.com\/photos\/kmfY3pqnbnw?utm_source=unsplash&amp;utm_medium=referral&amp;utm_content=creditCopyText\">Unsplash<\/a><\/p>\n<p>[\/et_pb_text][et_pb_text _builder_version=&#8221;4.21.0&#8243; _module_preset=&#8221;default&#8221; global_colors_info=&#8221;{}&#8221; theme_builder_area=&#8221;post_content&#8221;]<\/p>\n<p style=\"text-align: center;\">The Federation of Fogueres has announced the official dates and events planned for Hogueras de Alicante.<br \/><strong>June 2 to 29, 2023<\/strong><\/p>\n<p>[\/et_pb_text][\/et_pb_column][\/et_pb_row][et_pb_row _builder_version=&#8221;4.21.0&#8243; _module_preset=&#8221;default&#8221; theme_builder_area=&#8221;post_content&#8221; column_structure=&#8221;1_2,1_2&#8243; width=&#8221;100%&#8221; hover_enabled=&#8221;0&#8243; sticky_enabled=&#8221;0&#8243; custom_padding=&#8221;30px||||false|false&#8221;][et_pb_column _builder_version=&#8221;4.21.0&#8243; _module_preset=&#8221;default&#8221; type=&#8221;1_2&#8243; theme_builder_area=&#8221;post_content&#8221;][et_pb_button button_url=&#8221;https:\/\/foguerapp.com\/&#8221; url_new_window=&#8221;on&#8221; button_text=&#8221;Click to download the official app &#8221; button_alignment=&#8221;center&#8221; _builder_version=&#8221;4.21.0&#8243; _module_preset=&#8221;default&#8221; custom_button=&#8221;on&#8221; button_text_size=&#8221;14px&#8221; button_bg_color=&#8221;#D01622&#8243; hover_enabled=&#8221;0&#8243; global_colors_info=&#8221;{}&#8221; theme_builder_area=&#8221;post_content&#8221; sticky_enabled=&#8221;0&#8243;][\/et_pb_button][\/et_pb_column][et_pb_column _builder_version=&#8221;4.21.0&#8243; _module_preset=&#8221;default&#8221; type=&#8221;1_2&#8243; theme_builder_area=&#8221;post_content&#8221;][et_pb_button button_url=&#8221;#hogueras-map-2023&#8243; url_new_window=&#8221;on&#8221; button_text=&#8221;Click to view map&#8221; button_alignment=&#8221;center&#8221; _builder_version=&#8221;4.21.0&#8243; _module_preset=&#8221;default&#8221; custom_button=&#8221;on&#8221; button_text_size=&#8221;14px&#8221; button_bg_color=&#8221;#D01622&#8243; hover_enabled=&#8221;0&#8243; global_colors_info=&#8221;{}&#8221; theme_builder_area=&#8221;post_content&#8221; sticky_enabled=&#8221;0&#8243; custom_padding=&#8221;|75px||75px|false|true&#8221;][\/et_pb_button][\/et_pb_column][\/et_pb_row][et_pb_row column_structure=&#8221;1_5,1_5,3_5&#8243; use_custom_gutter=&#8221;on&#8221; gutter_width=&#8221;1&#8243; _builder_version=&#8221;4.21.0&#8243; _module_preset=&#8221;default&#8221; width=&#8221;100%&#8221; max_width=&#8221;100%&#8221; custom_padding=&#8221;30px||30px||true|false&#8221; global_colors_info=&#8221;{}&#8221; theme_builder_area=&#8221;post_content&#8221;][et_pb_column type=&#8221;1_5&#8243; _builder_version=&#8221;4.21.0&#8243; _module_preset=&#8221;default&#8221; custom_css_main_element=&#8221;width: 15%!important;&#8221; global_colors_info=&#8221;{}&#8221; theme_builder_area=&#8221;post_content&#8221;][et_pb_text _builder_version=&#8221;4.21.0&#8243; _module_preset=&#8221;default&#8221; text_font_size=&#8221;8px&#8221; header_2_font=&#8221;Montserrat||||||||&#8221; header_2_font_size=&#8221;30px&#8221; background_color=&#8221;#F7C621&#8243; height=&#8221;265px&#8221; height_tablet=&#8221;350px&#8221; height_phone=&#8221;540px&#8221; height_last_edited=&#8221;on|phone&#8221; global_colors_info=&#8221;{}&#8221; theme_builder_area=&#8221;post_content&#8221;]<\/p>\n<p style=\"text-align: center;\">FRIDAY<\/p>\n<h2 style=\"text-align: center;\">2<\/h2>\n<p style=\"text-align: center;\">JUNE<\/p>\n<p>[\/et_pb_text][\/et_pb_column][et_pb_column type=&#8221;1_5&#8243; _builder_version=&#8221;4.21.0&#8243; _module_preset=&#8221;default&#8221; custom_css_main_element=&#8221;width: 10%!important;&#8221; global_colors_info=&#8221;{}&#8221; theme_builder_area=&#8221;post_content&#8221;][et_pb_icon font_icon=&#8221;&#x45;||divi||400&#8243; icon_color=&#8221;#D01622&#8243; icon_width=&#8221;40px&#8221; _builder_version=&#8221;4.21.0&#8243; _module_preset=&#8221;default&#8221; global_colors_info=&#8221;{}&#8221; theme_builder_area=&#8221;post_content&#8221;][\/et_pb_icon][\/et_pb_column][et_pb_column type=&#8221;3_5&#8243; _builder_version=&#8221;4.21.0&#8243; _module_preset=&#8221;default&#8221; custom_css_main_element=&#8221;width: 75%!important;&#8221; global_colors_info=&#8221;{}&#8221; theme_builder_area=&#8221;post_content&#8221;][et_pb_text _builder_version=&#8221;4.21.0&#8243; _module_preset=&#8221;default&#8221; width=&#8221;100%&#8221; max_width=&#8221;100%&#8221; custom_margin=&#8221;|-72px||||&#8221; global_colors_info=&#8221;{}&#8221; theme_builder_area=&#8221;post_content&#8221;]<\/p>\n<ul>\n<li><strong>7:00 PM<\/strong>: Tribute to the deceased Foguerers and Barraquers at Plaza de Espa\u00f1a, in front of the Monumento al Foguerer.<\/li>\n<li><strong>7:30 PM<\/strong>: <strong>Desfile del Preg\u00f3n (Preg\u00f3n Parade)<\/strong>. The route includes Calle de San Vicente, Rambla de M\u00e9ndez N\u00fa\u00f1ez, Rafael Altamira, and Plaza del Ayuntamiento.<\/li>\n<li><strong>9:00 PM<\/strong>: <strong>Preg\u00f3n oficial de fiestas (Official Opening Speech)<\/strong> from the balcony of the Ayuntamiento (Town Hall), marking the official start of the city&#8217;s festivities.<\/li>\n<li><strong>11:00 PM<\/strong>: Fiesta del Preg\u00f3n (Preg\u00f3n Party) and welcome to Hogueras 2023 in the Zona Volvo.<\/li>\n<\/ul>\n<p>[\/et_pb_text][\/et_pb_column][\/et_pb_row][et_pb_row column_structure=&#8221;1_5,1_5,3_5&#8243; use_custom_gutter=&#8221;on&#8221; gutter_width=&#8221;1&#8243; _builder_version=&#8221;4.21.0&#8243; _module_preset=&#8221;default&#8221; width=&#8221;100%&#8221; max_width=&#8221;100%&#8221; custom_padding=&#8221;30px||30px||true|false&#8221; global_colors_info=&#8221;{}&#8221; theme_builder_area=&#8221;post_content&#8221;][et_pb_column type=&#8221;1_5&#8243; _builder_version=&#8221;4.21.0&#8243; _module_preset=&#8221;default&#8221; custom_css_main_element=&#8221;width: 15%!important;&#8221; global_colors_info=&#8221;{}&#8221; theme_builder_area=&#8221;post_content&#8221;][et_pb_text _builder_version=&#8221;4.21.0&#8243; _module_preset=&#8221;default&#8221; text_font_size=&#8221;8px&#8221; header_2_font=&#8221;Montserrat||||||||&#8221; header_2_font_size=&#8221;30px&#8221; background_color=&#8221;#F7C621&#8243; height=&#8221;160px&#8221; global_colors_info=&#8221;{}&#8221; theme_builder_area=&#8221;post_content&#8221;]<\/p>\n<p style=\"text-align: center;\">SATURDAY<\/p>\n<h2 style=\"text-align: center;\">3<\/h2>\n<p style=\"text-align: center;\">JUNE<\/p>\n<p>[\/et_pb_text][\/et_pb_column][et_pb_column type=&#8221;1_5&#8243; _builder_version=&#8221;4.21.0&#8243; _module_preset=&#8221;default&#8221; custom_css_main_element=&#8221;width: 10%!important;&#8221; global_colors_info=&#8221;{}&#8221; theme_builder_area=&#8221;post_content&#8221;][et_pb_icon font_icon=&#8221;&#x45;||divi||400&#8243; icon_color=&#8221;#D01622&#8243; icon_width=&#8221;40px&#8221; _builder_version=&#8221;4.21.0&#8243; _module_preset=&#8221;default&#8221; global_colors_info=&#8221;{}&#8221; theme_builder_area=&#8221;post_content&#8221;][\/et_pb_icon][\/et_pb_column][et_pb_column type=&#8221;3_5&#8243; _builder_version=&#8221;4.21.0&#8243; _module_preset=&#8221;default&#8221; custom_css_main_element=&#8221;width: 75%!important;&#8221; global_colors_info=&#8221;{}&#8221; theme_builder_area=&#8221;post_content&#8221;][et_pb_text _builder_version=&#8221;4.21.0&#8243; _module_preset=&#8221;default&#8221; global_colors_info=&#8221;{}&#8221; theme_builder_area=&#8221;post_content&#8221;]<\/p>\n<ul>\n<li><strong>2:00 PM<\/strong>: <strong>Masclet\u00e1 365<\/strong> at the Rotonda of the Gran V\u00eda shopping center.<br \/>&#8216;P\u00f3lvora tot l\u2019any&#8217; Cycle (masclet\u00e1s in different neighborhoods of Alicante)<\/li>\n<\/ul>\n<p>[\/et_pb_text][\/et_pb_column][\/et_pb_row][et_pb_row column_structure=&#8221;1_5,1_5,3_5&#8243; use_custom_gutter=&#8221;on&#8221; gutter_width=&#8221;1&#8243; _builder_version=&#8221;4.21.0&#8243; _module_preset=&#8221;default&#8221; width=&#8221;100%&#8221; max_width=&#8221;100%&#8221; custom_padding=&#8221;30px||30px||true|false&#8221; global_colors_info=&#8221;{}&#8221; theme_builder_area=&#8221;post_content&#8221;][et_pb_column type=&#8221;1_5&#8243; _builder_version=&#8221;4.21.0&#8243; _module_preset=&#8221;default&#8221; custom_css_main_element=&#8221;width: 15%!important;&#8221; global_colors_info=&#8221;{}&#8221; theme_builder_area=&#8221;post_content&#8221;][et_pb_text _builder_version=&#8221;4.21.0&#8243; _module_preset=&#8221;default&#8221; text_font_size=&#8221;8px&#8221; header_2_font=&#8221;Montserrat||||||||&#8221; header_2_font_size=&#8221;30px&#8221; background_color=&#8221;#F7C621&#8243; global_colors_info=&#8221;{}&#8221; theme_builder_area=&#8221;post_content&#8221;]<\/p>\n<p style=\"text-align: center;\">SUNDAY<\/p>\n<h2 style=\"text-align: center;\">4<\/h2>\n<p style=\"text-align: center;\">JUNE<\/p>\n<p>[\/et_pb_text][\/et_pb_column][et_pb_column type=&#8221;1_5&#8243; _builder_version=&#8221;4.21.0&#8243; _module_preset=&#8221;default&#8221; custom_css_main_element=&#8221;width: 10%!important;&#8221; global_colors_info=&#8221;{}&#8221; theme_builder_area=&#8221;post_content&#8221;][et_pb_icon font_icon=&#8221;&#x45;||divi||400&#8243; icon_color=&#8221;#D01622&#8243; icon_width=&#8221;40px&#8221; _builder_version=&#8221;4.21.0&#8243; _module_preset=&#8221;default&#8221; global_colors_info=&#8221;{}&#8221; theme_builder_area=&#8221;post_content&#8221;][\/et_pb_icon][\/et_pb_column][et_pb_column type=&#8221;3_5&#8243; _builder_version=&#8221;4.21.0&#8243; _module_preset=&#8221;default&#8221; custom_css_main_element=&#8221;width: 75%!important;&#8221; global_colors_info=&#8221;{}&#8221; theme_builder_area=&#8221;post_content&#8221;][et_pb_text _builder_version=&#8221;4.21.0&#8243; _module_preset=&#8221;default&#8221; global_colors_info=&#8221;{}&#8221; theme_builder_area=&#8221;post_content&#8221;]<\/p>\n<ul>\n<li><strong>2:00 PM<\/strong>: <strong>Masclet\u00e1 365<\/strong> at the San Blas Industrial Park<\/li>\n<\/ul>\n<p>[\/et_pb_text][\/et_pb_column][\/et_pb_row][et_pb_row column_structure=&#8221;1_5,1_5,3_5&#8243; use_custom_gutter=&#8221;on&#8221; gutter_width=&#8221;1&#8243; _builder_version=&#8221;4.21.0&#8243; _module_preset=&#8221;default&#8221; width=&#8221;100%&#8221; max_width=&#8221;100%&#8221; custom_padding=&#8221;30px||30px||true|false&#8221; global_colors_info=&#8221;{}&#8221; theme_builder_area=&#8221;post_content&#8221;][et_pb_column type=&#8221;1_5&#8243; _builder_version=&#8221;4.21.0&#8243; _module_preset=&#8221;default&#8221; custom_css_main_element=&#8221;width: 15%!important;&#8221; global_colors_info=&#8221;{}&#8221; theme_builder_area=&#8221;post_content&#8221;][et_pb_text _builder_version=&#8221;4.21.0&#8243; _module_preset=&#8221;default&#8221; text_font_size=&#8221;8px&#8221; header_2_font=&#8221;Montserrat||||||||&#8221; header_2_font_size=&#8221;30px&#8221; background_color=&#8221;#F7C621&#8243; height=&#8221;160px&#8221; height_tablet=&#8221;230px&#8221; height_phone=&#8221;300px&#8221; height_last_edited=&#8221;on|phone&#8221; global_colors_info=&#8221;{}&#8221; theme_builder_area=&#8221;post_content&#8221;]<\/p>\n<p style=\"text-align: center;\">SATURDAY<\/p>\n<h2 style=\"text-align: center;\">10<\/h2>\n<p style=\"text-align: center;\">JUNE<\/p>\n<p>[\/et_pb_text][\/et_pb_column][et_pb_column type=&#8221;1_5&#8243; _builder_version=&#8221;4.21.0&#8243; _module_preset=&#8221;default&#8221; custom_css_main_element=&#8221;width: 10%!important;&#8221; global_colors_info=&#8221;{}&#8221; theme_builder_area=&#8221;post_content&#8221;][et_pb_icon font_icon=&#8221;&#x45;||divi||400&#8243; icon_color=&#8221;#D01622&#8243; icon_width=&#8221;40px&#8221; _builder_version=&#8221;4.21.0&#8243; _module_preset=&#8221;default&#8221; global_colors_info=&#8221;{}&#8221; theme_builder_area=&#8221;post_content&#8221;][\/et_pb_icon][\/et_pb_column][et_pb_column type=&#8221;3_5&#8243; _builder_version=&#8221;4.21.0&#8243; _module_preset=&#8221;default&#8221; custom_css_main_element=&#8221;width: 75%!important;&#8221; global_colors_info=&#8221;{}&#8221; theme_builder_area=&#8221;post_content&#8221;][et_pb_text _builder_version=&#8221;4.21.0&#8243; _module_preset=&#8221;default&#8221; global_colors_info=&#8221;{}&#8221; theme_builder_area=&#8221;post_content&#8221;]<\/p>\n<p><strong>2:00 PM<\/strong>: <strong>Masclet\u00e1 365<\/strong> at San Juan Beach (Playa de San Juan).<\/p>\n<p><strong>7:00 PM<\/strong>: <strong>Ninot Parade<\/strong>. The Fogueres commissions participate dressed up with symbolic themes related to their hogueras. Route: Alfonso el Sabio, Rambla de M\u00e9ndez N\u00fa\u00f1ez, Rafael Altamira, and Plaza del Ayuntamiento.<\/p>\n<p>[\/et_pb_text][\/et_pb_column][\/et_pb_row][et_pb_row column_structure=&#8221;1_5,1_5,3_5&#8243; use_custom_gutter=&#8221;on&#8221; gutter_width=&#8221;1&#8243; _builder_version=&#8221;4.21.0&#8243; _module_preset=&#8221;default&#8221; width=&#8221;100%&#8221; max_width=&#8221;100%&#8221; custom_padding=&#8221;30px||30px||true|false&#8221; global_colors_info=&#8221;{}&#8221; theme_builder_area=&#8221;post_content&#8221;][et_pb_column type=&#8221;1_5&#8243; _builder_version=&#8221;4.21.0&#8243; _module_preset=&#8221;default&#8221; custom_css_main_element=&#8221;width: 15%!important;&#8221; global_colors_info=&#8221;{}&#8221; theme_builder_area=&#8221;post_content&#8221;][et_pb_text _builder_version=&#8221;4.21.0&#8243; _module_preset=&#8221;default&#8221; text_font_size=&#8221;8px&#8221; header_2_font=&#8221;Montserrat||||||||&#8221; header_2_font_size=&#8221;30px&#8221; background_color=&#8221;#F7C621&#8243; global_colors_info=&#8221;{}&#8221; theme_builder_area=&#8221;post_content&#8221;]<\/p>\n<p style=\"text-align: center;\">SUNDAY<\/p>\n<h2 style=\"text-align: center;\">11<\/h2>\n<p style=\"text-align: center;\">JUNE<\/p>\n<p>[\/et_pb_text][\/et_pb_column][et_pb_column type=&#8221;1_5&#8243; _builder_version=&#8221;4.21.0&#8243; _module_preset=&#8221;default&#8221; custom_css_main_element=&#8221;width: 10%!important;&#8221; global_colors_info=&#8221;{}&#8221; theme_builder_area=&#8221;post_content&#8221;][et_pb_icon font_icon=&#8221;&#x45;||divi||400&#8243; icon_color=&#8221;#D01622&#8243; icon_width=&#8221;40px&#8221; _builder_version=&#8221;4.21.0&#8243; _module_preset=&#8221;default&#8221; global_colors_info=&#8221;{}&#8221; theme_builder_area=&#8221;post_content&#8221;][\/et_pb_icon][\/et_pb_column][et_pb_column type=&#8221;3_5&#8243; _builder_version=&#8221;4.21.0&#8243; _module_preset=&#8221;default&#8221; custom_css_main_element=&#8221;width: 75%!important;&#8221; global_colors_info=&#8221;{}&#8221; theme_builder_area=&#8221;post_content&#8221;][et_pb_text _builder_version=&#8221;4.21.0&#8243; _module_preset=&#8221;default&#8221; global_colors_info=&#8221;{}&#8221; theme_builder_area=&#8221;post_content&#8221;]<\/p>\n<ul>\n<li><strong>2:00 PM<\/strong>: <strong>Masclet\u00e1 365<\/strong> at Avenida de Loring.<\/li>\n<\/ul>\n<p>[\/et_pb_text][\/et_pb_column][\/et_pb_row][et_pb_row column_structure=&#8221;1_5,1_5,3_5&#8243; use_custom_gutter=&#8221;on&#8221; gutter_width=&#8221;1&#8243; _builder_version=&#8221;4.21.0&#8243; _module_preset=&#8221;default&#8221; width=&#8221;100%&#8221; max_width=&#8221;100%&#8221; custom_padding=&#8221;30px||30px||true|false&#8221; global_colors_info=&#8221;{}&#8221; theme_builder_area=&#8221;post_content&#8221;][et_pb_column type=&#8221;1_5&#8243; _builder_version=&#8221;4.21.0&#8243; _module_preset=&#8221;default&#8221; custom_css_main_element=&#8221;width: 15%!important;&#8221; global_colors_info=&#8221;{}&#8221; theme_builder_area=&#8221;post_content&#8221;][et_pb_text _builder_version=&#8221;4.21.0&#8243; _module_preset=&#8221;default&#8221; text_font_size=&#8221;8px&#8221; header_2_font=&#8221;Montserrat||||||||&#8221; header_2_font_size=&#8221;30px&#8221; background_color=&#8221;#F7C621&#8243; height=&#8221;160px&#8221; global_colors_info=&#8221;{}&#8221; theme_builder_area=&#8221;post_content&#8221;]<\/p>\n<p style=\"text-align: center;\">FRIDAY<\/p>\n<h2 style=\"text-align: center;\">16<\/h2>\n<p style=\"text-align: center;\">JUNE<\/p>\n<p>[\/et_pb_text][\/et_pb_column][et_pb_column type=&#8221;1_5&#8243; _builder_version=&#8221;4.21.0&#8243; _module_preset=&#8221;default&#8221; custom_css_main_element=&#8221;width: 10%!important;&#8221; global_colors_info=&#8221;{}&#8221; theme_builder_area=&#8221;post_content&#8221;][et_pb_icon font_icon=&#8221;&#x45;||divi||400&#8243; icon_color=&#8221;#D01622&#8243; icon_width=&#8221;40px&#8221; _builder_version=&#8221;4.21.0&#8243; _module_preset=&#8221;default&#8221; global_colors_info=&#8221;{}&#8221; theme_builder_area=&#8221;post_content&#8221;][\/et_pb_icon][\/et_pb_column][et_pb_column type=&#8221;3_5&#8243; _builder_version=&#8221;4.21.0&#8243; _module_preset=&#8221;default&#8221; custom_css_main_element=&#8221;width: 75%!important;&#8221; global_colors_info=&#8221;{}&#8221; theme_builder_area=&#8221;post_content&#8221;][et_pb_text _builder_version=&#8221;4.21.0&#8243; _module_preset=&#8221;default&#8221; global_colors_info=&#8221;{}&#8221; theme_builder_area=&#8221;post_content&#8221;]<\/p>\n<ul>\n<li>7<strong>:00 PM<\/strong>: <strong>Closure of the Ninot Exhibition<\/strong> at the former Fish Market (la antigua Lonja de Pescado) and vote counting to determine the Ninot Indultat (pardoned figurine).<\/li>\n<\/ul>\n<p>[\/et_pb_text][\/et_pb_column][\/et_pb_row][et_pb_row column_structure=&#8221;1_5,1_5,3_5&#8243; use_custom_gutter=&#8221;on&#8221; gutter_width=&#8221;1&#8243; _builder_version=&#8221;4.21.0&#8243; _module_preset=&#8221;default&#8221; width=&#8221;100%&#8221; max_width=&#8221;100%&#8221; custom_padding=&#8221;30px||30px||true|false&#8221; global_colors_info=&#8221;{}&#8221; theme_builder_area=&#8221;post_content&#8221;][et_pb_column type=&#8221;1_5&#8243; _builder_version=&#8221;4.21.0&#8243; _module_preset=&#8221;default&#8221; custom_css_main_element=&#8221;width: 15%!important;&#8221; global_colors_info=&#8221;{}&#8221; theme_builder_area=&#8221;post_content&#8221;][et_pb_text _builder_version=&#8221;4.21.0&#8243; _module_preset=&#8221;default&#8221; text_font_size=&#8221;8px&#8221; header_2_font=&#8221;Montserrat||||||||&#8221; header_2_font_size=&#8221;30px&#8221; background_color=&#8221;#F7C621&#8243; height=&#8221;130px&#8221; height_tablet=&#8221;190px&#8221; height_phone=&#8221;285px&#8221; height_last_edited=&#8221;on|phone&#8221; global_colors_info=&#8221;{}&#8221; theme_builder_area=&#8221;post_content&#8221;]<\/p>\n<p style=\"text-align: center;\">SATURDAY<\/p>\n<h2 style=\"text-align: center;\">17<\/h2>\n<p style=\"text-align: center;\">JUNE<\/p>\n<p>[\/et_pb_text][\/et_pb_column][et_pb_column type=&#8221;1_5&#8243; _builder_version=&#8221;4.21.0&#8243; _module_preset=&#8221;default&#8221; custom_css_main_element=&#8221;width: 10%!important;&#8221; global_colors_info=&#8221;{}&#8221; theme_builder_area=&#8221;post_content&#8221;][et_pb_icon font_icon=&#8221;&#x45;||divi||400&#8243; icon_color=&#8221;#D01622&#8243; icon_width=&#8221;40px&#8221; _builder_version=&#8221;4.21.0&#8243; _module_preset=&#8221;default&#8221; global_colors_info=&#8221;{}&#8221; theme_builder_area=&#8221;post_content&#8221;][\/et_pb_icon][\/et_pb_column][et_pb_column type=&#8221;3_5&#8243; _builder_version=&#8221;4.21.0&#8243; _module_preset=&#8221;default&#8221; custom_css_main_element=&#8221;width: 75%!important;&#8221; global_colors_info=&#8221;{}&#8221; theme_builder_area=&#8221;post_content&#8221;][et_pb_text _builder_version=&#8221;4.21.0&#8243; _module_preset=&#8221;default&#8221; global_colors_info=&#8221;{}&#8221; theme_builder_area=&#8221;post_content&#8221;]<\/p>\n<ul>\n<li><strong>2:00 PM<\/strong>: <strong>Concurso de Masclet\u00e1s <\/strong>(Masclet\u00e1 Contest) at Luceros.<\/li>\n<li><strong>6:30 PM<\/strong>: <strong>Entrada de Bandas y desfile de Comisiones<\/strong> (Band Entry and Commissions Parade) . Route: Plaza de los Luceros, Alfonso X El Sabio, Rambla de M\u00e9ndez N\u00fa\u00f1ez, Calle Altamira, and Plaza del Ayuntamiento.<\/li>\n<\/ul>\n<p>[\/et_pb_text][\/et_pb_column][\/et_pb_row][et_pb_row column_structure=&#8221;1_5,1_5,3_5&#8243; use_custom_gutter=&#8221;on&#8221; gutter_width=&#8221;1&#8243; _builder_version=&#8221;4.21.0&#8243; _module_preset=&#8221;default&#8221; width=&#8221;100%&#8221; max_width=&#8221;100%&#8221; custom_padding=&#8221;30px||30px||true|false&#8221; global_colors_info=&#8221;{}&#8221; theme_builder_area=&#8221;post_content&#8221;][et_pb_column type=&#8221;1_5&#8243; _builder_version=&#8221;4.21.0&#8243; _module_preset=&#8221;default&#8221; custom_css_main_element=&#8221;width: 15%!important;&#8221; global_colors_info=&#8221;{}&#8221; theme_builder_area=&#8221;post_content&#8221;][et_pb_text _builder_version=&#8221;4.21.0&#8243; _module_preset=&#8221;default&#8221; text_font_size=&#8221;8px&#8221; header_2_font=&#8221;Montserrat||||||||&#8221; header_2_font_size=&#8221;30px&#8221; background_color=&#8221;#F7C621&#8243; global_colors_info=&#8221;{}&#8221; theme_builder_area=&#8221;post_content&#8221;]<\/p>\n<p style=\"text-align: center;\">SUNDAY<\/p>\n<h2 style=\"text-align: center;\">18<\/h2>\n<p style=\"text-align: center;\">JUNE<\/p>\n<p>[\/et_pb_text][\/et_pb_column][et_pb_column type=&#8221;1_5&#8243; _builder_version=&#8221;4.21.0&#8243; _module_preset=&#8221;default&#8221; custom_css_main_element=&#8221;width: 10%!important;&#8221; global_colors_info=&#8221;{}&#8221; theme_builder_area=&#8221;post_content&#8221;][et_pb_icon font_icon=&#8221;&#x45;||divi||400&#8243; icon_color=&#8221;#D01622&#8243; icon_width=&#8221;40px&#8221; _builder_version=&#8221;4.21.0&#8243; _module_preset=&#8221;default&#8221; global_colors_info=&#8221;{}&#8221; theme_builder_area=&#8221;post_content&#8221;][\/et_pb_icon][\/et_pb_column][et_pb_column type=&#8221;3_5&#8243; _builder_version=&#8221;4.21.0&#8243; _module_preset=&#8221;default&#8221; custom_css_main_element=&#8221;width: 75%!important;&#8221; global_colors_info=&#8221;{}&#8221; theme_builder_area=&#8221;post_content&#8221;][et_pb_text _builder_version=&#8221;4.21.0&#8243; _module_preset=&#8221;default&#8221; global_colors_info=&#8221;{}&#8221; theme_builder_area=&#8221;post_content&#8221;]<\/p>\n<ul>\n<li><strong>2:00 PM<\/strong>: <strong>Concurso de Masclet\u00e1s <\/strong>(Masclet\u00e1 Contest) at Luceros.<\/li>\n<\/ul>\n<p>[\/et_pb_text][\/et_pb_column][\/et_pb_row][et_pb_row column_structure=&#8221;1_5,1_5,3_5&#8243; use_custom_gutter=&#8221;on&#8221; gutter_width=&#8221;1&#8243; _builder_version=&#8221;4.21.0&#8243; _module_preset=&#8221;default&#8221; width=&#8221;100%&#8221; max_width=&#8221;100%&#8221; custom_padding=&#8221;30px||30px||true|false&#8221; global_colors_info=&#8221;{}&#8221; theme_builder_area=&#8221;post_content&#8221;][et_pb_column type=&#8221;1_5&#8243; _builder_version=&#8221;4.21.0&#8243; _module_preset=&#8221;default&#8221; custom_css_main_element=&#8221;width: 15%!important;&#8221; global_colors_info=&#8221;{}&#8221; theme_builder_area=&#8221;post_content&#8221;][et_pb_text _builder_version=&#8221;4.21.0&#8243; _module_preset=&#8221;default&#8221; text_font_size=&#8221;8px&#8221; header_2_font=&#8221;Montserrat||||||||&#8221; header_2_font_size=&#8221;30px&#8221; background_color=&#8221;#F7C621&#8243; height=&#8221;150px&#8221; global_colors_info=&#8221;{}&#8221; theme_builder_area=&#8221;post_content&#8221;]<\/p>\n<p style=\"text-align: center;\">MONDAY<\/p>\n<h2 style=\"text-align: center;\">19<\/h2>\n<p style=\"text-align: center;\">JUNE<\/p>\n<p>[\/et_pb_text][\/et_pb_column][et_pb_column type=&#8221;1_5&#8243; _builder_version=&#8221;4.21.0&#8243; _module_preset=&#8221;default&#8221; custom_css_main_element=&#8221;width: 10%!important;&#8221; global_colors_info=&#8221;{}&#8221; theme_builder_area=&#8221;post_content&#8221;][et_pb_icon font_icon=&#8221;&#x45;||divi||400&#8243; icon_color=&#8221;#D01622&#8243; icon_width=&#8221;40px&#8221; _builder_version=&#8221;4.21.0&#8243; _module_preset=&#8221;default&#8221; global_colors_info=&#8221;{}&#8221; theme_builder_area=&#8221;post_content&#8221;][\/et_pb_icon][\/et_pb_column][et_pb_column type=&#8221;3_5&#8243; _builder_version=&#8221;4.21.0&#8243; _module_preset=&#8221;default&#8221; custom_css_main_element=&#8221;width: 75%!important;&#8221; global_colors_info=&#8221;{}&#8221; theme_builder_area=&#8221;post_content&#8221;][et_pb_text _builder_version=&#8221;4.21.0&#8243; _module_preset=&#8221;default&#8221; global_colors_info=&#8221;{}&#8221; theme_builder_area=&#8221;post_content&#8221;]<\/p>\n<ul>\n<li><strong>12:01 AM<\/strong>: Official Planting of Children&#8217;s Fogueres and Street Ninots.<\/li>\n<li><strong>2:00 PM<\/strong>:\u00a0<strong>Concurso de Masclet\u00e1s <\/strong>(Masclet\u00e1 Contest) at Luceros.<\/li>\n<\/ul>\n<p>[\/et_pb_text][\/et_pb_column][\/et_pb_row][et_pb_row column_structure=&#8221;1_5,1_5,3_5&#8243; use_custom_gutter=&#8221;on&#8221; gutter_width=&#8221;1&#8243; _builder_version=&#8221;4.21.0&#8243; _module_preset=&#8221;default&#8221; width=&#8221;100%&#8221; max_width=&#8221;100%&#8221; custom_padding=&#8221;30px||30px||true|false&#8221; global_colors_info=&#8221;{}&#8221; theme_builder_area=&#8221;post_content&#8221;][et_pb_column type=&#8221;1_5&#8243; _builder_version=&#8221;4.21.0&#8243; _module_preset=&#8221;default&#8221; custom_css_main_element=&#8221;width: 15%!important;&#8221; global_colors_info=&#8221;{}&#8221; theme_builder_area=&#8221;post_content&#8221;][et_pb_text _builder_version=&#8221;4.21.0&#8243; _module_preset=&#8221;default&#8221; text_font_size=&#8221;8px&#8221; header_2_font=&#8221;Montserrat||||||||&#8221; header_2_font_size=&#8221;30px&#8221; background_color=&#8221;#F7C621&#8243; height=&#8221;185px&#8221; height_tablet=&#8221;265px&#8221; height_phone=&#8221;415px&#8221; height_last_edited=&#8221;on|phone&#8221; global_colors_info=&#8221;{}&#8221; theme_builder_area=&#8221;post_content&#8221;]<\/p>\n<p style=\"text-align: center;\">TUESDAY<\/p>\n<h2 style=\"text-align: center;\">20<\/h2>\n<p style=\"text-align: center;\">JUNE<\/p>\n<p>[\/et_pb_text][\/et_pb_column][et_pb_column type=&#8221;1_5&#8243; _builder_version=&#8221;4.21.0&#8243; _module_preset=&#8221;default&#8221; custom_css_main_element=&#8221;width: 10%!important;&#8221; global_colors_info=&#8221;{}&#8221; theme_builder_area=&#8221;post_content&#8221;][et_pb_icon font_icon=&#8221;&#x45;||divi||400&#8243; icon_color=&#8221;#D01622&#8243; icon_width=&#8221;40px&#8221; _builder_version=&#8221;4.21.0&#8243; _module_preset=&#8221;default&#8221; global_colors_info=&#8221;{}&#8221; theme_builder_area=&#8221;post_content&#8221;][\/et_pb_icon][\/et_pb_column][et_pb_column type=&#8221;3_5&#8243; _builder_version=&#8221;4.21.0&#8243; _module_preset=&#8221;default&#8221; custom_css_main_element=&#8221;width: 75%!important;&#8221; global_colors_info=&#8221;{}&#8221; theme_builder_area=&#8221;post_content&#8221;][et_pb_text _builder_version=&#8221;4.21.0&#8243; _module_preset=&#8221;default&#8221; global_colors_info=&#8221;{}&#8221; theme_builder_area=&#8221;post_content&#8221;]<\/p>\n<ul>\n<li><strong>12:01 AM<\/strong>: <strong>Planting of Adult Hogueras and Barracas<\/strong>.<\/li>\n<li><strong>9:00 AM<\/strong>: <strong>Judges visit the children&#8217;s fogueres<\/strong>.<\/li>\n<li><strong>2:00 PM<\/strong>:\u00a0<strong>Concurso de Masclet\u00e1s <\/strong>(Masclet\u00e1 Contest) at Luceros.<\/li>\n<li><strong>5:00 PM<\/strong>: Announcement of awards for the children&#8217;s fogueres.<\/li>\n<li><strong>5:30 PM<\/strong>: Official visit to the winning children&#8217;s foguera.<\/li>\n<li><strong>10:00 PM<\/strong>: Inauguration of Barracas and Rac\u00f3s. &#8220;Coca amb tonyina i bacores&#8221; (traditional dish).<\/li>\n<\/ul>\n<p>[\/et_pb_text][\/et_pb_column][\/et_pb_row][et_pb_row column_structure=&#8221;1_5,1_5,3_5&#8243; use_custom_gutter=&#8221;on&#8221; gutter_width=&#8221;1&#8243; _builder_version=&#8221;4.21.0&#8243; _module_preset=&#8221;default&#8221; width=&#8221;100%&#8221; max_width=&#8221;100%&#8221; custom_padding=&#8221;30px||30px||true|false&#8221; global_colors_info=&#8221;{}&#8221; theme_builder_area=&#8221;post_content&#8221;][et_pb_column type=&#8221;1_5&#8243; _builder_version=&#8221;4.21.0&#8243; _module_preset=&#8221;default&#8221; custom_css_main_element=&#8221;width: 15%!important;&#8221; global_colors_info=&#8221;{}&#8221; theme_builder_area=&#8221;post_content&#8221;][et_pb_text _builder_version=&#8221;4.21.0&#8243; _module_preset=&#8221;default&#8221; text_font_size=&#8221;12px&#8221; header_2_font=&#8221;Montserrat||||||||&#8221; header_2_font_size=&#8221;30px&#8221; background_color=&#8221;#F7C621&#8243; height=&#8221;340px&#8221; height_tablet=&#8221;500px&#8221; height_phone=&#8221;700px&#8221; height_last_edited=&#8221;on|phone&#8221; text_font_size_tablet=&#8221;11px&#8221; text_font_size_phone=&#8221;8px&#8221; text_font_size_last_edited=&#8221;on|phone&#8221; global_colors_info=&#8221;{}&#8221; theme_builder_area=&#8221;post_content&#8221;]<\/p>\n<p style=\"text-align: center;\">WEDNESDAY<\/p>\n<h2 style=\"text-align: center;\">21<\/h2>\n<p style=\"text-align: center;\">JUNE<\/p>\n<p>[\/et_pb_text][\/et_pb_column][et_pb_column type=&#8221;1_5&#8243; _builder_version=&#8221;4.21.0&#8243; _module_preset=&#8221;default&#8221; custom_css_main_element=&#8221;width: 10%!important;&#8221; global_colors_info=&#8221;{}&#8221; theme_builder_area=&#8221;post_content&#8221;][et_pb_icon font_icon=&#8221;&#x45;||divi||400&#8243; icon_color=&#8221;#D01622&#8243; icon_width=&#8221;40px&#8221; _builder_version=&#8221;4.21.0&#8243; _module_preset=&#8221;default&#8221; global_colors_info=&#8221;{}&#8221; theme_builder_area=&#8221;post_content&#8221;][\/et_pb_icon][\/et_pb_column][et_pb_column type=&#8221;3_5&#8243; _builder_version=&#8221;4.21.0&#8243; _module_preset=&#8221;default&#8221; custom_css_main_element=&#8221;width: 75%!important;&#8221; global_colors_info=&#8221;{}&#8221; theme_builder_area=&#8221;post_content&#8221;][et_pb_text _builder_version=&#8221;4.21.0&#8243; _module_preset=&#8221;default&#8221; global_colors_info=&#8221;{}&#8221; theme_builder_area=&#8221;post_content&#8221;]<\/p>\n<ul>\n<li><strong>9:00 AM<\/strong>: Judges visit the fogueres, Barracas&#8217; entrance arches, and decorated streets.<\/li>\n<li><strong>12:00 PM<\/strong>: Tribute to Gabriel Mir\u00f3 at Gabriel Mir\u00f3 Square.<\/li>\n<li><strong>1:00 PM<\/strong>: Tribute to Jos\u00e9 M\u00aa Py on Jose M\u00aa Py Street.<\/li>\n<li><strong>2:00 PM<\/strong>:\u00a0<strong>Concurso de Masclet\u00e1s <\/strong>(Masclet\u00e1 Contest) at Luceros.<\/li>\n<li><strong>5:00 PM<\/strong>: Announcement of awards for the fogueres, Barracas&#8217; entrance arches, and decorated streets.<\/li>\n<li><strong>5:30 PM<\/strong>: Official visit to the winning foguera and Barraca.<\/li>\n<li><strong>6:30 PM<\/strong>: First Session of the <strong>Floral Offering (Ofrenda de Flores)<\/strong> to the Virgen del Remedio. Route: Alfonso El Sabio, Rambla de M\u00e9ndez N\u00fa\u00f1ez, San Jos\u00e9 Street, Concatedral, San Nicol\u00e1s, Rafael Altamira, Plaza del Ayuntamiento.<\/li>\n<li><strong>10:00 PM<\/strong>: Festivities and dances at Barracas and Rac\u00f3s.<\/li>\n<\/ul>\n<p>[\/et_pb_text][\/et_pb_column][\/et_pb_row][et_pb_row column_structure=&#8221;1_5,1_5,3_5&#8243; use_custom_gutter=&#8221;on&#8221; gutter_width=&#8221;1&#8243; _builder_version=&#8221;4.21.0&#8243; _module_preset=&#8221;default&#8221; width=&#8221;100%&#8221; max_width=&#8221;100%&#8221; custom_padding=&#8221;30px||30px||true|false&#8221; global_colors_info=&#8221;{}&#8221; theme_builder_area=&#8221;post_content&#8221;][et_pb_column type=&#8221;1_5&#8243; _builder_version=&#8221;4.21.0&#8243; _module_preset=&#8221;default&#8221; custom_css_main_element=&#8221;width: 15%!important;&#8221; global_colors_info=&#8221;{}&#8221; theme_builder_area=&#8221;post_content&#8221;][et_pb_text _builder_version=&#8221;4.21.0&#8243; _module_preset=&#8221;default&#8221; text_font_size=&#8221;8px&#8221; header_2_font=&#8221;Montserrat||||||||&#8221; header_2_font_size=&#8221;30px&#8221; background_color=&#8221;#F7C621&#8243; height=&#8221;205px&#8221; height_tablet=&#8221;251px&#8221; height_phone=&#8221;445px&#8221; height_last_edited=&#8221;on|phone&#8221; global_colors_info=&#8221;{}&#8221; theme_builder_area=&#8221;post_content&#8221;]<\/p>\n<p style=\"text-align: center;\">THURSDAY<\/p>\n<h2 style=\"text-align: center;\">22<\/h2>\n<p style=\"text-align: center;\">JUNE<\/p>\n<p>[\/et_pb_text][\/et_pb_column][et_pb_column type=&#8221;1_5&#8243; _builder_version=&#8221;4.21.0&#8243; _module_preset=&#8221;default&#8221; custom_css_main_element=&#8221;width: 10%!important;&#8221; global_colors_info=&#8221;{}&#8221; theme_builder_area=&#8221;post_content&#8221;][et_pb_icon font_icon=&#8221;&#x45;||divi||400&#8243; icon_color=&#8221;#D01622&#8243; icon_width=&#8221;40px&#8221; _builder_version=&#8221;4.21.0&#8243; _module_preset=&#8221;default&#8221; global_colors_info=&#8221;{}&#8221; theme_builder_area=&#8221;post_content&#8221;][\/et_pb_icon][\/et_pb_column][et_pb_column type=&#8221;3_5&#8243; _builder_version=&#8221;4.21.0&#8243; _module_preset=&#8221;default&#8221; custom_css_main_element=&#8221;width: 75%!important;&#8221; global_colors_info=&#8221;{}&#8221; theme_builder_area=&#8221;post_content&#8221;][et_pb_text _builder_version=&#8221;4.21.0&#8243; _module_preset=&#8221;default&#8221; global_colors_info=&#8221;{}&#8221; theme_builder_area=&#8221;post_content&#8221;]<\/p>\n<ul>\n<li><strong>11:00 AM<\/strong>: Parade for the award ceremony. Route: From Plaza del Ayuntamiento to the official stand on Rambla.<\/li>\n<li><strong>2:00 PM<\/strong>:\u00a0<strong>Concurso de Masclet\u00e1s <\/strong>(Masclet\u00e1 Contest) at Luceros.<\/li>\n<li><strong>6:30 PM<\/strong>: Second Session of the <strong>Floral Offering (Ofrenda de Flores)<\/strong>. Route: Alfonso El Sabio, Rambla de M\u00e9ndez N\u00fa\u00f1ez, San Jos\u00e9 Street, Concatedral, San Nicol\u00e1s, Rafael Altamira, Plaza del Ayuntamiento.<\/li>\n<li><strong>10:00 PM<\/strong>: Festivities and dances at Barracas and Rac\u00f3s.<\/li>\n<\/ul>\n<p>[\/et_pb_text][\/et_pb_column][\/et_pb_row][et_pb_row column_structure=&#8221;1_5,1_5,3_5&#8243; use_custom_gutter=&#8221;on&#8221; gutter_width=&#8221;1&#8243; _builder_version=&#8221;4.21.0&#8243; _module_preset=&#8221;default&#8221; width=&#8221;100%&#8221; max_width=&#8221;100%&#8221; custom_padding=&#8221;30px||30px||true|false&#8221; global_colors_info=&#8221;{}&#8221; theme_builder_area=&#8221;post_content&#8221;][et_pb_column type=&#8221;1_5&#8243; _builder_version=&#8221;4.21.0&#8243; _module_preset=&#8221;default&#8221; custom_css_main_element=&#8221;width: 15%!important;&#8221; global_colors_info=&#8221;{}&#8221; theme_builder_area=&#8221;post_content&#8221;][et_pb_text _builder_version=&#8221;4.21.0&#8243; _module_preset=&#8221;default&#8221; text_font_size=&#8221;8px&#8221; header_2_font=&#8221;Montserrat||||||||&#8221; header_2_font_size=&#8221;30px&#8221; background_color=&#8221;#F7C621&#8243; height=&#8221;260px&#8221; height_tablet=&#8221;340px&#8221; height_phone=&#8221;520px&#8221; height_last_edited=&#8221;on|phone&#8221; global_colors_info=&#8221;{}&#8221; theme_builder_area=&#8221;post_content&#8221;]<\/p>\n<p style=\"text-align: center;\">FRIDAY<\/p>\n<h2 style=\"text-align: center;\">23<\/h2>\n<p style=\"text-align: center;\">JUNE<\/p>\n<p>[\/et_pb_text][\/et_pb_column][et_pb_column type=&#8221;1_5&#8243; _builder_version=&#8221;4.21.0&#8243; _module_preset=&#8221;default&#8221; custom_css_main_element=&#8221;width: 10%!important;&#8221; global_colors_info=&#8221;{}&#8221; theme_builder_area=&#8221;post_content&#8221;][et_pb_icon font_icon=&#8221;&#x45;||divi||400&#8243; icon_color=&#8221;#D01622&#8243; icon_width=&#8221;40px&#8221; _builder_version=&#8221;4.21.0&#8243; _module_preset=&#8221;default&#8221; global_colors_info=&#8221;{}&#8221; theme_builder_area=&#8221;post_content&#8221;][\/et_pb_icon][\/et_pb_column][et_pb_column type=&#8221;3_5&#8243; _builder_version=&#8221;4.21.0&#8243; _module_preset=&#8221;default&#8221; custom_css_main_element=&#8221;width: 75%!important;&#8221; global_colors_info=&#8221;{}&#8221; theme_builder_area=&#8221;post_content&#8221;][et_pb_text _builder_version=&#8221;4.21.0&#8243; _module_preset=&#8221;default&#8221; global_colors_info=&#8221;{}&#8221; theme_builder_area=&#8221;post_content&#8221;]<\/p>\n<ul>\n<li><strong>1:00 PM<\/strong>: Award ceremony for the Floral Offering at Mercadito de Fogueres.<\/li>\n<li><strong>2:00 PM<\/strong>:\u00a0<strong>Concurso de Masclet\u00e1s <\/strong>(Masclet\u00e1 Contest) at Luceros.<\/li>\n<li><strong>7:00 PM<\/strong>: Alacant Dance around the Official Hoguera at Plaza del Ayuntamiento.<\/li>\n<li><strong>8:00 PM<\/strong>: <strong>65th International Folklore Parade<\/strong>. Showcasing the folklore and traditions of the Valencian Community, invited communities, and countries. Route: Alfonso El Sabio, Rambla de M\u00e9ndez N\u00fa\u00f1ez, Rafael Altamira, and Plaza del Ayuntamiento.<\/li>\n<li><strong>10:00 PM<\/strong>: Festivities and dances at Barracas and Rac\u00f3s.<\/li>\n<\/ul>\n<p>[\/et_pb_text][\/et_pb_column][\/et_pb_row][et_pb_row column_structure=&#8221;1_5,1_5,3_5&#8243; use_custom_gutter=&#8221;on&#8221; gutter_width=&#8221;1&#8243; _builder_version=&#8221;4.21.0&#8243; _module_preset=&#8221;default&#8221; width=&#8221;100%&#8221; max_width=&#8221;100%&#8221; custom_padding=&#8221;30px||30px||true|false&#8221; global_colors_info=&#8221;{}&#8221; theme_builder_area=&#8221;post_content&#8221;][et_pb_column type=&#8221;1_5&#8243; _builder_version=&#8221;4.21.0&#8243; _module_preset=&#8221;default&#8221; custom_css_main_element=&#8221;width: 15%!important;&#8221; global_colors_info=&#8221;{}&#8221; theme_builder_area=&#8221;post_content&#8221;][et_pb_text _builder_version=&#8221;4.21.0&#8243; _module_preset=&#8221;default&#8221; text_font_size=&#8221;8px&#8221; header_2_font=&#8221;Montserrat||||||||&#8221; header_2_font_size=&#8221;30px&#8221; background_color=&#8221;#F7C621&#8243; height=&#8221;235px&#8221; height_tablet=&#8221;300px&#8221; height_phone=&#8221;500px&#8221; height_last_edited=&#8221;on|phone&#8221; global_colors_info=&#8221;{}&#8221; theme_builder_area=&#8221;post_content&#8221;]<\/p>\n<p style=\"text-align: center;\">SATURDAY<\/p>\n<h2 style=\"text-align: center;\">24<\/h2>\n<p style=\"text-align: center;\">JUNE<\/p>\n<p>[\/et_pb_text][\/et_pb_column][et_pb_column type=&#8221;1_5&#8243; _builder_version=&#8221;4.21.0&#8243; _module_preset=&#8221;default&#8221; custom_css_main_element=&#8221;width: 10%!important;&#8221; global_colors_info=&#8221;{}&#8221; theme_builder_area=&#8221;post_content&#8221;][et_pb_icon font_icon=&#8221;&#x45;||divi||400&#8243; icon_color=&#8221;#D01622&#8243; icon_width=&#8221;40px&#8221; _builder_version=&#8221;4.21.0&#8243; _module_preset=&#8221;default&#8221; global_colors_info=&#8221;{}&#8221; theme_builder_area=&#8221;post_content&#8221;][\/et_pb_icon][\/et_pb_column][et_pb_column type=&#8221;3_5&#8243; _builder_version=&#8221;4.21.0&#8243; _module_preset=&#8221;default&#8221; custom_css_main_element=&#8221;width: 75%!important;&#8221; global_colors_info=&#8221;{}&#8221; theme_builder_area=&#8221;post_content&#8221;][et_pb_text _builder_version=&#8221;4.21.0&#8243; _module_preset=&#8221;default&#8221; global_colors_info=&#8221;{}&#8221; theme_builder_area=&#8221;post_content&#8221;]<\/p>\n<ul>\n<li><strong>2:00 PM<\/strong>:\u00a0<strong>Concurso de Masclet\u00e1s <\/strong>(Masclet\u00e1 Contest) at Luceros.<\/li>\n<li><strong>8:00 PM<\/strong>: Official Mass of Fogueres at the Co-Cathedral of San Nicol\u00e1s.<\/li>\n<li><strong>12:00 AM<\/strong>: Firing of the<strong> monumental &#8220;palmera&#8221;<\/strong> from the summit of Mount Benacantil (Castillo Santa Barbara) by Pirotecnia Hermanos Sirvent (consisting of 1200 rockets with a radius of 300 meters), followed by the burning of the Official Hoguera at Plaza del Ayuntamiento. Subsequently, the burning of the rest of the &#8220;fogueres&#8221; in each district of the city.<\/li>\n<\/ul>\n<p>[\/et_pb_text][\/et_pb_column][\/et_pb_row][et_pb_row column_structure=&#8221;1_5,1_5,3_5&#8243; use_custom_gutter=&#8221;on&#8221; gutter_width=&#8221;1&#8243; _builder_version=&#8221;4.21.0&#8243; _module_preset=&#8221;default&#8221; width=&#8221;100%&#8221; max_width=&#8221;100%&#8221; custom_padding=&#8221;30px||||false|false&#8221; global_colors_info=&#8221;{}&#8221; theme_builder_area=&#8221;post_content&#8221;][et_pb_column type=&#8221;1_5&#8243; _builder_version=&#8221;4.21.0&#8243; _module_preset=&#8221;default&#8221; custom_css_main_element=&#8221;width: 15%!important;&#8221; global_colors_info=&#8221;{}&#8221; theme_builder_area=&#8221;post_content&#8221;][et_pb_text _builder_version=&#8221;4.21.0&#8243; _module_preset=&#8221;default&#8221; text_font_size=&#8221;8px&#8221; header_2_font=&#8221;Montserrat||||||||&#8221; header_2_font_size=&#8221;23px&#8221; background_color=&#8221;#F7C621&#8243; global_colors_info=&#8221;{}&#8221; theme_builder_area=&#8221;post_content&#8221;]<\/p>\n<p style=\"text-align: center;\">FROM<\/p>\n<h2 style=\"text-align: center;\">25 &#8211; 29<\/h2>\n<p style=\"text-align: center;\">JUNE<\/p>\n<p>[\/et_pb_text][\/et_pb_column][et_pb_column type=&#8221;1_5&#8243; _builder_version=&#8221;4.21.0&#8243; _module_preset=&#8221;default&#8221; custom_css_main_element=&#8221;width: 10%!important;&#8221; global_colors_info=&#8221;{}&#8221; theme_builder_area=&#8221;post_content&#8221;][et_pb_icon font_icon=&#8221;&#x45;||divi||400&#8243; icon_color=&#8221;#D01622&#8243; icon_width=&#8221;40px&#8221; _builder_version=&#8221;4.21.0&#8243; _module_preset=&#8221;default&#8221; global_colors_info=&#8221;{}&#8221; theme_builder_area=&#8221;post_content&#8221;][\/et_pb_icon][\/et_pb_column][et_pb_column type=&#8221;3_5&#8243; _builder_version=&#8221;4.21.0&#8243; _module_preset=&#8221;default&#8221; custom_css_main_element=&#8221;width: 75%!important;&#8221; global_colors_info=&#8221;{}&#8221; theme_builder_area=&#8221;post_content&#8221;][et_pb_text _builder_version=&#8221;4.21.0&#8243; _module_preset=&#8221;default&#8221; global_colors_info=&#8221;{}&#8221; theme_builder_area=&#8221;post_content&#8221;]<\/p>\n<ul>\n<li><strong>12:00 AM<\/strong>: <strong>Fireworks Competition<\/strong> at Playa del Coc\u00f3.<\/li>\n<\/ul>\n<p>[\/et_pb_text][\/et_pb_column][\/et_pb_row][et_pb_row _builder_version=&#8221;4.21.0&#8243; _module_preset=&#8221;default&#8221; theme_builder_area=&#8221;post_content&#8221; width=&#8221;100%&#8221; custom_padding=&#8221;30px||||false|false&#8221; hover_enabled=&#8221;0&#8243; sticky_enabled=&#8221;0&#8243; module_id=&#8221;hogueras-map-2023&#8243;][et_pb_column _builder_version=&#8221;4.21.0&#8243; _module_preset=&#8221;default&#8221; type=&#8221;4_4&#8243; theme_builder_area=&#8221;post_content&#8221;][et_pb_text _builder_version=&#8221;4.21.0&#8243; _module_preset=&#8221;default&#8221; theme_builder_area=&#8221;post_content&#8221; hover_enabled=&#8221;0&#8243; sticky_enabled=&#8221;0&#8243; header_2_font_size=&#8221;35px&#8221; header_2_line_height=&#8221;1.2em&#8221; header_2_text_align=&#8221;center&#8221;]<\/p>\n<h2>Hogueras Map 2023<\/h2>\n<p>[\/et_pb_text][\/et_pb_column][\/et_pb_row][et_pb_row _builder_version=&#8221;4.21.0&#8243; _module_preset=&#8221;default&#8221; global_colors_info=&#8221;{}&#8221; theme_builder_area=&#8221;post_content&#8221;][et_pb_column type=&#8221;4_4&#8243; _builder_version=&#8221;4.21.0&#8243; _module_preset=&#8221;default&#8221; global_colors_info=&#8221;{}&#8221; theme_builder_area=&#8221;post_content&#8221;][et_pb_code _builder_version=&#8221;4.21.0&#8243; _module_preset=&#8221;default&#8221; custom_padding=&#8221;30px||||false|false&#8221; hover_enabled=&#8221;0&#8243; global_colors_info=&#8221;{}&#8221; theme_builder_area=&#8221;post_content&#8221; sticky_enabled=&#8221;0&#8243;]<iframe loading=\"lazy\" src=\"https:\/\/www.google.com\/maps\/d\/embed?mid=1CEgWkiQxHs5KZCw1iDKrksmYpD7NI10&#038;hl=es&#038;ehbc=2E312F\" width=\"800\" height=\"550\"><\/iframe>[\/et_pb_code][\/et_pb_column][\/et_pb_row][et_pb_row _builder_version=&#8221;4.19.3&#8243; _module_preset=&#8221;default&#8221; background_color=&#8221;#2f9a64&#8243; width=&#8221;100%&#8221; custom_margin=&#8221;2em||||false|false&#8221; custom_padding=&#8221;1em|1em|1em|1em|true|true&#8221; box_shadow_style=&#8221;preset4&#8243; box_shadow_color=&#8221;#f7c621&#8243; global_colors_info=&#8221;{}&#8221; theme_builder_area=&#8221;post_content&#8221;][et_pb_column type=&#8221;4_4&#8243; _builder_version=&#8221;4.17.4&#8243; _module_preset=&#8221;default&#8221; global_colors_info=&#8221;{}&#8221; theme_builder_area=&#8221;post_content&#8221;][et_pb_text _builder_version=&#8221;4.21.0&#8243; _module_preset=&#8221;default&#8221; text_text_color=&#8221;#FFFFFF&#8221; text_font_size_tablet=&#8221;&#8221; text_font_size_phone=&#8221;14px&#8221; text_font_size_last_edited=&#8221;on|phone&#8221; global_colors_info=&#8221;{}&#8221; theme_builder_area=&#8221;post_content&#8221;]<\/p>\n<p>The calendar of events for Hogueras 2023 in Alicante City offers a vibrant and diverse range of festivities and traditions. From the awe-inspiring Masclet\u00e1s and the lively parades to the enchanting Flower Offering and the captivating firework displays, there is something for everyone to enjoy. The schedule showcases the rich cultural heritage of Alicante, with homage paid to the Foguerers, the Ninots, and the patron saints. It culminates with the spectacular burning of the Hogueras and the breathtaking fireworks that illuminate the night sky. Join us in celebrating Hogueras 2023 and immerse yourself in the vibrant spirit of Alicante&#8217;s most cherished festival.<\/p>\n<p>[\/et_pb_text][\/et_pb_column][\/et_pb_row][\/et_pb_section]<\/p>\n","protected":false},"excerpt":{"rendered":"<p>Discover the exciting events of Hogueras 2023 in Alicante City. Plan your visit with the official calendar featuring spectacular masclet\u00e0s, parades, fireworks, and more. Immerse yourself in this traditional festival filled with music, art, and vibrant celebrations. Don&#8217;t miss out on the unforgettable experience! <\/p>","protected":false},"author":1,"featured_media":230143,"comment_status":"closed","ping_status":"open","sticky":false,"template":"","format":"standard","meta":{"_et_pb_use_builder":"on","_et_pb_old_content":"","_et_gb_content_width":"","footnotes":""},"categories":[74,1417,1324,26,1418],"tags":[2042,953,2095,2097,2096,2085,2098],"class_list":["post-230129","post","type-post","status-publish","format-standard","has-post-thumbnail","hentry","category-alicante","category-regional-festivals-spain","category-resources","category-spain","category-unique-festivals-spain","tag-alicante-city","tag-fireworks","tag-hogueras-2023","tag-mascletas","tag-official-calendar","tag-parades","tag-traditional-festival"],"yoast_head":"<!-- This site is optimized with the Yoast SEO plugin v27.4 - https:\/\/yoast.com\/product\/yoast-seo-wordpress\/ -->\n<title>Official Schedule of Events - Hogueras 2023 | Suitcase in SPAIN<\/title>\n<meta name=\"robots\" content=\"index, follow, max-snippet:-1, max-image-preview:large, max-video-preview:-1\" \/>\n<link rel=\"canonical\" href=\"https:\/\/suitcaseinspain.com\/es\/official-schedule-of-events-hogueras-2023\/\" \/>\n<meta property=\"og:locale\" content=\"es_ES\" \/>\n<meta property=\"og:type\" content=\"article\" \/>\n<meta property=\"og:title\" content=\"Official Schedule of Events - Hogueras 2023 | Suitcase in SPAIN\" \/>\n<meta property=\"og:description\" content=\"Discover the exciting events of Hogueras 2023 in Alicante City. Plan your visit with the official calendar featuring spectacular masclet\u00e0s, parades, fireworks, and more. Immerse yourself in this traditional festival filled with music, art, and vibrant celebrations. Don&#039;t miss out on the unforgettable experience!\" \/>\n<meta property=\"og:url\" content=\"https:\/\/suitcaseinspain.com\/es\/official-schedule-of-events-hogueras-2023\/\" \/>\n<meta property=\"og:site_name\" content=\"Suitcase in SPAIN\" \/>\n<meta property=\"article:publisher\" content=\"https:\/\/www.facebook.com\/suitcaseinspain\/\" \/>\n<meta property=\"article:published_time\" content=\"2023-05-28T15:58:28+00:00\" \/>\n<meta property=\"article:modified_time\" content=\"2023-10-09T21:55:06+00:00\" \/>\n<meta property=\"og:image\" content=\"https:\/\/suitcaseinspain.com\/wp-content\/uploads\/2023\/05\/La-Mascleta-at-Plaza-Luceros-Hogueras.jpg\" \/>\n\t<meta property=\"og:image:width\" content=\"1200\" \/>\n\t<meta property=\"og:image:height\" content=\"630\" \/>\n\t<meta property=\"og:image:type\" content=\"image\/jpeg\" \/>\n<meta name=\"author\" content=\"JC\" \/>\n<meta name=\"twitter:card\" content=\"summary_large_image\" \/>\n<meta name=\"twitter:label1\" content=\"Escrito por\" \/>\n\t<meta name=\"twitter:data1\" content=\"JC\" \/>\n\t<meta name=\"twitter:label2\" content=\"Tiempo de lectura\" \/>\n\t<meta name=\"twitter:data2\" content=\"22 minutos\" \/>\n<script type=\"application\/ld+json\" class=\"yoast-schema-graph\">{\"@context\":\"https:\\\/\\\/schema.org\",\"@graph\":[{\"@type\":\"Article\",\"@id\":\"https:\\\/\\\/suitcaseinspain.com\\\/official-schedule-of-events-hogueras-2023\\\/#article\",\"isPartOf\":{\"@id\":\"https:\\\/\\\/suitcaseinspain.com\\\/official-schedule-of-events-hogueras-2023\\\/\"},\"author\":{\"name\":\"JC\",\"@id\":\"https:\\\/\\\/suitcaseinspain.com\\\/#\\\/schema\\\/person\\\/e4dbdf08483aec7c999a57fe5c5ca10c\"},\"headline\":\"Official Schedule of Events &#8211; Hogueras 2023\",\"datePublished\":\"2023-05-28T15:58:28+00:00\",\"dateModified\":\"2023-10-09T21:55:06+00:00\",\"mainEntityOfPage\":{\"@id\":\"https:\\\/\\\/suitcaseinspain.com\\\/official-schedule-of-events-hogueras-2023\\\/\"},\"wordCount\":4481,\"publisher\":{\"@id\":\"https:\\\/\\\/suitcaseinspain.com\\\/#organization\"},\"image\":{\"@id\":\"https:\\\/\\\/suitcaseinspain.com\\\/official-schedule-of-events-hogueras-2023\\\/#primaryimage\"},\"thumbnailUrl\":\"https:\\\/\\\/suitcaseinspain.com\\\/wp-content\\\/uploads\\\/2023\\\/05\\\/La-Mascleta-at-Plaza-Luceros-Hogueras.jpg\",\"keywords\":[\"Alicante City\",\"fireworks\",\"Hogueras 2023\",\"masclet\u00e0s\",\"official calendar\",\"Parades\",\"traditional festival\"],\"articleSection\":[\"Alicante\",\"Regional Festivals\",\"Resources\",\"Spain\",\"Unique Festivals\"],\"inLanguage\":\"es\"},{\"@type\":\"WebPage\",\"@id\":\"https:\\\/\\\/suitcaseinspain.com\\\/official-schedule-of-events-hogueras-2023\\\/\",\"url\":\"https:\\\/\\\/suitcaseinspain.com\\\/official-schedule-of-events-hogueras-2023\\\/\",\"name\":\"Official Schedule of Events - Hogueras 2023 | Suitcase in SPAIN\",\"isPartOf\":{\"@id\":\"https:\\\/\\\/suitcaseinspain.com\\\/#website\"},\"primaryImageOfPage\":{\"@id\":\"https:\\\/\\\/suitcaseinspain.com\\\/official-schedule-of-events-hogueras-2023\\\/#primaryimage\"},\"image\":{\"@id\":\"https:\\\/\\\/suitcaseinspain.com\\\/official-schedule-of-events-hogueras-2023\\\/#primaryimage\"},\"thumbnailUrl\":\"https:\\\/\\\/suitcaseinspain.com\\\/wp-content\\\/uploads\\\/2023\\\/05\\\/La-Mascleta-at-Plaza-Luceros-Hogueras.jpg\",\"datePublished\":\"2023-05-28T15:58:28+00:00\",\"dateModified\":\"2023-10-09T21:55:06+00:00\",\"breadcrumb\":{\"@id\":\"https:\\\/\\\/suitcaseinspain.com\\\/official-schedule-of-events-hogueras-2023\\\/#breadcrumb\"},\"inLanguage\":\"es\",\"potentialAction\":[{\"@type\":\"ReadAction\",\"target\":[\"https:\\\/\\\/suitcaseinspain.com\\\/official-schedule-of-events-hogueras-2023\\\/\"]}]},{\"@type\":\"ImageObject\",\"inLanguage\":\"es\",\"@id\":\"https:\\\/\\\/suitcaseinspain.com\\\/official-schedule-of-events-hogueras-2023\\\/#primaryimage\",\"url\":\"https:\\\/\\\/suitcaseinspain.com\\\/wp-content\\\/uploads\\\/2023\\\/05\\\/La-Mascleta-at-Plaza-Luceros-Hogueras.jpg\",\"contentUrl\":\"https:\\\/\\\/suitcaseinspain.com\\\/wp-content\\\/uploads\\\/2023\\\/05\\\/La-Mascleta-at-Plaza-Luceros-Hogueras.jpg\",\"width\":1200,\"height\":630,\"caption\":\"La Mascleta at Plaza Luceros Hogueras Alicante City, Spain\"},{\"@type\":\"BreadcrumbList\",\"@id\":\"https:\\\/\\\/suitcaseinspain.com\\\/official-schedule-of-events-hogueras-2023\\\/#breadcrumb\",\"itemListElement\":[{\"@type\":\"ListItem\",\"position\":1,\"name\":\"Home\",\"item\":\"https:\\\/\\\/suitcaseinspain.com\\\/\"},{\"@type\":\"ListItem\",\"position\":2,\"name\":\"Official Schedule of Events &#8211; Hogueras 2023\"}]},{\"@type\":\"WebSite\",\"@id\":\"https:\\\/\\\/suitcaseinspain.com\\\/#website\",\"url\":\"https:\\\/\\\/suitcaseinspain.com\\\/\",\"name\":\"Suitcase in SPAIN\",\"description\":\"La Vida Loca in Spain\",\"publisher\":{\"@id\":\"https:\\\/\\\/suitcaseinspain.com\\\/#organization\"},\"potentialAction\":[{\"@type\":\"SearchAction\",\"target\":{\"@type\":\"EntryPoint\",\"urlTemplate\":\"https:\\\/\\\/suitcaseinspain.com\\\/?s={search_term_string}\"},\"query-input\":{\"@type\":\"PropertyValueSpecification\",\"valueRequired\":true,\"valueName\":\"search_term_string\"}}],\"inLanguage\":\"es\"},{\"@type\":\"Organization\",\"@id\":\"https:\\\/\\\/suitcaseinspain.com\\\/#organization\",\"name\":\"Suitcase in SPAIN\",\"url\":\"https:\\\/\\\/suitcaseinspain.com\\\/\",\"logo\":{\"@type\":\"ImageObject\",\"inLanguage\":\"es\",\"@id\":\"https:\\\/\\\/suitcaseinspain.com\\\/#\\\/schema\\\/logo\\\/image\\\/\",\"url\":\"https:\\\/\\\/suitcaseinspain.com\\\/wp-content\\\/uploads\\\/2022\\\/08\\\/Suitcase_in_Spain_Logo.jpg\",\"contentUrl\":\"https:\\\/\\\/suitcaseinspain.com\\\/wp-content\\\/uploads\\\/2022\\\/08\\\/Suitcase_in_Spain_Logo.jpg\",\"width\":1251,\"height\":1251,\"caption\":\"Suitcase in SPAIN\"},\"image\":{\"@id\":\"https:\\\/\\\/suitcaseinspain.com\\\/#\\\/schema\\\/logo\\\/image\\\/\"},\"sameAs\":[\"https:\\\/\\\/www.facebook.com\\\/suitcaseinspain\\\/\",\"https:\\\/\\\/www.instagram.com\\\/suitcaseinspain\\\/\",\"https:\\\/\\\/www.youtube.com\\\/@suitcaseinspain\"]},{\"@type\":\"Person\",\"@id\":\"https:\\\/\\\/suitcaseinspain.com\\\/#\\\/schema\\\/person\\\/e4dbdf08483aec7c999a57fe5c5ca10c\",\"name\":\"JC\",\"image\":{\"@type\":\"ImageObject\",\"inLanguage\":\"es\",\"@id\":\"https:\\\/\\\/secure.gravatar.com\\\/avatar\\\/21838357e1dda97dfa833deac8e4adce02bc41fe729bc4380ce6f9ed456e1b46?s=96&d=identicon&r=g\",\"url\":\"https:\\\/\\\/secure.gravatar.com\\\/avatar\\\/21838357e1dda97dfa833deac8e4adce02bc41fe729bc4380ce6f9ed456e1b46?s=96&d=identicon&r=g\",\"contentUrl\":\"https:\\\/\\\/secure.gravatar.com\\\/avatar\\\/21838357e1dda97dfa833deac8e4adce02bc41fe729bc4380ce6f9ed456e1b46?s=96&d=identicon&r=g\",\"caption\":\"JC\"},\"url\":\"https:\\\/\\\/suitcaseinspain.com\\\/es\\\/author\\\/leblj\\\/\"}]}<\/script>\n<!-- \/ Yoast SEO plugin. -->","yoast_head_json":{"title":"Official Schedule of Events - Hogueras 2023 | Suitcase in SPAIN","robots":{"index":"index","follow":"follow","max-snippet":"max-snippet:-1","max-image-preview":"max-image-preview:large","max-video-preview":"max-video-preview:-1"},"canonical":"https:\/\/suitcaseinspain.com\/es\/official-schedule-of-events-hogueras-2023\/","og_locale":"es_ES","og_type":"article","og_title":"Official Schedule of Events - Hogueras 2023 | Suitcase in SPAIN","og_description":"Discover the exciting events of Hogueras 2023 in Alicante City. Plan your visit with the official calendar featuring spectacular masclet\u00e0s, parades, fireworks, and more. Immerse yourself in this traditional festival filled with music, art, and vibrant celebrations. Don't miss out on the unforgettable experience!","og_url":"https:\/\/suitcaseinspain.com\/es\/official-schedule-of-events-hogueras-2023\/","og_site_name":"Suitcase in SPAIN","article_publisher":"https:\/\/www.facebook.com\/suitcaseinspain\/","article_published_time":"2023-05-28T15:58:28+00:00","article_modified_time":"2023-10-09T21:55:06+00:00","og_image":[{"width":1200,"height":630,"url":"https:\/\/suitcaseinspain.com\/wp-content\/uploads\/2023\/05\/La-Mascleta-at-Plaza-Luceros-Hogueras.jpg","type":"image\/jpeg"}],"author":"JC","twitter_card":"summary_large_image","twitter_misc":{"Escrito por":"JC","Tiempo de lectura":"22 minutos"},"schema":{"@context":"https:\/\/schema.org","@graph":[{"@type":"Article","@id":"https:\/\/suitcaseinspain.com\/official-schedule-of-events-hogueras-2023\/#article","isPartOf":{"@id":"https:\/\/suitcaseinspain.com\/official-schedule-of-events-hogueras-2023\/"},"author":{"name":"JC","@id":"https:\/\/suitcaseinspain.com\/#\/schema\/person\/e4dbdf08483aec7c999a57fe5c5ca10c"},"headline":"Official Schedule of Events &#8211; Hogueras 2023","datePublished":"2023-05-28T15:58:28+00:00","dateModified":"2023-10-09T21:55:06+00:00","mainEntityOfPage":{"@id":"https:\/\/suitcaseinspain.com\/official-schedule-of-events-hogueras-2023\/"},"wordCount":4481,"publisher":{"@id":"https:\/\/suitcaseinspain.com\/#organization"},"image":{"@id":"https:\/\/suitcaseinspain.com\/official-schedule-of-events-hogueras-2023\/#primaryimage"},"thumbnailUrl":"https:\/\/suitcaseinspain.com\/wp-content\/uploads\/2023\/05\/La-Mascleta-at-Plaza-Luceros-Hogueras.jpg","keywords":["Alicante City","fireworks","Hogueras 2023","masclet\u00e0s","official calendar","Parades","traditional festival"],"articleSection":["Alicante","Regional Festivals","Resources","Spain","Unique Festivals"],"inLanguage":"es"},{"@type":"WebPage","@id":"https:\/\/suitcaseinspain.com\/official-schedule-of-events-hogueras-2023\/","url":"https:\/\/suitcaseinspain.com\/official-schedule-of-events-hogueras-2023\/","name":"Official Schedule of Events - Hogueras 2023 | Suitcase in SPAIN","isPartOf":{"@id":"https:\/\/suitcaseinspain.com\/#website"},"primaryImageOfPage":{"@id":"https:\/\/suitcaseinspain.com\/official-schedule-of-events-hogueras-2023\/#primaryimage"},"image":{"@id":"https:\/\/suitcaseinspain.com\/official-schedule-of-events-hogueras-2023\/#primaryimage"},"thumbnailUrl":"https:\/\/suitcaseinspain.com\/wp-content\/uploads\/2023\/05\/La-Mascleta-at-Plaza-Luceros-Hogueras.jpg","datePublished":"2023-05-28T15:58:28+00:00","dateModified":"2023-10-09T21:55:06+00:00","breadcrumb":{"@id":"https:\/\/suitcaseinspain.com\/official-schedule-of-events-hogueras-2023\/#breadcrumb"},"inLanguage":"es","potentialAction":[{"@type":"ReadAction","target":["https:\/\/suitcaseinspain.com\/official-schedule-of-events-hogueras-2023\/"]}]},{"@type":"ImageObject","inLanguage":"es","@id":"https:\/\/suitcaseinspain.com\/official-schedule-of-events-hogueras-2023\/#primaryimage","url":"https:\/\/suitcaseinspain.com\/wp-content\/uploads\/2023\/05\/La-Mascleta-at-Plaza-Luceros-Hogueras.jpg","contentUrl":"https:\/\/suitcaseinspain.com\/wp-content\/uploads\/2023\/05\/La-Mascleta-at-Plaza-Luceros-Hogueras.jpg","width":1200,"height":630,"caption":"La Mascleta at Plaza Luceros Hogueras Alicante City, Spain"},{"@type":"BreadcrumbList","@id":"https:\/\/suitcaseinspain.com\/official-schedule-of-events-hogueras-2023\/#breadcrumb","itemListElement":[{"@type":"ListItem","position":1,"name":"Home","item":"https:\/\/suitcaseinspain.com\/"},{"@type":"ListItem","position":2,"name":"Official Schedule of Events &#8211; Hogueras 2023"}]},{"@type":"WebSite","@id":"https:\/\/suitcaseinspain.com\/#website","url":"https:\/\/suitcaseinspain.com\/","name":"Suitcase in SPAIN","description":"La Vida Loca in Spain","publisher":{"@id":"https:\/\/suitcaseinspain.com\/#organization"},"potentialAction":[{"@type":"SearchAction","target":{"@type":"EntryPoint","urlTemplate":"https:\/\/suitcaseinspain.com\/?s={search_term_string}"},"query-input":{"@type":"PropertyValueSpecification","valueRequired":true,"valueName":"search_term_string"}}],"inLanguage":"es"},{"@type":"Organization","@id":"https:\/\/suitcaseinspain.com\/#organization","name":"Suitcase in SPAIN","url":"https:\/\/suitcaseinspain.com\/","logo":{"@type":"ImageObject","inLanguage":"es","@id":"https:\/\/suitcaseinspain.com\/#\/schema\/logo\/image\/","url":"https:\/\/suitcaseinspain.com\/wp-content\/uploads\/2022\/08\/Suitcase_in_Spain_Logo.jpg","contentUrl":"https:\/\/suitcaseinspain.com\/wp-content\/uploads\/2022\/08\/Suitcase_in_Spain_Logo.jpg","width":1251,"height":1251,"caption":"Suitcase in SPAIN"},"image":{"@id":"https:\/\/suitcaseinspain.com\/#\/schema\/logo\/image\/"},"sameAs":["https:\/\/www.facebook.com\/suitcaseinspain\/","https:\/\/www.instagram.com\/suitcaseinspain\/","https:\/\/www.youtube.com\/@suitcaseinspain"]},{"@type":"Person","@id":"https:\/\/suitcaseinspain.com\/#\/schema\/person\/e4dbdf08483aec7c999a57fe5c5ca10c","name":"JC","image":{"@type":"ImageObject","inLanguage":"es","@id":"https:\/\/secure.gravatar.com\/avatar\/21838357e1dda97dfa833deac8e4adce02bc41fe729bc4380ce6f9ed456e1b46?s=96&d=identicon&r=g","url":"https:\/\/secure.gravatar.com\/avatar\/21838357e1dda97dfa833deac8e4adce02bc41fe729bc4380ce6f9ed456e1b46?s=96&d=identicon&r=g","contentUrl":"https:\/\/secure.gravatar.com\/avatar\/21838357e1dda97dfa833deac8e4adce02bc41fe729bc4380ce6f9ed456e1b46?s=96&d=identicon&r=g","caption":"JC"},"url":"https:\/\/suitcaseinspain.com\/es\/author\/leblj\/"}]}},"_links":{"self":[{"href":"https:\/\/suitcaseinspain.com\/es\/wp-json\/wp\/v2\/posts\/230129","targetHints":{"allow":["GET"]}}],"collection":[{"href":"https:\/\/suitcaseinspain.com\/es\/wp-json\/wp\/v2\/posts"}],"about":[{"href":"https:\/\/suitcaseinspain.com\/es\/wp-json\/wp\/v2\/types\/post"}],"author":[{"embeddable":true,"href":"https:\/\/suitcaseinspain.com\/es\/wp-json\/wp\/v2\/users\/1"}],"replies":[{"embeddable":true,"href":"https:\/\/suitcaseinspain.com\/es\/wp-json\/wp\/v2\/comments?post=230129"}],"version-history":[{"count":0,"href":"https:\/\/suitcaseinspain.com\/es\/wp-json\/wp\/v2\/posts\/230129\/revisions"}],"wp:featuredmedia":[{"embeddable":true,"href":"https:\/\/suitcaseinspain.com\/es\/wp-json\/wp\/v2\/media\/230143"}],"wp:attachment":[{"href":"https:\/\/suitcaseinspain.com\/es\/wp-json\/wp\/v2\/media?parent=230129"}],"wp:term":[{"taxonomy":"category","embeddable":true,"href":"https:\/\/suitcaseinspain.com\/es\/wp-json\/wp\/v2\/categories?post=230129"},{"taxonomy":"post_tag","embeddable":true,"href":"https:\/\/suitcaseinspain.com\/es\/wp-json\/wp\/v2\/tags?post=230129"}],"curies":[{"name":"wp","href":"https:\/\/api.w.org\/{rel}","templated":true}]}}