{"id":239839,"date":"2023-10-07T13:55:53","date_gmt":"2023-10-07T11:55:53","guid":{"rendered":"https:\/\/suitcaseinspain.com\/?p=239839"},"modified":"2023-10-09T07:39:01","modified_gmt":"2023-10-09T05:39:01","slug":"when-gastronomy-meets-art-la-macana-menjars-i-art","status":"publish","type":"post","link":"https:\/\/suitcaseinspain.com\/es\/when-gastronomy-meets-art-la-macana-menjars-i-art\/","title":{"rendered":"Cuando la Gastronom\u00eda se Encuentra con el Arte: La Ma\u00e7ana Menjars i Art"},"content":{"rendered":"<p>[et_pb_section fb_built=&#8221;1&#8243; _builder_version=&#8221;4.20.2&#8243; _module_preset=&#8221;default&#8221; da_disable_devices=&#8221;off|off|off&#8221; global_colors_info=&#8221;{}&#8221; da_is_popup=&#8221;off&#8221; da_exit_intent=&#8221;off&#8221; da_has_close=&#8221;on&#8221; da_alt_close=&#8221;off&#8221; da_dark_close=&#8221;off&#8221; da_not_modal=&#8221;on&#8221; da_is_singular=&#8221;off&#8221; da_with_loader=&#8221;off&#8221; da_has_shadow=&#8221;on&#8221;][et_pb_row _builder_version=&#8221;4.20.4&#8243; _module_preset=&#8221;default&#8221; width=&#8221;100%&#8221; custom_margin=&#8221;||1em||false|false&#8221; custom_padding=&#8221;0px||0px||true|false&#8221; locked=&#8221;off&#8221; global_colors_info=&#8221;{}&#8221;][et_pb_column type=&#8221;4_4&#8243; _builder_version=&#8221;4.19.4&#8243; _module_preset=&#8221;default&#8221; global_colors_info=&#8221;{}&#8221;][et_pb_text _builder_version=&#8221;4.22.2&#8243; _module_preset=&#8221;default&#8221; text_font_size=&#8221;14px&#8221; text_line_height=&#8221;1.4em&#8221; text_orientation=&#8221;right&#8221; global_colors_info=&#8221;{}&#8221;]<\/p>\n<p>Photo by \u00a9suitcaseinspain.<\/p>\n<p>[\/et_pb_text][et_pb_text _builder_version=&#8221;4.22.1&#8243; _module_preset=&#8221;default&#8221; text_font_size=&#8221;14px&#8221; locked=&#8221;off&#8221; global_colors_info=&#8221;{}&#8221;]<span>Change Language:<\/span> <span style=\"display: inline-block;\"><div class=\"trp_language_switcher_shortcode\">\n<div class=\"trp-language-switcher trp-language-switcher-container\" data-no-translation >\n    <div class=\"trp-ls-shortcode-current-language\">\n        <a href=\"#\" class=\"trp-ls-shortcode-disabled-language trp-ls-disabled-language\" title=\"Spanish\" onclick=\"event.preventDefault()\">\n\t\t\t ES\t\t<\/a>\n    <\/div>\n    <div class=\"trp-ls-shortcode-language\">\n                <a href=\"#\" class=\"trp-ls-shortcode-disabled-language trp-ls-disabled-language\"  title=\"Spanish\" onclick=\"event.preventDefault()\">\n\t\t\t ES\t\t<\/a>\n                    <a href=\"https:\/\/suitcaseinspain.com\/es\/wp-json\/wp\/v2\/posts\/239839#TRPLINKPROCESSED\" title=\"English\">\n             EN        <\/a>\n\n        <\/div>\n    <script type=\"application\/javascript\">\n        \/\/ need to have the same with set from JS on both divs. Otherwise it can push stuff around in HTML\n        var trp_ls_shortcodes = document.querySelectorAll('.trp_language_switcher_shortcode .trp-language-switcher');\n        if ( trp_ls_shortcodes.length > 0) {\n            \/\/ get the last language switcher added\n            var trp_el = trp_ls_shortcodes[trp_ls_shortcodes.length - 1];\n\n            var trp_shortcode_language_item = trp_el.querySelector( '.trp-ls-shortcode-language' )\n            \/\/ set width\n            var trp_ls_shortcode_width                                               = trp_shortcode_language_item.offsetWidth + 16;\n            trp_shortcode_language_item.style.width                                  = trp_ls_shortcode_width + 'px';\n            trp_el.querySelector( '.trp-ls-shortcode-current-language' ).style.width = trp_ls_shortcode_width + 'px';\n\n            \/\/ We're putting this on display: none after we have its width.\n            trp_shortcode_language_item.style.display = 'none';\n        }\n    <\/script>\n<\/div>\n<\/div><\/span>[\/et_pb_text][et_pb_code _builder_version=&#8221;4.22.1&#8243; _module_preset=&#8221;default&#8221; global_colors_info=&#8221;{}&#8221;]<\/p>\n<style><!-- [et_pb_line_break_holder] -->  .trp-ls-shortcode-current-language, .trp-ls-shortcode-language{<!-- [et_pb_line_break_holder] -->    padding: 0!important;<!-- [et_pb_line_break_holder] -->    border: 1px solid #4d4d4d!important;<!-- [et_pb_line_break_holder] -->  }<!-- [et_pb_line_break_holder] --><\/style>\n<p>[\/et_pb_code][\/et_pb_column][\/et_pb_row][et_pb_row _builder_version=&#8221;4.20.2&#8243; _module_preset=&#8221;default&#8221; width=&#8221;100%&#8221; global_colors_info=&#8221;{}&#8221;][et_pb_column type=&#8221;4_4&#8243; _builder_version=&#8221;4.20.2&#8243; _module_preset=&#8221;default&#8221; global_colors_info=&#8221;{}&#8221;][et_pb_text _builder_version=&#8221;4.22.2&#8243; _module_preset=&#8221;default&#8221; header_3_line_height=&#8221;1.2em&#8221; global_colors_info=&#8221;{}&#8221;]<\/p>\n<p>In the realm of culinary creativity, where flavors become a canvas and ingredients transform into brushes, <a href=\"http:\/\/www.restaurantemacana.es\/\" target=\"_blank\" rel=\"noopener\">La Ma\u00e7ana Menjars i Art<\/a> stands as a testament to the seamless blend of gastronomy and artistry. This hidden gem, nestled in Alicante, Spain, isn&#8217;t merely a restaurant; it&#8217;s a vibrant tapestry where every dish is a work of art, and every bite tells a story. La Ma\u00e7ana is a place where the love for food merges elegantly with the love for art, creating an immersive experience for all senses. Join us on a journey through this extraordinary fusion of flavors and aesthetics, where each visit is an artistic revelation.<\/p>\n<p>[\/et_pb_text][\/et_pb_column][\/et_pb_row][et_pb_row _builder_version=&#8221;4.20.2&#8243; _module_preset=&#8221;default&#8221; width=&#8221;100%&#8221; custom_margin=&#8221;||||false|false&#8221; custom_padding=&#8221;30px||30px||true|false&#8221; global_colors_info=&#8221;{}&#8221;][et_pb_column type=&#8221;4_4&#8243; _builder_version=&#8221;4.20.2&#8243; _module_preset=&#8221;default&#8221; global_colors_info=&#8221;{}&#8221;][et_pb_text admin_label=&#8221;TOC&#8221; _builder_version=&#8221;4.17.4&#8243; _module_preset=&#8221;default&#8221; custom_css_main_element=&#8221;text-align: -webkit-center!important;&#8221; global_colors_info=&#8221;{}&#8221;]<div id=\"ez-toc-container\" class=\"ez-toc-v2_0_82_2 ez-toc-wrap-center counter-hierarchy ez-toc-counter ez-toc-custom ez-toc-container-direction\">\n<p class=\"ez-toc-title\" style=\"cursor:inherit\">Table of Contents<\/p>\n<label for=\"ez-toc-cssicon-toggle-item-69f4ff92d13ab\" class=\"ez-toc-cssicon-toggle-label\"><span class=\"ez-toc-cssicon\"><span class=\"eztoc-hide\" style=\"display:none;\">Toggle<\/span><span class=\"ez-toc-icon-toggle-span\"><svg style=\"fill: #ffffff;color:#ffffff\" xmlns=\"http:\/\/www.w3.org\/2000\/svg\" class=\"list-377408\" width=\"20px\" height=\"20px\" viewBox=\"0 0 24 24\" fill=\"none\"><path d=\"M6 6H4v2h2V6zm14 0H8v2h12V6zM4 11h2v2H4v-2zm16 0H8v2h12v-2zM4 16h2v2H4v-2zm16 0H8v2h12v-2z\" fill=\"currentColor\"><\/path><\/svg><svg style=\"fill: #ffffff;color:#ffffff\" class=\"arrow-unsorted-368013\" xmlns=\"http:\/\/www.w3.org\/2000\/svg\" width=\"10px\" height=\"10px\" viewBox=\"0 0 24 24\" version=\"1.2\" baseProfile=\"tiny\"><path d=\"M18.2 9.3l-6.2-6.3-6.2 6.3c-.2.2-.3.4-.3.7s.1.5.3.7c.2.2.4.3.7.3h11c.3 0 .5-.1.7-.3.2-.2.3-.5.3-.7s-.1-.5-.3-.7zM5.8 14.7l6.2 6.3 6.2-6.3c.2-.2.3-.5.3-.7s-.1-.5-.3-.7c-.2-.2-.4-.3-.7-.3h-11c-.3 0-.5.1-.7.3-.2.2-.3.5-.3.7s.1.5.3.7z\"\/><\/svg><\/span><\/span><\/label><input type=\"checkbox\"  id=\"ez-toc-cssicon-toggle-item-69f4ff92d13ab\" checked aria-label=\"Alternar\" \/><nav><ul class='ez-toc-list ez-toc-list-level-1 ' ><li class='ez-toc-page-1 ez-toc-heading-level-2'><a class=\"ez-toc-link ez-toc-heading-1\" href=\"https:\/\/suitcaseinspain.com\/es\/when-gastronomy-meets-art-la-macana-menjars-i-art\/#Where_Culinary_Art_Meets_Sculptural_Imagination\" >Where Culinary Art Meets Sculptural Imagination<\/a><\/li><li class='ez-toc-page-1 ez-toc-heading-level-2'><a class=\"ez-toc-link ez-toc-heading-2\" href=\"https:\/\/suitcaseinspain.com\/es\/when-gastronomy-meets-art-la-macana-menjars-i-art\/#Artistic_Journey_and_Materials\" >Artistic Journey and Materials<\/a><\/li><li class='ez-toc-page-1 ez-toc-heading-level-2'><a class=\"ez-toc-link ez-toc-heading-3\" href=\"https:\/\/suitcaseinspain.com\/es\/when-gastronomy-meets-art-la-macana-menjars-i-art\/#Recycled_Materials\" >Recycled Materials<\/a><\/li><li class='ez-toc-page-1 ez-toc-heading-level-2'><a class=\"ez-toc-link ez-toc-heading-4\" href=\"https:\/\/suitcaseinspain.com\/es\/when-gastronomy-meets-art-la-macana-menjars-i-art\/#The_Tale_of_the_Bar_Counter_Top\" >The Tale of the Bar Counter Top<\/a><\/li><li class='ez-toc-page-1 ez-toc-heading-level-2'><a class=\"ez-toc-link ez-toc-heading-5\" href=\"https:\/\/suitcaseinspain.com\/es\/when-gastronomy-meets-art-la-macana-menjars-i-art\/#Favorite_Pieces_and_Their_Stories\" >Favorite Pieces and Their Stories<\/a><\/li><li class='ez-toc-page-1 ez-toc-heading-level-2'><a class=\"ez-toc-link ez-toc-heading-6\" href=\"https:\/\/suitcaseinspain.com\/es\/when-gastronomy-meets-art-la-macana-menjars-i-art\/#The_Future_of_Art_at_La_Macana\" >The Future of Art at La Ma\u00e7ana<\/a><\/li><li class='ez-toc-page-1 ez-toc-heading-level-2'><a class=\"ez-toc-link ez-toc-heading-7\" href=\"https:\/\/suitcaseinspain.com\/es\/when-gastronomy-meets-art-la-macana-menjars-i-art\/#Family_the_Heartbeat_of_La_Macana\" >Family, the Heartbeat of La Ma\u00e7ana<\/a><\/li><\/ul><\/nav><\/div>\n[\/et_pb_text][\/et_pb_column][\/et_pb_row][et_pb_row _builder_version=&#8221;4.21.0&#8243; _module_preset=&#8221;default&#8221; width=&#8221;100%&#8221; custom_padding=&#8221;20px||||false|false&#8221; global_colors_info=&#8221;{}&#8221;][et_pb_column type=&#8221;4_4&#8243; _builder_version=&#8221;4.21.0&#8243; _module_preset=&#8221;default&#8221; global_colors_info=&#8221;{}&#8221;][et_pb_text _builder_version=&#8221;4.22.2&#8243; _module_preset=&#8221;default&#8221; header_2_font_size=&#8221;35px&#8221; header_2_line_height=&#8221;1.2em&#8221; header_3_font_size=&#8221;30px&#8221; header_3_line_height=&#8221;1.2em&#8221; global_colors_info=&#8221;{}&#8221;]<\/p>\n<h2><span class=\"ez-toc-section\" id=\"Where_Culinary_Art_Meets_Sculptural_Imagination\"><\/span>Where Culinary Art Meets Sculptural Imagination<span class=\"ez-toc-section-end\"><\/span><\/h2>\n<p>La Ma\u00e7ana Menjars i Art is not just a restaurant; it&#8217;s a symphony of culinary delight and artistic wonders, a place where passion and dedication have brought dreams to life. Established in October 1997, it all began as a restoration project, a dream nurtured and realized by the founders and the diligent staff.[\/et_pb_text][et_pb_image src=&#8221;https:\/\/suitcaseinspain.com\/wp-content\/uploads\/2023\/10\/front-entrance-to-La-Macana.jpg&#8221; alt=&#8221;front entrance to La Macana&#8221; title_text=&#8221;front entrance to La Macana&#8221; _builder_version=&#8221;4.22.2&#8243; _module_preset=&#8221;default&#8221; global_colors_info=&#8221;{}&#8221;][\/et_pb_image][\/et_pb_column][\/et_pb_row][et_pb_row _builder_version=&#8221;4.22.2&#8243; _module_preset=&#8221;default&#8221; width=&#8221;100%&#8221; custom_padding=&#8221;20px||||false|false&#8221; global_colors_info=&#8221;{}&#8221;][et_pb_column type=&#8221;4_4&#8243; _builder_version=&#8221;4.22.2&#8243; _module_preset=&#8221;default&#8221; global_colors_info=&#8221;{}&#8221;][et_pb_text _builder_version=&#8221;4.22.2&#8243; _module_preset=&#8221;default&#8221; text_font_size=&#8221;14px&#8221; text_line_height=&#8221;1.4em&#8221; text_orientation=&#8221;right&#8221; custom_margin=&#8221;||-2px|||&#8221; global_colors_info=&#8221;{}&#8221;]Front entrance. You will see metal sculptures scattered on the roof.<\/p>\n<p>Photo by \u00a9suitcaseinspain.[\/et_pb_text][\/et_pb_column][\/et_pb_row][et_pb_row column_structure=&#8221;1_2,1_2&#8243; _builder_version=&#8221;4.22.2&#8243; _module_preset=&#8221;default&#8221; width=&#8221;100%&#8221; custom_padding=&#8221;20px||||false|false&#8221; global_colors_info=&#8221;{}&#8221;][et_pb_column type=&#8221;1_2&#8243; _builder_version=&#8221;4.22.2&#8243; _module_preset=&#8221;default&#8221; global_colors_info=&#8221;{}&#8221;][et_pb_image src=&#8221;https:\/\/suitcaseinspain.com\/wp-content\/uploads\/2023\/10\/fish-inside-the-restaurant.jpg&#8221; title_text=&#8221;fish inside the restaurant&#8221; _builder_version=&#8221;4.22.2&#8243; _module_preset=&#8221;default&#8221; global_colors_info=&#8221;{}&#8221;][\/et_pb_image][\/et_pb_column][et_pb_column type=&#8221;1_2&#8243; _builder_version=&#8221;4.22.2&#8243; _module_preset=&#8221;default&#8221; global_colors_info=&#8221;{}&#8221;][et_pb_image src=&#8221;https:\/\/suitcaseinspain.com\/wp-content\/uploads\/2023\/10\/Reloj-biologico-.jpg&#8221; alt=&#8221;Biological Clock %22Reloj biol\u00f3gico %22&#8243; title_text=&#8221;Reloj biol\u00f3gico&#8221; _builder_version=&#8221;4.22.2&#8243; _module_preset=&#8221;default&#8221; global_colors_info=&#8221;{}&#8221;][\/et_pb_image][\/et_pb_column][\/et_pb_row][et_pb_row _builder_version=&#8221;4.21.0&#8243; _module_preset=&#8221;default&#8221; width=&#8221;100%&#8221; custom_padding=&#8221;20px||||false|false&#8221; global_colors_info=&#8221;{}&#8221;][et_pb_column type=&#8221;4_4&#8243; _builder_version=&#8221;4.21.0&#8243; _module_preset=&#8221;default&#8221; global_colors_info=&#8221;{}&#8221;][et_pb_text _builder_version=&#8221;4.22.2&#8243; _module_preset=&#8221;default&#8221; text_font_size=&#8221;14px&#8221; text_line_height=&#8221;1.4em&#8221; text_orientation=&#8221;right&#8221; global_colors_info=&#8221;{}&#8221;]<\/p>\n<p>Some of the art inside the restaurant. The one on the right is called &#8220;Reloj biol\u00f3gico&#8221; (Biological Clock). Crafted using resin and silica sand mortars, on a base of esparto grass.<\/p>\n<p>Photo by \u00a9suitcaseinspain.<\/p>\n<p>[\/et_pb_text][et_pb_divider color=&#8221;#F7C621&#8243; divider_position=&#8221;center&#8221; divider_weight=&#8221;2px&#8221; _builder_version=&#8221;4.22.2&#8243; _module_preset=&#8221;default&#8221; max_width=&#8221;35%&#8221; global_colors_info=&#8221;{}&#8221;][\/et_pb_divider][et_pb_text _builder_version=&#8221;4.22.2&#8243; _module_preset=&#8221;default&#8221; header_2_font_size=&#8221;35px&#8221; header_2_line_height=&#8221;1.2em&#8221; header_3_font_size=&#8221;30px&#8221; header_3_line_height=&#8221;1.2em&#8221; global_colors_info=&#8221;{}&#8221;]<\/p>\n<h2><span class=\"ez-toc-section\" id=\"Artistic_Journey_and_Materials\"><\/span>Artistic Journey and Materials<span class=\"ez-toc-section-end\"><\/span><\/h2>\n<p>The artistic journey for Francisco Jose Espla Tarrega, the creative force behind La Ma\u00e7ana, commenced with the construction of the Postiguet house and collaboration with renowned artists like Fran Espl\u00e1 and Santiago Alzamora. Francisco&#8217;s sculptures come to life through a fusion of silica sand mortars and resin, adorned with acrylic paints and recycled glass chips from various sources like wine and beer bottles, as well as broken glasses found in his restaurant.[\/et_pb_text][et_pb_image src=&#8221;https:\/\/suitcaseinspain.com\/wp-content\/uploads\/2023\/10\/Casa-de-Pescado-Alicante-Spain.jpg&#8221; alt=&#8221;Casa de Pescado, Alicante, Spain&#8221; title_text=&#8221;Casa de Pescado, Alicante, Spain&#8221; _builder_version=&#8221;4.22.2&#8243; _module_preset=&#8221;default&#8221; global_colors_info=&#8221;{}&#8221;][\/et_pb_image][et_pb_text _builder_version=&#8221;4.22.2&#8243; _module_preset=&#8221;default&#8221; text_font_size=&#8221;14px&#8221; text_line_height=&#8221;1.4em&#8221; text_orientation=&#8221;right&#8221; global_colors_info=&#8221;{}&#8221;]<\/p>\n<p>Street views of the Casa de Pescado\/Casa de Postiguet.<\/p>\n<p>Photo by \u00a9suitcaseinspain.<\/p>\n<p>[\/et_pb_text][et_pb_divider color=&#8221;#F7C621&#8243; divider_position=&#8221;center&#8221; divider_weight=&#8221;2px&#8221; _builder_version=&#8221;4.22.2&#8243; _module_preset=&#8221;default&#8221; max_width=&#8221;35%&#8221; global_colors_info=&#8221;{}&#8221;][\/et_pb_divider][et_pb_text _builder_version=&#8221;4.22.2&#8243; _module_preset=&#8221;default&#8221; header_2_font_size=&#8221;35px&#8221; global_colors_info=&#8221;{}&#8221;]<\/p>\n<h2><span class=\"ez-toc-section\" id=\"Recycled_Materials\"><\/span>Recycled Materials<span class=\"ez-toc-section-end\"><\/span><\/h2>\n<p>Francisco&#8217;s dedication to sustainability extends to his choice of materials. The Francisco&#8217;s dedication to sustainability and environmental consciousness is deeply ingrained in his artistic vision. This commitment manifests in his thoughtful selection of materials, especially in his choice to utilize recycled items. At La Ma\u00e7ana Menjars i Art, sustainability isn&#8217;t just a word; it&#8217;s a guiding principle.<\/p>\n<p>Within the walls of the restaurant, a transformation takes place. Empty wine and beer bottles, along with non-returnable glasses that once graced the tables, find new purpose beyond their initial use. Rather than discarding these items, they are meticulously collected and repurposed, becoming integral components of Francisco&#8217;s sculptural artwork.<\/p>\n<p>In the hands of this skilled artist, these recycled materials cease to be mere waste and are reborn as captivating sculptures. Each piece crafted from recycled materials carries with it a profound message\u2014of resourcefulness, renewal, and a commitment to reduce environmental impact.<\/p>\n<p>Beyond being eco-friendly, the use of recycled materials intertwines with the essence of La Ma\u00e7ana. Every sculpture embodies a part of the restaurant&#8217;s story\u2014a unique blend of artistic expression and sustainability. It&#8217;s a harmonious fusion that resonates with patrons, showcasing how creativity and environmental responsibility can beautifully coexist.<\/p>\n<p>Through this innovative approach to artistry, La Ma\u00e7ana Menjars i Art invites patrons to contemplate the potential within everyday items, to see the beauty in repurposing, and to embrace a sustainable mindset. Each recycled sculpture not only enriches the artistic ambiance of the restaurant but also serves as a testament to the power of creativity and conscious choices in building a better, more sustainable world.[\/et_pb_text][\/et_pb_column][\/et_pb_row][et_pb_row column_structure=&#8221;1_2,1_2&#8243; disabled_on=&#8221;on|on|on&#8221; _builder_version=&#8221;4.22.2&#8243; _module_preset=&#8221;default&#8221; width=&#8221;100%&#8221; custom_padding=&#8221;20px||||false|false&#8221; disabled=&#8221;on&#8221; global_colors_info=&#8221;{}&#8221;][et_pb_column type=&#8221;1_2&#8243; _builder_version=&#8221;4.22.2&#8243; _module_preset=&#8221;default&#8221; global_colors_info=&#8221;{}&#8221;][et_pb_image src=&#8221;https:\/\/suitcaseinspain.com\/wp-content\/uploads\/2023\/10\/about-San-Donisio.jpg&#8221; title_text=&#8221;about San Donisio&#8221; _builder_version=&#8221;4.22.2&#8243; _module_preset=&#8221;default&#8221; global_colors_info=&#8221;{}&#8221;][\/et_pb_image][\/et_pb_column][et_pb_column type=&#8221;1_2&#8243; _builder_version=&#8221;4.22.2&#8243; _module_preset=&#8221;default&#8221; global_colors_info=&#8221;{}&#8221;][et_pb_image src=&#8221;https:\/\/suitcaseinspain.com\/wp-content\/uploads\/2023\/10\/horseshoe-shaped-bread-and-assorted-marzipan.jpg&#8221; title_text=&#8221;horseshoe shaped bread and assorted marzipan&#8221; _builder_version=&#8221;4.22.2&#8243; _module_preset=&#8221;default&#8221; global_colors_info=&#8221;{}&#8221;][\/et_pb_image][\/et_pb_column][\/et_pb_row][et_pb_row disabled_on=&#8221;on|on|on&#8221; _builder_version=&#8221;4.22.2&#8243; _module_preset=&#8221;default&#8221; width=&#8221;100%&#8221; disabled=&#8221;on&#8221; global_colors_info=&#8221;{}&#8221;][et_pb_column type=&#8221;4_4&#8243; _builder_version=&#8221;4.22.2&#8243; _module_preset=&#8221;default&#8221; global_colors_info=&#8221;{}&#8221;][et_pb_text _builder_version=&#8221;4.22.2&#8243; _module_preset=&#8221;default&#8221; text_font_size=&#8221;14px&#8221; text_line_height=&#8221;1.4em&#8221; text_orientation=&#8221;right&#8221; custom_padding=&#8221;20px||||false|false&#8221; global_colors_info=&#8221;{}&#8221;]<\/p>\n<p>Recycled glass on the wall of the outdoor terrace at La Ma\u00e7ana.<\/p>\n<p>Photo by \u00a9suitcaseinspain.<\/p>\n<p>[\/et_pb_text][\/et_pb_column][\/et_pb_row][et_pb_row _builder_version=&#8221;4.22.2&#8243; _module_preset=&#8221;default&#8221; width=&#8221;100%&#8221; global_colors_info=&#8221;{}&#8221;][et_pb_column type=&#8221;4_4&#8243; _builder_version=&#8221;4.22.2&#8243; _module_preset=&#8221;default&#8221; global_colors_info=&#8221;{}&#8221;][et_pb_image src=&#8221;https:\/\/suitcaseinspain.com\/wp-content\/uploads\/2023\/10\/La-Macana-recycled-glass-in-the-outdoor-terrace.jpg&#8221; alt=&#8221;La Ma\u00e7ana recycled glass in the outdoor terrace&#8221; title_text=&#8221;La Ma\u00e7ana recycled glass in the outdoor terrace&#8221; _builder_version=&#8221;4.22.2&#8243; _module_preset=&#8221;default&#8221; custom_padding=&#8221;20px||||false|false&#8221; global_colors_info=&#8221;{}&#8221;][\/et_pb_image][\/et_pb_column][\/et_pb_row][et_pb_row _builder_version=&#8221;4.22.2&#8243; _module_preset=&#8221;default&#8221; width=&#8221;100%&#8221; global_colors_info=&#8221;{}&#8221;][et_pb_column type=&#8221;4_4&#8243; _builder_version=&#8221;4.22.2&#8243; _module_preset=&#8221;default&#8221; global_colors_info=&#8221;{}&#8221;][et_pb_text _builder_version=&#8221;4.22.2&#8243; _module_preset=&#8221;default&#8221; text_font_size=&#8221;14px&#8221; text_line_height=&#8221;1.4em&#8221; text_orientation=&#8221;right&#8221; custom_padding=&#8221;20px||||false|false&#8221; global_colors_info=&#8221;{}&#8221;]<\/p>\n<p>Recycled glass on the wall of the outdoor terrace at La Ma\u00e7ana.<\/p>\n<p>Photo by \u00a9suitcaseinspain.<\/p>\n<p>[\/et_pb_text][et_pb_divider color=&#8221;#F7C621&#8243; divider_position=&#8221;center&#8221; divider_weight=&#8221;2px&#8221; _builder_version=&#8221;4.22.2&#8243; _module_preset=&#8221;default&#8221; max_width=&#8221;35%&#8221; global_colors_info=&#8221;{}&#8221;][\/et_pb_divider][et_pb_text _builder_version=&#8221;4.22.2&#8243; _module_preset=&#8221;default&#8221; header_2_font_size=&#8221;35px&#8221; global_colors_info=&#8221;{}&#8221;]<\/p>\n<h2><span class=\"ez-toc-section\" id=\"The_Tale_of_the_Bar_Counter_Top\"><\/span>The Tale of the Bar Counter Top<span class=\"ez-toc-section-end\"><\/span><\/h2>\n<p>The bar counter top at La Ma\u00e7ana is steeped in history, composed of antique steps from the old town of Alicante. Salvaged by a demolition company, these steps embody the rich heritage of the city, now serving as a focal point in the restaurant, inviting diners to immerse themselves in the essence of Alicante.<\/p>\n<p>[\/et_pb_text][et_pb_image src=&#8221;https:\/\/suitcaseinspain.com\/wp-content\/uploads\/2023\/10\/famous-bar-that-was-part-of-the-old-part-of-Alicante.jpg&#8221; title_text=&#8221;famous bar that was part of the old part of Alicante&#8221; _builder_version=&#8221;4.22.2&#8243; _module_preset=&#8221;default&#8221; global_colors_info=&#8221;{}&#8221;][\/et_pb_image][et_pb_text _builder_version=&#8221;4.22.2&#8243; _module_preset=&#8221;default&#8221; text_font_size=&#8221;14px&#8221; text_line_height=&#8221;1.4em&#8221; text_orientation=&#8221;right&#8221; custom_padding=&#8221;||||false|false&#8221; global_colors_info=&#8221;{}&#8221;]<\/p>\n<p>The bar countertop that was once steps in the historic old town of Alicante with lobster sculptures that welcome you.<\/p>\n<p>Photo by \u00a9suitcaseinspain.<\/p>\n<p>[\/et_pb_text][et_pb_divider color=&#8221;#F7C621&#8243; divider_position=&#8221;center&#8221; divider_weight=&#8221;2px&#8221; _builder_version=&#8221;4.22.2&#8243; _module_preset=&#8221;default&#8221; max_width=&#8221;35%&#8221; global_colors_info=&#8221;{}&#8221;][\/et_pb_divider][et_pb_text _builder_version=&#8221;4.22.2&#8243; _module_preset=&#8221;default&#8221; header_2_font_size=&#8221;35px&#8221; global_colors_info=&#8221;{}&#8221;]<\/p>\n<h2><span class=\"ez-toc-section\" id=\"Favorite_Pieces_and_Their_Stories\"><\/span>Favorite Pieces and Their Stories<span class=\"ez-toc-section-end\"><\/span><\/h2>\n<p>Among Francisco&#8217;s favorite pieces, &#8216;<strong>Cabeza Hueca<\/strong> (Hollow Head)&#8217; delves into the challenges of neurodegenerative diseases, symbolizing the hollowing of emotions and memories. &#8216;<strong>Evoluci\u00f3n en la Proveta<\/strong> (Evolution in the Test Tube)&#8217; reflects on human evolution and genetic alterations, while &#8216;<strong>Caracol Estelar<\/strong> (Stellar Snail)&#8217; alludes to the increasing possibility of extraterrestrial life. &#8216;<strong>El Pensador Cubico<\/strong> (Cubic Thinker)&#8217; explores extreme and thorough ways of thinking.<\/p>\n<p>[\/et_pb_text][\/et_pb_column][\/et_pb_row][et_pb_row column_structure=&#8221;1_2,1_2&#8243; _builder_version=&#8221;4.22.2&#8243; _module_preset=&#8221;default&#8221; width=&#8221;100%&#8221; custom_padding=&#8221;20px||||false|false&#8221; global_colors_info=&#8221;{}&#8221;][et_pb_column type=&#8221;1_2&#8243; _builder_version=&#8221;4.22.2&#8243; _module_preset=&#8221;default&#8221; global_colors_info=&#8221;{}&#8221;][et_pb_image src=&#8221;https:\/\/suitcaseinspain.com\/wp-content\/uploads\/2023\/10\/Hollow-Head.jpg&#8221; alt=&#8221;Hollow Head &#8211; Cabeza hueca&#8221; title_text=&#8221;Hollow Head&#8221; _builder_version=&#8221;4.22.2&#8243; _module_preset=&#8221;default&#8221; global_colors_info=&#8221;{}&#8221;][\/et_pb_image][et_pb_text _builder_version=&#8221;4.22.2&#8243; _module_preset=&#8221;default&#8221; text_font_size=&#8221;14px&#8221; text_line_height=&#8221;1.4em&#8221; global_colors_info=&#8221;{}&#8221;]<\/p>\n<p style=\"text-align: left;\"><strong>Hollow Head<\/strong><\/p>\n<p style=\"text-align: left;\">Geode coated with silica sand and resin mortar, finished with solid pigments.<\/p>\n<p style=\"text-align: right;\">Photo by \u00a9suitcaseinspain.<\/p>\n<p>[\/et_pb_text][\/et_pb_column][et_pb_column type=&#8221;1_2&#8243; _builder_version=&#8221;4.22.2&#8243; _module_preset=&#8221;default&#8221; global_colors_info=&#8221;{}&#8221;][et_pb_image src=&#8221;https:\/\/suitcaseinspain.com\/wp-content\/uploads\/2023\/10\/Evolution-in-the-Test-Tube.jpg&#8221; alt=&#8221;Evolution in the Test Tube &#8211; Evoluci\u00f3n en la probeta&#8221; title_text=&#8221;Evolution in the Test Tube&#8221; _builder_version=&#8221;4.22.2&#8243; _module_preset=&#8221;default&#8221; global_colors_info=&#8221;{}&#8221;][\/et_pb_image][et_pb_text _builder_version=&#8221;4.22.2&#8243; _module_preset=&#8221;default&#8221; text_font_size=&#8221;14px&#8221; text_line_height=&#8221;1.4em&#8221; global_colors_info=&#8221;{}&#8221;]<\/p>\n<p style=\"text-align: left;\"><strong>Evolution in the Test Tube<\/strong><\/p>\n<p style=\"text-align: left;\">Base made of silica sand and resin mortar finished with recycled glass grit.<\/p>\n<p style=\"text-align: right;\">Photo by \u00a9art_llorens.<\/p>\n<p>[\/et_pb_text][\/et_pb_column][\/et_pb_row][et_pb_row column_structure=&#8221;1_2,1_2&#8243; _builder_version=&#8221;4.22.2&#8243; _module_preset=&#8221;default&#8221; width=&#8221;100%&#8221; custom_padding=&#8221;20px||||false|false&#8221; global_colors_info=&#8221;{}&#8221;][et_pb_column type=&#8221;1_2&#8243; _builder_version=&#8221;4.22.2&#8243; _module_preset=&#8221;default&#8221; global_colors_info=&#8221;{}&#8221;][et_pb_image src=&#8221;https:\/\/suitcaseinspain.com\/wp-content\/uploads\/2023\/10\/Stellar-Snail.jpg&#8221; alt=&#8221;Stellar Snail &#8211; Caracol estelar&#8221; title_text=&#8221;Stellar Snail&#8221; _builder_version=&#8221;4.22.2&#8243; _module_preset=&#8221;default&#8221; global_colors_info=&#8221;{}&#8221;][\/et_pb_image][et_pb_text _builder_version=&#8221;4.22.2&#8243; _module_preset=&#8221;default&#8221; text_font_size=&#8221;14px&#8221; text_line_height=&#8221;1.4em&#8221; global_colors_info=&#8221;{}&#8221;]<\/p>\n<p style=\"text-align: left;\"><strong>Stellar Snail<\/strong><\/p>\n<p style=\"text-align: left;\">Silica sand and resin mortar finished with acrylic paints.<\/p>\n<p style=\"text-align: right;\">Photo by \u00a9art_llorens.<\/p>\n<p>[\/et_pb_text][\/et_pb_column][et_pb_column type=&#8221;1_2&#8243; _builder_version=&#8221;4.22.2&#8243; _module_preset=&#8221;default&#8221; global_colors_info=&#8221;{}&#8221;][et_pb_image src=&#8221;https:\/\/suitcaseinspain.com\/wp-content\/uploads\/2023\/10\/Cubic-Thinker.jpg&#8221; alt=&#8221;Cubic Thinker &#8211; Pensador cubico&#8221; title_text=&#8221;Cubic Thinker&#8221; _builder_version=&#8221;4.22.2&#8243; _module_preset=&#8221;default&#8221; global_colors_info=&#8221;{}&#8221;][\/et_pb_image][et_pb_text _builder_version=&#8221;4.22.2&#8243; _module_preset=&#8221;default&#8221; text_font_size=&#8221;14px&#8221; text_line_height=&#8221;1.4em&#8221; global_colors_info=&#8221;{}&#8221;]<\/p>\n<p style=\"text-align: left;\"><strong>Cubic Thinker<\/strong><\/p>\n<p style=\"text-align: left;\">Carving in limestone.<\/p>\n<p style=\"text-align: right;\">Photo by \u00a9art_llorens.<\/p>\n<p>[\/et_pb_text][\/et_pb_column][\/et_pb_row][et_pb_row _builder_version=&#8221;4.22.2&#8243; _module_preset=&#8221;default&#8221; width=&#8221;100%&#8221; custom_padding=&#8221;20px||||false|false&#8221; global_colors_info=&#8221;{}&#8221;][et_pb_column type=&#8221;4_4&#8243; _builder_version=&#8221;4.22.2&#8243; _module_preset=&#8221;default&#8221; global_colors_info=&#8221;{}&#8221;][et_pb_divider color=&#8221;#F7C621&#8243; divider_position=&#8221;center&#8221; divider_weight=&#8221;2px&#8221; _builder_version=&#8221;4.22.2&#8243; _module_preset=&#8221;default&#8221; max_width=&#8221;35%&#8221; global_colors_info=&#8221;{}&#8221;][\/et_pb_divider][\/et_pb_column][\/et_pb_row][et_pb_row _builder_version=&#8221;4.22.2&#8243; _module_preset=&#8221;default&#8221; width=&#8221;100%&#8221; global_colors_info=&#8221;{}&#8221;][et_pb_column type=&#8221;4_4&#8243; _builder_version=&#8221;4.22.2&#8243; _module_preset=&#8221;default&#8221; global_colors_info=&#8221;{}&#8221;][et_pb_text _builder_version=&#8221;4.22.2&#8243; _module_preset=&#8221;default&#8221; header_2_font_size=&#8221;35px&#8221; custom_padding=&#8221;20px||||false|false&#8221; global_colors_info=&#8221;{}&#8221;]<\/p>\n<h2><span class=\"ez-toc-section\" id=\"The_Future_of_Art_at_La_Macana\"><\/span>The Future of Art at La Ma\u00e7ana<span class=\"ez-toc-section-end\"><\/span><\/h2>\n<p>In the future, La Ma\u00e7ana plans to extend its support to aspiring artists by providing a platform for exhibitions. The vision is to nourish not only the palate but also the soul, fostering creativity and allowing artists to share their talents with the world.<\/p>\n<p>[\/et_pb_text][et_pb_text _builder_version=&#8221;4.22.2&#8243; _module_preset=&#8221;default&#8221; header_2_font_size=&#8221;35px&#8221; global_colors_info=&#8221;{}&#8221;]<\/p>\n<h2><span class=\"ez-toc-section\" id=\"Family_the_Heartbeat_of_La_Macana\"><\/span>Family, the Heartbeat of La Ma\u00e7ana<span class=\"ez-toc-section-end\"><\/span><\/h2>\n<p>La Ma\u00e7ana is a true family venture, led by Concepci\u00f3n Garc\u00eda, the manager and head chef, and her son Mario, the master chef. The family&#8217;s involvement is at the core of the restaurant&#8217;s success, offering not just artworks but also culinary combinations that delight customers. The bond of family nurtures creativity and forms the essence of La Ma\u00e7ana.<\/p>\n<p>[\/et_pb_text][\/et_pb_column][\/et_pb_row][et_pb_row _builder_version=&#8221;4.19.3&#8243; _module_preset=&#8221;default&#8221; background_color=&#8221;#2f9a64&#8243; width=&#8221;100%&#8221; custom_margin=&#8221;2em|||1px|false|false&#8221; custom_padding=&#8221;1em|1em|1em|1em|true|true&#8221; box_shadow_style=&#8221;preset4&#8243; box_shadow_color=&#8221;#f7c621&#8243; global_colors_info=&#8221;{}&#8221;][et_pb_column type=&#8221;4_4&#8243; _builder_version=&#8221;4.17.4&#8243; _module_preset=&#8221;default&#8221; global_colors_info=&#8221;{}&#8221;][et_pb_text _builder_version=&#8221;4.22.2&#8243; _module_preset=&#8221;default&#8221; text_text_color=&#8221;#FFFFFF&#8221; global_colors_info=&#8221;{}&#8221;]Head on over to La Ma\u00e7ana in Alicante, Spain and let the fusion of culinary art and sculptural imagination whisk you away on a delightful journey.[\/et_pb_text][\/et_pb_column][\/et_pb_row][\/et_pb_section]<\/p>\n","protected":false},"excerpt":{"rendered":"<p>Discover La Ma\u00e7ana Menjars i Art, where culinary expertise intertwines with sculptural mastery. Explore the artistic journey, recycled materials, and favorite pieces that define this hidden gem in Alicante, Spain.<\/p>","protected":false},"author":1,"featured_media":239846,"comment_status":"closed","ping_status":"open","sticky":false,"template":"","format":"standard","meta":{"_et_pb_use_builder":"on","_et_pb_old_content":"","_et_gb_content_width":"","footnotes":""},"categories":[1336,1322,1347],"tags":[792,3329,3333,3334,3327,3332,314,2725,3325,3326,3330,3328,3331],"class_list":["post-239839","post","type-post","status-publish","format-standard","has-post-thumbnail","hentry","category-conscious-communities","category-culture-history","category-featured-destinations","tag-alicante","tag-artistic-journey","tag-artistic-revelation","tag-creative-fusion","tag-culinary-art","tag-family-venture","tag-gastronomy","tag-hidden-gem","tag-la-macana","tag-menjars-i-art","tag-recycled-materials","tag-sculptural-imagination","tag-sustainable-art"],"yoast_head":"<!-- This site is optimized with the Yoast SEO plugin v27.4 - https:\/\/yoast.com\/product\/yoast-seo-wordpress\/ -->\n<title>When Gastronomy Meets Art: La Ma\u00e7ana Menjars i Art | Suitcase in SPAIN<\/title>\n<meta name=\"description\" content=\"Discover La Ma\u00e7ana Menjars i Art, where culinary expertise intertwines with sculptural mastery. Explore the artistic journey, recycled materials, and favorite pieces that define this hidden gem in Alicante, Spain.\" \/>\n<meta name=\"robots\" content=\"index, follow, max-snippet:-1, max-image-preview:large, max-video-preview:-1\" \/>\n<link rel=\"canonical\" href=\"https:\/\/suitcaseinspain.com\/es\/when-gastronomy-meets-art-la-macana-menjars-i-art\/\" \/>\n<meta property=\"og:locale\" content=\"es_ES\" \/>\n<meta property=\"og:type\" content=\"article\" \/>\n<meta property=\"og:title\" content=\"When Gastronomy Meets Art: La Ma\u00e7ana Menjars i Art | Suitcase in SPAIN\" \/>\n<meta property=\"og:description\" content=\"Discover La Ma\u00e7ana Menjars i Art, where culinary expertise intertwines with sculptural mastery. Explore the artistic journey, recycled materials, and favorite pieces that define this hidden gem in Alicante, Spain.\" \/>\n<meta property=\"og:url\" content=\"https:\/\/suitcaseinspain.com\/es\/when-gastronomy-meets-art-la-macana-menjars-i-art\/\" \/>\n<meta property=\"og:site_name\" content=\"Suitcase in SPAIN\" \/>\n<meta property=\"article:publisher\" content=\"https:\/\/www.facebook.com\/suitcaseinspain\/\" \/>\n<meta property=\"article:published_time\" content=\"2023-10-07T11:55:53+00:00\" \/>\n<meta property=\"article:modified_time\" content=\"2023-10-09T05:39:01+00:00\" \/>\n<meta property=\"og:image\" content=\"https:\/\/suitcaseinspain.com\/wp-content\/uploads\/2023\/10\/La-Macana-Menjars-i-Art-feature-image-2.jpg\" \/>\n\t<meta property=\"og:image:width\" content=\"1200\" \/>\n\t<meta property=\"og:image:height\" content=\"630\" \/>\n\t<meta property=\"og:image:type\" content=\"image\/jpeg\" \/>\n<meta name=\"author\" content=\"JC\" \/>\n<meta name=\"twitter:card\" content=\"summary_large_image\" \/>\n<meta name=\"twitter:label1\" content=\"Escrito por\" \/>\n\t<meta name=\"twitter:data1\" content=\"JC\" \/>\n\t<meta name=\"twitter:label2\" content=\"Tiempo de lectura\" \/>\n\t<meta name=\"twitter:data2\" content=\"7 minutos\" \/>\n<script type=\"application\/ld+json\" class=\"yoast-schema-graph\">{\"@context\":\"https:\\\/\\\/schema.org\",\"@graph\":[{\"@type\":\"Article\",\"@id\":\"https:\\\/\\\/suitcaseinspain.com\\\/when-gastronomy-meets-art-la-macana-menjars-i-art\\\/#article\",\"isPartOf\":{\"@id\":\"https:\\\/\\\/suitcaseinspain.com\\\/when-gastronomy-meets-art-la-macana-menjars-i-art\\\/\"},\"author\":{\"name\":\"JC\",\"@id\":\"https:\\\/\\\/suitcaseinspain.com\\\/#\\\/schema\\\/person\\\/e4dbdf08483aec7c999a57fe5c5ca10c\"},\"headline\":\"When Gastronomy Meets Art: La Ma\u00e7ana Menjars i Art\",\"datePublished\":\"2023-10-07T11:55:53+00:00\",\"dateModified\":\"2023-10-09T05:39:01+00:00\",\"mainEntityOfPage\":{\"@id\":\"https:\\\/\\\/suitcaseinspain.com\\\/when-gastronomy-meets-art-la-macana-menjars-i-art\\\/\"},\"wordCount\":2776,\"publisher\":{\"@id\":\"https:\\\/\\\/suitcaseinspain.com\\\/#organization\"},\"image\":{\"@id\":\"https:\\\/\\\/suitcaseinspain.com\\\/when-gastronomy-meets-art-la-macana-menjars-i-art\\\/#primaryimage\"},\"thumbnailUrl\":\"https:\\\/\\\/suitcaseinspain.com\\\/wp-content\\\/uploads\\\/2023\\\/10\\\/La-Macana-Menjars-i-Art-feature-image-2.jpg\",\"keywords\":[\"Alicante\",\"artistic journey\",\"artistic revelation\",\"creative fusion\",\"culinary art\",\"family venture\",\"gastronomy\",\"hidden gem\",\"La Ma\u00e7ana\",\"Menjars i Art\",\"recycled materials\",\"sculptural imagination\",\"sustainable art\"],\"articleSection\":[\"Conscious Communities\",\"Culture &amp; History\",\"Featured Destinations\"],\"inLanguage\":\"es\"},{\"@type\":\"WebPage\",\"@id\":\"https:\\\/\\\/suitcaseinspain.com\\\/when-gastronomy-meets-art-la-macana-menjars-i-art\\\/\",\"url\":\"https:\\\/\\\/suitcaseinspain.com\\\/when-gastronomy-meets-art-la-macana-menjars-i-art\\\/\",\"name\":\"When Gastronomy Meets Art: La Ma\u00e7ana Menjars i Art | Suitcase in SPAIN\",\"isPartOf\":{\"@id\":\"https:\\\/\\\/suitcaseinspain.com\\\/#website\"},\"primaryImageOfPage\":{\"@id\":\"https:\\\/\\\/suitcaseinspain.com\\\/when-gastronomy-meets-art-la-macana-menjars-i-art\\\/#primaryimage\"},\"image\":{\"@id\":\"https:\\\/\\\/suitcaseinspain.com\\\/when-gastronomy-meets-art-la-macana-menjars-i-art\\\/#primaryimage\"},\"thumbnailUrl\":\"https:\\\/\\\/suitcaseinspain.com\\\/wp-content\\\/uploads\\\/2023\\\/10\\\/La-Macana-Menjars-i-Art-feature-image-2.jpg\",\"datePublished\":\"2023-10-07T11:55:53+00:00\",\"dateModified\":\"2023-10-09T05:39:01+00:00\",\"description\":\"Discover La Ma\u00e7ana Menjars i Art, where culinary expertise intertwines with sculptural mastery. Explore the artistic journey, recycled materials, and favorite pieces that define this hidden gem in Alicante, Spain.\",\"breadcrumb\":{\"@id\":\"https:\\\/\\\/suitcaseinspain.com\\\/when-gastronomy-meets-art-la-macana-menjars-i-art\\\/#breadcrumb\"},\"inLanguage\":\"es\",\"potentialAction\":[{\"@type\":\"ReadAction\",\"target\":[\"https:\\\/\\\/suitcaseinspain.com\\\/when-gastronomy-meets-art-la-macana-menjars-i-art\\\/\"]}]},{\"@type\":\"ImageObject\",\"inLanguage\":\"es\",\"@id\":\"https:\\\/\\\/suitcaseinspain.com\\\/when-gastronomy-meets-art-la-macana-menjars-i-art\\\/#primaryimage\",\"url\":\"https:\\\/\\\/suitcaseinspain.com\\\/wp-content\\\/uploads\\\/2023\\\/10\\\/La-Macana-Menjars-i-Art-feature-image-2.jpg\",\"contentUrl\":\"https:\\\/\\\/suitcaseinspain.com\\\/wp-content\\\/uploads\\\/2023\\\/10\\\/La-Macana-Menjars-i-Art-feature-image-2.jpg\",\"width\":1200,\"height\":630,\"caption\":\"entrance at La Ma\u00e7ana\"},{\"@type\":\"BreadcrumbList\",\"@id\":\"https:\\\/\\\/suitcaseinspain.com\\\/when-gastronomy-meets-art-la-macana-menjars-i-art\\\/#breadcrumb\",\"itemListElement\":[{\"@type\":\"ListItem\",\"position\":1,\"name\":\"Home\",\"item\":\"https:\\\/\\\/suitcaseinspain.com\\\/\"},{\"@type\":\"ListItem\",\"position\":2,\"name\":\"When Gastronomy Meets Art: La Ma\u00e7ana Menjars i Art\"}]},{\"@type\":\"WebSite\",\"@id\":\"https:\\\/\\\/suitcaseinspain.com\\\/#website\",\"url\":\"https:\\\/\\\/suitcaseinspain.com\\\/\",\"name\":\"Suitcase in SPAIN\",\"description\":\"La Vida Loca in Spain\",\"publisher\":{\"@id\":\"https:\\\/\\\/suitcaseinspain.com\\\/#organization\"},\"potentialAction\":[{\"@type\":\"SearchAction\",\"target\":{\"@type\":\"EntryPoint\",\"urlTemplate\":\"https:\\\/\\\/suitcaseinspain.com\\\/?s={search_term_string}\"},\"query-input\":{\"@type\":\"PropertyValueSpecification\",\"valueRequired\":true,\"valueName\":\"search_term_string\"}}],\"inLanguage\":\"es\"},{\"@type\":\"Organization\",\"@id\":\"https:\\\/\\\/suitcaseinspain.com\\\/#organization\",\"name\":\"Suitcase in SPAIN\",\"url\":\"https:\\\/\\\/suitcaseinspain.com\\\/\",\"logo\":{\"@type\":\"ImageObject\",\"inLanguage\":\"es\",\"@id\":\"https:\\\/\\\/suitcaseinspain.com\\\/#\\\/schema\\\/logo\\\/image\\\/\",\"url\":\"https:\\\/\\\/suitcaseinspain.com\\\/wp-content\\\/uploads\\\/2022\\\/08\\\/Suitcase_in_Spain_Logo.jpg\",\"contentUrl\":\"https:\\\/\\\/suitcaseinspain.com\\\/wp-content\\\/uploads\\\/2022\\\/08\\\/Suitcase_in_Spain_Logo.jpg\",\"width\":1251,\"height\":1251,\"caption\":\"Suitcase in SPAIN\"},\"image\":{\"@id\":\"https:\\\/\\\/suitcaseinspain.com\\\/#\\\/schema\\\/logo\\\/image\\\/\"},\"sameAs\":[\"https:\\\/\\\/www.facebook.com\\\/suitcaseinspain\\\/\",\"https:\\\/\\\/www.instagram.com\\\/suitcaseinspain\\\/\",\"https:\\\/\\\/www.youtube.com\\\/@suitcaseinspain\"]},{\"@type\":\"Person\",\"@id\":\"https:\\\/\\\/suitcaseinspain.com\\\/#\\\/schema\\\/person\\\/e4dbdf08483aec7c999a57fe5c5ca10c\",\"name\":\"JC\",\"image\":{\"@type\":\"ImageObject\",\"inLanguage\":\"es\",\"@id\":\"https:\\\/\\\/secure.gravatar.com\\\/avatar\\\/21838357e1dda97dfa833deac8e4adce02bc41fe729bc4380ce6f9ed456e1b46?s=96&d=identicon&r=g\",\"url\":\"https:\\\/\\\/secure.gravatar.com\\\/avatar\\\/21838357e1dda97dfa833deac8e4adce02bc41fe729bc4380ce6f9ed456e1b46?s=96&d=identicon&r=g\",\"contentUrl\":\"https:\\\/\\\/secure.gravatar.com\\\/avatar\\\/21838357e1dda97dfa833deac8e4adce02bc41fe729bc4380ce6f9ed456e1b46?s=96&d=identicon&r=g\",\"caption\":\"JC\"},\"url\":\"https:\\\/\\\/suitcaseinspain.com\\\/es\\\/author\\\/leblj\\\/\"}]}<\/script>\n<!-- \/ Yoast SEO plugin. -->","yoast_head_json":{"title":"When Gastronomy Meets Art: La Ma\u00e7ana Menjars i Art | Suitcase in SPAIN","description":"Discover La Ma\u00e7ana Menjars i Art, where culinary expertise intertwines with sculptural mastery. Explore the artistic journey, recycled materials, and favorite pieces that define this hidden gem in Alicante, Spain.","robots":{"index":"index","follow":"follow","max-snippet":"max-snippet:-1","max-image-preview":"max-image-preview:large","max-video-preview":"max-video-preview:-1"},"canonical":"https:\/\/suitcaseinspain.com\/es\/when-gastronomy-meets-art-la-macana-menjars-i-art\/","og_locale":"es_ES","og_type":"article","og_title":"When Gastronomy Meets Art: La Ma\u00e7ana Menjars i Art | Suitcase in SPAIN","og_description":"Discover La Ma\u00e7ana Menjars i Art, where culinary expertise intertwines with sculptural mastery. Explore the artistic journey, recycled materials, and favorite pieces that define this hidden gem in Alicante, Spain.","og_url":"https:\/\/suitcaseinspain.com\/es\/when-gastronomy-meets-art-la-macana-menjars-i-art\/","og_site_name":"Suitcase in SPAIN","article_publisher":"https:\/\/www.facebook.com\/suitcaseinspain\/","article_published_time":"2023-10-07T11:55:53+00:00","article_modified_time":"2023-10-09T05:39:01+00:00","og_image":[{"width":1200,"height":630,"url":"https:\/\/suitcaseinspain.com\/wp-content\/uploads\/2023\/10\/La-Macana-Menjars-i-Art-feature-image-2.jpg","type":"image\/jpeg"}],"author":"JC","twitter_card":"summary_large_image","twitter_misc":{"Escrito por":"JC","Tiempo de lectura":"7 minutos"},"schema":{"@context":"https:\/\/schema.org","@graph":[{"@type":"Article","@id":"https:\/\/suitcaseinspain.com\/when-gastronomy-meets-art-la-macana-menjars-i-art\/#article","isPartOf":{"@id":"https:\/\/suitcaseinspain.com\/when-gastronomy-meets-art-la-macana-menjars-i-art\/"},"author":{"name":"JC","@id":"https:\/\/suitcaseinspain.com\/#\/schema\/person\/e4dbdf08483aec7c999a57fe5c5ca10c"},"headline":"When Gastronomy Meets Art: La Ma\u00e7ana Menjars i Art","datePublished":"2023-10-07T11:55:53+00:00","dateModified":"2023-10-09T05:39:01+00:00","mainEntityOfPage":{"@id":"https:\/\/suitcaseinspain.com\/when-gastronomy-meets-art-la-macana-menjars-i-art\/"},"wordCount":2776,"publisher":{"@id":"https:\/\/suitcaseinspain.com\/#organization"},"image":{"@id":"https:\/\/suitcaseinspain.com\/when-gastronomy-meets-art-la-macana-menjars-i-art\/#primaryimage"},"thumbnailUrl":"https:\/\/suitcaseinspain.com\/wp-content\/uploads\/2023\/10\/La-Macana-Menjars-i-Art-feature-image-2.jpg","keywords":["Alicante","artistic journey","artistic revelation","creative fusion","culinary art","family venture","gastronomy","hidden gem","La Ma\u00e7ana","Menjars i Art","recycled materials","sculptural imagination","sustainable art"],"articleSection":["Conscious Communities","Culture &amp; History","Featured Destinations"],"inLanguage":"es"},{"@type":"WebPage","@id":"https:\/\/suitcaseinspain.com\/when-gastronomy-meets-art-la-macana-menjars-i-art\/","url":"https:\/\/suitcaseinspain.com\/when-gastronomy-meets-art-la-macana-menjars-i-art\/","name":"When Gastronomy Meets Art: La Ma\u00e7ana Menjars i Art | Suitcase in SPAIN","isPartOf":{"@id":"https:\/\/suitcaseinspain.com\/#website"},"primaryImageOfPage":{"@id":"https:\/\/suitcaseinspain.com\/when-gastronomy-meets-art-la-macana-menjars-i-art\/#primaryimage"},"image":{"@id":"https:\/\/suitcaseinspain.com\/when-gastronomy-meets-art-la-macana-menjars-i-art\/#primaryimage"},"thumbnailUrl":"https:\/\/suitcaseinspain.com\/wp-content\/uploads\/2023\/10\/La-Macana-Menjars-i-Art-feature-image-2.jpg","datePublished":"2023-10-07T11:55:53+00:00","dateModified":"2023-10-09T05:39:01+00:00","description":"Discover La Ma\u00e7ana Menjars i Art, where culinary expertise intertwines with sculptural mastery. Explore the artistic journey, recycled materials, and favorite pieces that define this hidden gem in Alicante, Spain.","breadcrumb":{"@id":"https:\/\/suitcaseinspain.com\/when-gastronomy-meets-art-la-macana-menjars-i-art\/#breadcrumb"},"inLanguage":"es","potentialAction":[{"@type":"ReadAction","target":["https:\/\/suitcaseinspain.com\/when-gastronomy-meets-art-la-macana-menjars-i-art\/"]}]},{"@type":"ImageObject","inLanguage":"es","@id":"https:\/\/suitcaseinspain.com\/when-gastronomy-meets-art-la-macana-menjars-i-art\/#primaryimage","url":"https:\/\/suitcaseinspain.com\/wp-content\/uploads\/2023\/10\/La-Macana-Menjars-i-Art-feature-image-2.jpg","contentUrl":"https:\/\/suitcaseinspain.com\/wp-content\/uploads\/2023\/10\/La-Macana-Menjars-i-Art-feature-image-2.jpg","width":1200,"height":630,"caption":"entrance at La Ma\u00e7ana"},{"@type":"BreadcrumbList","@id":"https:\/\/suitcaseinspain.com\/when-gastronomy-meets-art-la-macana-menjars-i-art\/#breadcrumb","itemListElement":[{"@type":"ListItem","position":1,"name":"Home","item":"https:\/\/suitcaseinspain.com\/"},{"@type":"ListItem","position":2,"name":"When Gastronomy Meets Art: La Ma\u00e7ana Menjars i Art"}]},{"@type":"WebSite","@id":"https:\/\/suitcaseinspain.com\/#website","url":"https:\/\/suitcaseinspain.com\/","name":"Suitcase in SPAIN","description":"La Vida Loca in Spain","publisher":{"@id":"https:\/\/suitcaseinspain.com\/#organization"},"potentialAction":[{"@type":"SearchAction","target":{"@type":"EntryPoint","urlTemplate":"https:\/\/suitcaseinspain.com\/?s={search_term_string}"},"query-input":{"@type":"PropertyValueSpecification","valueRequired":true,"valueName":"search_term_string"}}],"inLanguage":"es"},{"@type":"Organization","@id":"https:\/\/suitcaseinspain.com\/#organization","name":"Suitcase in SPAIN","url":"https:\/\/suitcaseinspain.com\/","logo":{"@type":"ImageObject","inLanguage":"es","@id":"https:\/\/suitcaseinspain.com\/#\/schema\/logo\/image\/","url":"https:\/\/suitcaseinspain.com\/wp-content\/uploads\/2022\/08\/Suitcase_in_Spain_Logo.jpg","contentUrl":"https:\/\/suitcaseinspain.com\/wp-content\/uploads\/2022\/08\/Suitcase_in_Spain_Logo.jpg","width":1251,"height":1251,"caption":"Suitcase in SPAIN"},"image":{"@id":"https:\/\/suitcaseinspain.com\/#\/schema\/logo\/image\/"},"sameAs":["https:\/\/www.facebook.com\/suitcaseinspain\/","https:\/\/www.instagram.com\/suitcaseinspain\/","https:\/\/www.youtube.com\/@suitcaseinspain"]},{"@type":"Person","@id":"https:\/\/suitcaseinspain.com\/#\/schema\/person\/e4dbdf08483aec7c999a57fe5c5ca10c","name":"JC","image":{"@type":"ImageObject","inLanguage":"es","@id":"https:\/\/secure.gravatar.com\/avatar\/21838357e1dda97dfa833deac8e4adce02bc41fe729bc4380ce6f9ed456e1b46?s=96&d=identicon&r=g","url":"https:\/\/secure.gravatar.com\/avatar\/21838357e1dda97dfa833deac8e4adce02bc41fe729bc4380ce6f9ed456e1b46?s=96&d=identicon&r=g","contentUrl":"https:\/\/secure.gravatar.com\/avatar\/21838357e1dda97dfa833deac8e4adce02bc41fe729bc4380ce6f9ed456e1b46?s=96&d=identicon&r=g","caption":"JC"},"url":"https:\/\/suitcaseinspain.com\/es\/author\/leblj\/"}]}},"_links":{"self":[{"href":"https:\/\/suitcaseinspain.com\/es\/wp-json\/wp\/v2\/posts\/239839","targetHints":{"allow":["GET"]}}],"collection":[{"href":"https:\/\/suitcaseinspain.com\/es\/wp-json\/wp\/v2\/posts"}],"about":[{"href":"https:\/\/suitcaseinspain.com\/es\/wp-json\/wp\/v2\/types\/post"}],"author":[{"embeddable":true,"href":"https:\/\/suitcaseinspain.com\/es\/wp-json\/wp\/v2\/users\/1"}],"replies":[{"embeddable":true,"href":"https:\/\/suitcaseinspain.com\/es\/wp-json\/wp\/v2\/comments?post=239839"}],"version-history":[{"count":0,"href":"https:\/\/suitcaseinspain.com\/es\/wp-json\/wp\/v2\/posts\/239839\/revisions"}],"wp:featuredmedia":[{"embeddable":true,"href":"https:\/\/suitcaseinspain.com\/es\/wp-json\/wp\/v2\/media\/239846"}],"wp:attachment":[{"href":"https:\/\/suitcaseinspain.com\/es\/wp-json\/wp\/v2\/media?parent=239839"}],"wp:term":[{"taxonomy":"category","embeddable":true,"href":"https:\/\/suitcaseinspain.com\/es\/wp-json\/wp\/v2\/categories?post=239839"},{"taxonomy":"post_tag","embeddable":true,"href":"https:\/\/suitcaseinspain.com\/es\/wp-json\/wp\/v2\/tags?post=239839"}],"curies":[{"name":"wp","href":"https:\/\/api.w.org\/{rel}","templated":true}]}}